{"id":830306,"date":"2026-02-27T18:01:14","date_gmt":"2026-02-27T18:01:14","guid":{"rendered":"https:\/\/www.europesays.com\/de\/830306\/"},"modified":"2026-02-27T18:01:14","modified_gmt":"2026-02-27T18:01:14","slug":"auswaertiges-amt-raet-dringend-von-reisen-nach-israel-ab","status":"publish","type":"post","link":"https:\/\/www.europesays.com\/de\/830306\/","title":{"rendered":"Ausw\u00e4rtiges Amt r\u00e4t &#8222;dringend&#8220; von Reisen nach Israel ab"},"content":{"rendered":"<p class=\"text-18 leading-17 user-text-lg:text-22 user-text-xl:text-24\">Die &#8222;Gerald R. Ford&#8220; und ihre Begleitkampfschiffe sind Teil einer Verst\u00e4rkung amerikanischer Seestreitkr\u00e4fte im Nahen Osten, die inmitten festgefahrener diplomatischer Verhandlungen mit dem Iran und anhaltender regionaler Spannungen Pr\u00e4senz vor der K\u00fcste Israels aufbauen sollen.<\/p>\n<p class=\"text-18 leading-17 user-text-lg:text-22 user-text-xl:text-24\">Die Verlegung des Tr\u00e4gers war zuvor als bevorstehende Ankunft vor Israel gemeldet worden. Die US-Marine hat offiziell keine Details zum weiteren Einsatzort oder etwaigen Anlegepl\u00e4nen best\u00e4tigt.<\/p>\n<p class=\"text-18 leading-17 user-text-lg:text-22 user-text-xl:text-24\">Die USA genehmigen angesichts der Sicherheitslage die Ausreise von Teilen ihres Botschaftspersonals und deren Familien aus Israel. Dies teilt die US-Botschaft auf der Plattform X mit. Zudem r\u00e4t die Vertretung US-B\u00fcrgern, eine Ausreise in <br \/>Betracht zu ziehen, solange noch kommerzielle Fl\u00fcge verf\u00fcgbar sind. Alle Mitarbeiter, die Israel verlassen m\u00f6chten, sollten dies &#8222;heute&#8220; tun. Auch Bewegungseinschr\u00e4nkungen f\u00fcr Regierungsmitarbeiter in Jerusalem und dem <a class=\"transition-colors duration-200 cursor-pointer text-inherit no-underline text-salemsfur md:hover:text-magenta md:hover:border-magenta md:focus:text-magenta border-current border-b border-solid break-words\" href=\"https:\/\/www.t-online.de\/themen\/westjordanland\/\" data-sctrack=\"BodyAnchor\" rel=\"nofollow noopener\" target=\"_blank\">Westjordanland<\/a> seien m\u00f6glich.<\/p>\n<p class=\"text-18 leading-17 user-text-lg:text-22 user-text-xl:text-24\">US-Vizepr\u00e4sident JD Vance hat Sorgen vor m\u00f6glichen Konsequenzen eines US-Angriffs auf den Iran zur\u00fcckgewiesen. Es bestehe &#8222;keine Chance&#8220;, dass ein solcher Schlag gegen Teheran die USA &#8222;jahrelang in einen Krieg im Nahen Osten&#8220; verwickeln w\u00fcrde, &#8222;ohne dass ein Ende in Sicht ist&#8220;, sagte Vance in einem am Donnerstag ver\u00f6ffentlichten Interview mit der &#8222;Washington Post&#8220;. US-Pr\u00e4sident <a class=\"transition-colors duration-200 cursor-pointer text-inherit no-underline text-salemsfur md:hover:text-magenta md:hover:border-magenta md:focus:text-magenta border-current border-b border-solid break-words\" href=\"https:\/\/www.t-online.de\/themen\/donald-trump\/\" data-sctrack=\"BodyAnchor\" rel=\"nofollow noopener\" target=\"_blank\">Donald Trump<\/a> hatte einen solchen Schritt zuletzt in Erw\u00e4gung gezogen.<\/p>\n<p class=\"text-18 leading-17 user-text-lg:text-22 user-text-xl:text-24\">Alle w\u00fcrden die &#8222;diplomatische Option&#8220; bevorzugen, betonte der US-Vizepr\u00e4sident, der als US-Marinesoldat im Irakkrieg gedient hat. &#8222;Aber es h\u00e4ngt wirklich davon ab, was die Iraner tun und was sie sagen&#8220;, sagte er.<\/p>\n<p class=\"text-18 leading-17 user-text-lg:text-22 user-text-xl:text-24\">Der omanische Au\u00dfenminister Badr Al Busaidi will einem Medienbericht zufolge bei <br \/>Gespr\u00e4chen in <a class=\"transition-colors duration-200 cursor-pointer text-inherit no-underline text-salemsfur md:hover:text-magenta md:hover:border-magenta md:focus:text-magenta border-current border-b border-solid break-words\" href=\"https:\/\/www.t-online.de\/themen\/washington\/\" data-sctrack=\"BodyAnchor\" rel=\"nofollow noopener\" target=\"_blank\">Washington<\/a> einen Krieg mit dem Iran abwenden. Er werde dazu am <br \/>Freitag mit US-Vizepr\u00e4sident JD Vance und anderen US-Vertretern zusammenkommen, berichtet der US-Sender MS Now.<\/p>\n<p class=\"text-18 leading-17 user-text-lg:text-22 user-text-xl:text-24\">Die erste Kamikaze-Drohnen-Einheit des Pentagon ist bereit zum Einsatz, sollte Pr\u00e4sident Donald Trump beschlie\u00dfen, Angriffe auf den Iran zu starten, so US-Beamte und Analysten. Die Drohneneinheit ist unter dem Namen &#8222;Task Force Scorpion&#8220; bekannt und ging aus einer experimentellen Drohneneinheit des US-Milit\u00e4rs hervor.<\/p>\n<p class=\"text-18 leading-17 user-text-lg:text-22 user-text-xl:text-24\">Sie ist nun einsatzbereit, wie der Sprecher des US-Zentralkommandos, Captain Tim Hawkins, in einer per E-Mail verschickten Erkl\u00e4rung mitteilte. &#8222;Wir haben die Staffel im letzten Jahr gegr\u00fcndet, um unsere Soldaten schnell mit neuen, sich st\u00e4ndig weiterentwickelnden Kampfdrohnen auszustatten&#8220;, sagte er.<\/p>\n","protected":false},"excerpt":{"rendered":"Die &#8222;Gerald R. Ford&#8220; und ihre Begleitkampfschiffe sind Teil einer Verst\u00e4rkung amerikanischer Seestreitkr\u00e4fte im Nahen Osten, die inmitten&hellip;\n","protected":false},"author":2,"featured_media":830307,"comment_status":"","ping_status":"","sticky":false,"template":"","format":"standard","meta":{"footnotes":"","_share_on_mastodon":"0"},"categories":[3977],"tags":[1217,326,848,331,332,346,38,185799,29,106,1478,156,2416,37303,139005,13,18544,345,411,448,120304,10544,30730,7296,185798,73882,14,15,3129,15643,116374,129399,3186,185800,12,14564,9976,4017,4018,4016,64,4019,4020,62329],"class_list":["post-830306","post","type-post","status-publish","format-standard","has-post-thumbnail","category-usa","tag-1217","tag-326","tag-aa","tag-aktuelle-nachrichten","tag-aktuelle-news","tag-atomprogramm","tag-auswaertiges-amt","tag-badr-al-busaidi","tag-deutschland","tag-donald-trump","tag-drohne","tag-frankreich","tag-gedenkstaette","tag-genf","tag-gerald-r-ford","tag-headlines","tag-hisbollah","tag-iran","tag-israel","tag-j-d-vance","tag-jared-kushner","tag-jemen","tag-jerusalem","tag-libanon","tag-luftschutzraum","tag-mike-huckabee","tag-nachrichten","tag-news","tag-newsblog","tag-oman","tag-ostjerusalem","tag-r-ford","tag-reuters","tag-schimon-tubul","tag-schlagzeilen","tag-steve-witkoff","tag-teheran","tag-united-states","tag-united-states-of-america","tag-us","tag-usa","tag-vereinigte-staaten","tag-vereinigte-staaten-von-amerika","tag-yad-vashem"],"share_on_mastodon":{"url":"","error":"Validation failed: Text character limit of 500 exceeded"},"_links":{"self":[{"href":"https:\/\/www.europesays.com\/de\/wp-json\/wp\/v2\/posts\/830306","targetHints":{"allow":["GET"]}}],"collection":[{"href":"https:\/\/www.europesays.com\/de\/wp-json\/wp\/v2\/posts"}],"about":[{"href":"https:\/\/www.europesays.com\/de\/wp-json\/wp\/v2\/types\/post"}],"author":[{"embeddable":true,"href":"https:\/\/www.europesays.com\/de\/wp-json\/wp\/v2\/users\/2"}],"replies":[{"embeddable":true,"href":"https:\/\/www.europesays.com\/de\/wp-json\/wp\/v2\/comments?post=830306"}],"version-history":[{"count":0,"href":"https:\/\/www.europesays.com\/de\/wp-json\/wp\/v2\/posts\/830306\/revisions"}],"wp:featuredmedia":[{"embeddable":true,"href":"https:\/\/www.europesays.com\/de\/wp-json\/wp\/v2\/media\/830307"}],"wp:attachment":[{"href":"https:\/\/www.europesays.com\/de\/wp-json\/wp\/v2\/media?parent=830306"}],"wp:term":[{"taxonomy":"category","embeddable":true,"href":"https:\/\/www.europesays.com\/de\/wp-json\/wp\/v2\/categories?post=830306"},{"taxonomy":"post_tag","embeddable":true,"href":"https:\/\/www.europesays.com\/de\/wp-json\/wp\/v2\/tags?post=830306"}],"curies":[{"name":"wp","href":"https:\/\/api.w.org\/{rel}","templated":true}]}}