{"id":830326,"date":"2026-02-27T18:12:16","date_gmt":"2026-02-27T18:12:16","guid":{"rendered":"https:\/\/www.europesays.com\/de\/830326\/"},"modified":"2026-02-27T18:12:16","modified_gmt":"2026-02-27T18:12:16","slug":"mord-in-duisburg-ex-freund-von-toter-aus-dem-wald-festgenommen-regional","status":"publish","type":"post","link":"https:\/\/www.europesays.com\/de\/830326\/","title":{"rendered":"Mord in Duisburg: Ex-Freund von Toter aus dem Wald festgenommen | Regional"},"content":{"rendered":"<p><a class=\"skip-content skip-content--link\" href=\"#in-content-skip-link-target-v-0-0\">TTS-Player \u00fcberspringen\u21b5<\/a><a id=\"in-content-skip-link-target-v-0-0\" class=\"skip-content--target-link-hidden skip-content skip-content--target-link\" href=\"#in-content-skip-link-target-v-0-0\">Artikel weiterlesen<\/a><\/p>\n<p>Duisburg (Nordrhein-Westfalen) \u2013 <b>Nach dem Fund einer Frauenleiche in einem Wald im Duisburger Stadtteil Beeck hat die Polizei am Freitag einen Tatverd\u00e4chtigen (23) festgenommen. Er steht unter dem dringenden Verdacht, die junge Mutter get\u00f6tet zu haben.<\/b><\/p>\n<p>Wie BILD erfuhr, soll es sich bei dem 23-j\u00e4hrigen Bulgaren um den Ex-Partner des Opfers handeln. Das Motiv f\u00fcr das <a href=\"https:\/\/www.bild.de\/news\/aktuelles\/verbrechen\/verbrechen-alle-infos-78141902.bild.html\" class=\"text-link\" rel=\"nofollow noopener\" target=\"_blank\">Verbrechen<\/a> ist laut Ermittlern bislang v\u00f6llig unklar. Am Vortag sei bereits die Wohnung des Mannes durchsucht worden. Er wurde im Duisburger Stadtteil Marxloh (<a href=\"https:\/\/www.bild.de\/regional\/nordrhein-westfalen\/home-npIP0qL0giWP1ZFIOHn2\" class=\"text-link\" rel=\"nofollow noopener\" target=\"_blank\">NRW<\/a>) gefasst.<\/p>\n<p><img decoding=\"async\" width=\"992\" height=\"1375\" alt=\"Mit diesem Foto suchte die Polizei nach der vermissten Frau\" src=\"https:\/\/www.europesays.com\/de\/wp-content\/uploads\/2026\/02\/12aeaa864caa281f9564987654514757,22081e28.jpeg\"   class=\"dynamic\" loading=\"lazy\"\/><\/p>\n<p class=\"fig__caption__text\">Mit diesem Foto suchte die Polizei nach der vermissten Frau<\/p>\n<p>Foto: Polizei Wesel; Vincent Kempf<\/p>\n<p>Opfer ging seit 23. Januar nicht mehr ans Telefon<\/p>\n<p>Die Frau war <a href=\"https:\/\/www.bild.de\/regional\/nordrhein-westfalen\/polizei-in-duisburg-ermittelt-arbeiter-entdeckenleiche-einer-jungen-frau-699e92aa27a5c5743576627f\" class=\"text-link\" rel=\"nofollow noopener\" target=\"_blank\">am Mittwoch tot im Wald bei Duisburg-Beek aufgefunden<\/a> worden. Nach ersten Erkenntnissen lag sie dort mehrere Wochen. Nach einer <a href=\"https:\/\/www.bild.de\/news\/aktuelles\/vermisste-personen\/thema-vermisste-personen-alle-infos-80909876.bild.html\" class=\"text-link\" rel=\"nofollow noopener\" target=\"_blank\">Vermisstenmeldung<\/a> hatte die Polizei bereits nach der 23-J\u00e4hrigen aus Moers gesucht und \u00f6ffentlich nach ihr gefahndet. Ihr Bruder hatte angegeben, seit dem 23. Januar keinen Kontakt mehr zu ihr gehabt zu haben. Zudem sei die Mutter von zwei Kindern nicht nach Hause zur\u00fcckgekehrt und nicht mehr ans Telefon gegangen.<\/p>\n<p>Mehr zum Thema<\/p>\n<p>Nachdem Arbeiter die Leiche entdeckt hatten, sicherte die <a href=\"https:\/\/www.bild.de\/regional\/aktuelles\/polizei\/polizeieinsatz-alle-infos-76681760.bild.html\" class=\"text-link\" rel=\"nofollow noopener\" target=\"_blank\">Polizei<\/a> noch in der Nacht Spuren in dem Waldgebiet nahe einem Bahndamm im Norden von Duisburg. Eine <a href=\"https:\/\/www.bild.de\/themen\/ereignisse\/mord\/nachrichten-news-fotos-videos-21394242.bild.html\" class=\"text-link\" rel=\"nofollow noopener\" target=\"_blank\">Mordkommission<\/a> \u00fcbernahm die Ermittlungen. Aufgrund des Zustandes der Leiche konnte die Identit\u00e4t der Frau erst mit Verz\u00f6gerung festgestellt werden.<\/p>\n","protected":false},"excerpt":{"rendered":"TTS-Player \u00fcberspringen\u21b5Artikel weiterlesen Duisburg (Nordrhein-Westfalen) \u2013 Nach dem Fund einer Frauenleiche in einem Wald im Duisburger Stadtteil Beeck&hellip;\n","protected":false},"author":2,"featured_media":830327,"comment_status":"","ping_status":"","sticky":false,"template":"","format":"standard","meta":{"footnotes":"","_share_on_mastodon":"0"},"categories":[1838],"tags":[3364,29,3715,26976,6063,980,30,584,2183,2290,15377,1209,15376,138370,45,119],"class_list":["post-830326","post","type-post","status-publish","format-standard","has-post-thumbnail","category-duisburg","tag-de","tag-deutschland","tag-duisburg","tag-ex-freund","tag-femizid","tag-festnahme","tag-germany","tag-leiche","tag-mord","tag-mordkommission","tag-mordverdacht","tag-nordrhein-westfalen","tag-schneider-frank","tag-team-first","tag-texttospeech","tag-vermisste-personen"],"share_on_mastodon":{"url":"https:\/\/pubeurope.com\/@de\/116143950870427526","error":""},"_links":{"self":[{"href":"https:\/\/www.europesays.com\/de\/wp-json\/wp\/v2\/posts\/830326","targetHints":{"allow":["GET"]}}],"collection":[{"href":"https:\/\/www.europesays.com\/de\/wp-json\/wp\/v2\/posts"}],"about":[{"href":"https:\/\/www.europesays.com\/de\/wp-json\/wp\/v2\/types\/post"}],"author":[{"embeddable":true,"href":"https:\/\/www.europesays.com\/de\/wp-json\/wp\/v2\/users\/2"}],"replies":[{"embeddable":true,"href":"https:\/\/www.europesays.com\/de\/wp-json\/wp\/v2\/comments?post=830326"}],"version-history":[{"count":0,"href":"https:\/\/www.europesays.com\/de\/wp-json\/wp\/v2\/posts\/830326\/revisions"}],"wp:featuredmedia":[{"embeddable":true,"href":"https:\/\/www.europesays.com\/de\/wp-json\/wp\/v2\/media\/830327"}],"wp:attachment":[{"href":"https:\/\/www.europesays.com\/de\/wp-json\/wp\/v2\/media?parent=830326"}],"wp:term":[{"taxonomy":"category","embeddable":true,"href":"https:\/\/www.europesays.com\/de\/wp-json\/wp\/v2\/categories?post=830326"},{"taxonomy":"post_tag","embeddable":true,"href":"https:\/\/www.europesays.com\/de\/wp-json\/wp\/v2\/tags?post=830326"}],"curies":[{"name":"wp","href":"https:\/\/api.w.org\/{rel}","templated":true}]}}