{"id":830337,"date":"2026-02-27T18:18:14","date_gmt":"2026-02-27T18:18:14","guid":{"rendered":"https:\/\/www.europesays.com\/de\/830337\/"},"modified":"2026-02-27T18:18:14","modified_gmt":"2026-02-27T18:18:14","slug":"autobahn-17-dresden-prag-beidseitig-gesperrt-probleme-in-tunnel","status":"publish","type":"post","link":"https:\/\/www.europesays.com\/de\/830337\/","title":{"rendered":"Autobahn 17 Dresden &#8211; Prag beidseitig gesperrt: Probleme in Tunnel"},"content":{"rendered":"<p class=\"text\">\nDie Autobahn 17 Dresden &#8211; Prag ist zwischen Dresden-Gorbitz und Dresden-S\u00fcdvorstadt in beiden Richtungen gesperrt. Nach MDR-Informationen ist in der Tunnelkette der Strom ausgefallen. Unklar ist, wie lange die Sperrung bestehen bleibt. &#8222;Ein Ende ist nicht absehbar&#8220;, sagte die Autobahnpolizei MDR SACHSEN.\n<\/p>\n<p>St\u00f6rung in der Hauptenergieversorgung<\/p>\n<p class=\"text\">\nZum Stromausfall sagte die Autobahn GmbH des Bundes: &#8222;Aufgrund einer St\u00f6rung der Hauptenergieversorgung der Tunnelkette Cosch\u00fctz, D\u00f6lzschen und Altfranken sind die Tunnel in beiden Fahrtrichtungen derzeit voll gesperrt.&#8220; Der Verkehr werde \u00fcber die U15 und U15 umgeleitet.\n<\/p>\n<p class=\"text\">\nDas k\u00fcrzlich reparierte Back-Up-System der Stromversorgung habe &#8222;zuverl\u00e4ssig&#8220; reagiert und &#8222;den Verkehr sicher und unter weiterhin vorhandener Beleuchtung abflie\u00dfen&#8220; lassen. Dann habe das System eine automatische Tunnelsperrung eingeleitet.\n<\/p>\n<p>Stau am Abend in beide Richtungen<\/p>\n<p class=\"text\">\nMittlerweile staut sich der Verkehr in Richtung Prag bis zum Dreieck Dresden-West und in Richtung Dresden bis Heidenau, meldet der MDR-Verkehrsdienst (Stand: 19 Uhr).<\/p>\n","protected":false},"excerpt":{"rendered":"Die Autobahn 17 Dresden &#8211; Prag ist zwischen Dresden-Gorbitz und Dresden-S\u00fcdvorstadt in beiden Richtungen gesperrt. Nach MDR-Informationen ist&hellip;\n","protected":false},"author":2,"featured_media":830338,"comment_status":"","ping_status":"","sticky":false,"template":"","format":"standard","meta":{"footnotes":"","_share_on_mastodon":"0"},"categories":[1835],"tags":[25316,185805,3364,29,2386,30,81,14,859,5667,4733],"class_list":["post-830337","post","type-post","status-publish","format-standard","has-post-thumbnail","category-dresden","tag-a17","tag-autobahnsperre","tag-de","tag-deutschland","tag-dresden","tag-germany","tag-mdr","tag-nachrichten","tag-sachsen","tag-stromausfall","tag-tunnel"],"share_on_mastodon":{"url":"https:\/\/pubeurope.com\/@de\/116143974441355529","error":""},"_links":{"self":[{"href":"https:\/\/www.europesays.com\/de\/wp-json\/wp\/v2\/posts\/830337","targetHints":{"allow":["GET"]}}],"collection":[{"href":"https:\/\/www.europesays.com\/de\/wp-json\/wp\/v2\/posts"}],"about":[{"href":"https:\/\/www.europesays.com\/de\/wp-json\/wp\/v2\/types\/post"}],"author":[{"embeddable":true,"href":"https:\/\/www.europesays.com\/de\/wp-json\/wp\/v2\/users\/2"}],"replies":[{"embeddable":true,"href":"https:\/\/www.europesays.com\/de\/wp-json\/wp\/v2\/comments?post=830337"}],"version-history":[{"count":0,"href":"https:\/\/www.europesays.com\/de\/wp-json\/wp\/v2\/posts\/830337\/revisions"}],"wp:featuredmedia":[{"embeddable":true,"href":"https:\/\/www.europesays.com\/de\/wp-json\/wp\/v2\/media\/830338"}],"wp:attachment":[{"href":"https:\/\/www.europesays.com\/de\/wp-json\/wp\/v2\/media?parent=830337"}],"wp:term":[{"taxonomy":"category","embeddable":true,"href":"https:\/\/www.europesays.com\/de\/wp-json\/wp\/v2\/categories?post=830337"},{"taxonomy":"post_tag","embeddable":true,"href":"https:\/\/www.europesays.com\/de\/wp-json\/wp\/v2\/tags?post=830337"}],"curies":[{"name":"wp","href":"https:\/\/api.w.org\/{rel}","templated":true}]}}