{"id":830635,"date":"2026-02-27T21:00:11","date_gmt":"2026-02-27T21:00:11","guid":{"rendered":"https:\/\/www.europesays.com\/de\/830635\/"},"modified":"2026-02-27T21:00:11","modified_gmt":"2026-02-27T21:00:11","slug":"dynamo-dresden-gegen-darmstadt-98","status":"publish","type":"post","link":"https:\/\/www.europesays.com\/de\/830635\/","title":{"rendered":"Dynamo Dresden gegen Darmstadt 98"},"content":{"rendered":"<p class=\"Textstyled__Text-sc-1cqv9mi-0 dKgfuR\">Dresden. Dynamo Dresden setzt ein Ausrufezeichen im Abstiegskampf der 2. Bundesliga. Die Mannschaft von Trainer Thomas Stamm besiegt den Tabellenzweiten Darmstadt 98 mit 3:1. Mit dem Sieg im heimischen Rudolf-Harbig-Stadion verl\u00e4sst Dynamo vorerst die Abstiegsr\u00e4nge.<\/p>\n<p>Weiterlesen nach der Anzeige<\/p>\n<p>Weiterlesen nach der Anzeige<\/p>\n<p class=\"Textstyled__Text-sc-1cqv9mi-0 dKgfuR\">Es ist ein Spiel, das erst kurz vor der Halbzeit an Brisanz gewinnt. Darmstadts Innenverteidiger Pfeiffer verstolpert den Ball und foult im Anschluss Dresdens Ben Bobzien (42.). Schiedsrichter Lars Erbst entscheidet auf Rote Karte und schickt Pfeiffer vom Feld.<\/p>\n<p class=\"Textstyled__Text-sc-1cqv9mi-0 dKgfuR\">Dynamo nutzt die \u00dcberzahl kurz vor der Halbzeitpause \u2013 und zwar gleich doppelt. St\u00fcrmer Vincent Vermeij trifft erst per Kopf (45.+1) und dann mit dem rechten Fu\u00df (45.+2) ins Gl\u00fcck. Es ist sein erster Doppelpack f\u00fcr Dynamo. \u201eDer Sieg ist noch wichtiger, egal wer die Tore schie\u00dft\u201c, sagt Vermeij nach dem Spiel bei Sky, gibt aber zu: \u201eEs f\u00fchlt sich einfach richtig geil an.\u201c<\/p>\n<p class=\"Textstyled__Text-sc-1cqv9mi-0 dKgfuR\">Nach der Halbzeit stellt Dresdens Jakob Lemmer den personellen Gleichstand wieder her. Nach zwei Fouls binnen etwas \u00fcber einer Minute z\u00fcckt Erbst Gelb-Rot (53.). Darmstadt kann das Zehn-gegen-zehn allerdings nicht nutzen. Im Gegenteil: Dynamos Christoph Daferner erh\u00f6ht auf 3:0 (81.). Kurz vor Schluss gelingt den Hessen durch Furukawa (90.+1) der Ehrentreffer.<\/p>\n<p>Weiterlesen nach der Anzeige<\/p>\n<p>Weiterlesen nach der Anzeige<\/p>\n<p class=\"Textstyled__Text-sc-1cqv9mi-0 dKgfuR\"><b>So spielte Dynamo:<\/b> Schreiber \u2013 Sterner, Pauli (74. Boeder), Keller, Rossipal \u2013 Amoako (56. Herrmann), Wagner \u2013 Lemmer, Hauptmann (74. Ceka), Bobzien (84. Kutschke) \u2013 Vermeij (74. Daferner).<\/p>\n<p class=\"Textstyled__Text-sc-1cqv9mi-0 dKgfuR\"><b>Schiedsrichter:<\/b> Erbst (Gerlingen). <b>Zuschauer:<\/b> 30.460. <b>Tore: <\/b>1:0 Vermeij (45.+1) 2:0 Vermeij (45.+2), 3:0 Daferner (81.), 3:1 Furukawa (90.+1). <b>Platzverweise: <\/b>Pfeiffer (42.), Lemmer (53.).<\/p>\n<p>Vor dem Spiel: Julian Pauli kehrt zur\u00fcck<\/p>\n<p class=\"Textstyled__Text-sc-1cqv9mi-0 dKgfuR\">Dynamo Dresden empf\u00e4ngt heute Abend das n\u00e4chste Top-Team der 2. Fu\u00dfball-Bundesliga. Gegen den Tabellenzweiten Darmstadt 98 will das Team dennoch weitere Punkte im Kampf um den Klassenerhalt sammeln. \u201eEs wird ein sehr gutes Spiel von uns brauchen\u201c, sagt Trainer Thomas Stamm. \u201eAber auch in den letzten drei Spielen haben wir gezeigt, dass wir mit guten Mannschaften mithalten k\u00f6nnen.\u201c<\/p>\n<p class=\"Textstyled__Text-sc-1cqv9mi-0 dKgfuR\">Ansto\u00df ist um 18.30 Uhr. Es werden 30.500 Zuschauer im Rudolf-Harbig-Stadion erwartet, darunter 900 G\u00e4ste-Fans.<\/p>\n<p>Weiterlesen nach der Anzeige<\/p>\n<p>Weiterlesen nach der Anzeige<\/p>\n<p class=\"Textstyled__Text-sc-1cqv9mi-0 dKgfuR\"><a href=\"https:\/\/www.saechsische.de\/sport\/regional\/dynamo-dresden-verdiente-niederlage-gegen-darmstadt-und-ein-stummes-stadion-54E7FYRFIFAJ7ATOOQP4NXBF7Y.html\" target=\"_self\" rel=\"nofollow noopener\" title=\"https:\/\/www.saechsische.de\/sport\/regional\/dynamo-dresden-verdiente-niederlage-gegen-darmstadt-und-ein-stummes-stadion-54E7FYRFIFAJ7ATOOQP4NXBF7Y.html\" data-vars-event-category=\"intext_link\" data-vars-event-action=\"click\" data-vars-event-label=\"https:\/\/www.saechsische.de\/sport\/regional\/dynamo-dresden-verdiente-niederlage-gegen-darmstadt-und-ein-stummes-stadion-54E7FYRFIFAJ7ATOOQP4NXBF7Y.html\">Das Hinspiel in Darmstadt hat Dynamo mit 0:2 verloren.<\/a> Dabei nutzte der Favorit die Fehler in der Dresdner Defensive gnadenlos aus. Auf das R\u00fcckspiel im Rudolf-Harbig-Stadion freut sich Darmstadts Trainer Florian Kohfeldt besonders: \u201eDresden am Flutlichtabend ist f\u00fcr mich Top-F\u00fcnf in Deutschland. Das, was am Freitag auf uns zukommt, ist Fu\u00dfballromantik pur.\u201c<\/p>\n<p class=\"Textstyled__Text-sc-1cqv9mi-0 dKgfuR\">Die schlechte Nachricht f\u00fcr Dynamo: Darmstadt 98 hat in dieser Saison erst zwei Spiele verloren. Die gute Nachricht: Beide Partien verloren die Hessen ausw\u00e4rts. Das ist die Chance f\u00fcr Schwarz-Gelb. Ebenfalls positiv: Verteidiger Julian Pauli kehrt zur\u00fcck.<\/p>\n<p class=\"Textstyled__Text-sc-1cqv9mi-0 dKgfuR\"><a href=\"https:\/\/www.saechsische.de\/sport\/regional\/dynamo-dresden-sorgen-um-julian-pauli-wie-lange-faellt-der-verteidiger-aus-IYL3YLC3EVDRBDMISIFPOOKMJY.html\" target=\"_self\" rel=\"nofollow noopener\" title=\"https:\/\/www.saechsische.de\/sport\/regional\/dynamo-dresden-sorgen-um-julian-pauli-wie-lange-faellt-der-verteidiger-aus-IYL3YLC3EVDRBDMISIFPOOKMJY.html\" data-vars-event-category=\"intext_link\" data-vars-event-action=\"click\" data-vars-event-label=\"https:\/\/www.saechsische.de\/sport\/regional\/dynamo-dresden-sorgen-um-julian-pauli-wie-lange-faellt-der-verteidiger-aus-IYL3YLC3EVDRBDMISIFPOOKMJY.html\">Nach seiner Kopfverletzung ist der 20-J\u00e4hrige<\/a> wieder im Training und darf auf einen Einsatz hoffen. \u201eEr hat intensiv trainiert und konnte in dieser Trainingswoche alles mitmachen. Dementsprechend ist er ein Thema f\u00fcr den Kader\u201c, sagt Stamm, der nur auf den Langzeitverletzten Lennart Grill (Riss der Patellasehne) verzichten muss.<\/p>\n<p class=\"Editorialstyled__Editorial-sc-1bfvh9l-0 cSmjnJ\">SZ<\/p>\n","protected":false},"excerpt":{"rendered":"Dresden. Dynamo Dresden setzt ein Ausrufezeichen im Abstiegskampf der 2. Bundesliga. Die Mannschaft von Trainer Thomas Stamm besiegt&hellip;\n","protected":false},"author":2,"featured_media":830636,"comment_status":"","ping_status":"","sticky":false,"template":"","format":"standard","meta":{"footnotes":"","_share_on_mastodon":"0"},"categories":[1835],"tags":[3364,29,2386,30,859],"class_list":["post-830635","post","type-post","status-publish","format-standard","has-post-thumbnail","category-dresden","tag-de","tag-deutschland","tag-dresden","tag-germany","tag-sachsen"],"share_on_mastodon":{"url":"https:\/\/pubeurope.com\/@de\/116144611381291680","error":""},"_links":{"self":[{"href":"https:\/\/www.europesays.com\/de\/wp-json\/wp\/v2\/posts\/830635","targetHints":{"allow":["GET"]}}],"collection":[{"href":"https:\/\/www.europesays.com\/de\/wp-json\/wp\/v2\/posts"}],"about":[{"href":"https:\/\/www.europesays.com\/de\/wp-json\/wp\/v2\/types\/post"}],"author":[{"embeddable":true,"href":"https:\/\/www.europesays.com\/de\/wp-json\/wp\/v2\/users\/2"}],"replies":[{"embeddable":true,"href":"https:\/\/www.europesays.com\/de\/wp-json\/wp\/v2\/comments?post=830635"}],"version-history":[{"count":0,"href":"https:\/\/www.europesays.com\/de\/wp-json\/wp\/v2\/posts\/830635\/revisions"}],"wp:featuredmedia":[{"embeddable":true,"href":"https:\/\/www.europesays.com\/de\/wp-json\/wp\/v2\/media\/830636"}],"wp:attachment":[{"href":"https:\/\/www.europesays.com\/de\/wp-json\/wp\/v2\/media?parent=830635"}],"wp:term":[{"taxonomy":"category","embeddable":true,"href":"https:\/\/www.europesays.com\/de\/wp-json\/wp\/v2\/categories?post=830635"},{"taxonomy":"post_tag","embeddable":true,"href":"https:\/\/www.europesays.com\/de\/wp-json\/wp\/v2\/tags?post=830635"}],"curies":[{"name":"wp","href":"https:\/\/api.w.org\/{rel}","templated":true}]}}