{"id":830637,"date":"2026-02-27T21:01:16","date_gmt":"2026-02-27T21:01:16","guid":{"rendered":"https:\/\/www.europesays.com\/de\/830637\/"},"modified":"2026-02-27T21:01:16","modified_gmt":"2026-02-27T21:01:16","slug":"runder-tisch-gegen-rechts-plant-dialog-trotz-rechter-bedrohung","status":"publish","type":"post","link":"https:\/\/www.europesays.com\/de\/830637\/","title":{"rendered":"Runder Tisch gegen Rechts plant Dialog trotz rechter Bedrohung"},"content":{"rendered":"<ol class=\"id-DonaldBreadcrumb lp_west_breadcrumb id-DonaldBreadcrumb--default\" data-k5a-pos=\"west_breadcrumb\">\n<li class=\"id-Breadcrumb-item\"><a href=\"https:\/\/www.kreiszeitung.de\/\" class=\"id-Breadcrumb-link\" data-id-ec=\"{\" shn=\"\" textlink=\"\" data-k5a-pos=\"1_startseite\" rel=\"nofollow noopener\" target=\"_blank\">Startseite<\/a><\/li>\n<li class=\"id-Breadcrumb-item\"><a href=\"https:\/\/www.kreiszeitung.de\/lokales\/\" class=\"id-Breadcrumb-link\" data-id-ec=\"{\" shn=\"\" textlink=\"\" data-k5a-pos=\"2_lokales\" rel=\"nofollow noopener\" target=\"_blank\">Lokales<\/a><\/li>\n<li class=\"id-Breadcrumb-item\"><a href=\"https:\/\/www.kreiszeitung.de\/lokales\/diepholz\/\" class=\"id-Breadcrumb-link\" data-id-ec=\"{\" shn=\"\" textlink=\"\" diepholz=\"\" data-k5a-pos=\"3_landkreisDiepholz\" rel=\"nofollow noopener\" target=\"_blank\">Landkreis Diepholz<\/a><\/li>\n<li class=\"id-Breadcrumb-item\"><a href=\"https:\/\/www.kreiszeitung.de\/lokales\/diepholz\/weyhe-ort54198\/\" class=\"id-Breadcrumb-link\" data-id-ec=\"{\" shn=\"\" textlink=\"\" data-k5a-pos=\"4_weyhe\" rel=\"nofollow noopener\" target=\"_blank\">Weyhe<\/a><\/li>\n<\/ol>\n<p class=\"id-Story-timestamp id-Story-timestamp--default\">Stand: 27.02.2026, 17:14 Uhr<\/p>\n<p class=\"id-Story-authors id-Story-authors--default\">Von: <a class=\"id-Story-authors-link lp_west_author\" href=\"https:\/\/www.kreiszeitung.de\/autor\/martin-kowalewski-k7hov9qo4.html\" title=\"Zur Autorenseite von Martin Kowalewski\" data-id-ec=\"{\" shn=\"\" author-link=\"\" kowalewski=\"\" data-k5a-pos=\"west_author\" rel=\"nofollow noopener\" target=\"_blank\">Martin Kowalewski<\/a><\/p>\n<p class=\"id-Story-interactionBar id-Story-interactionBar--default\">DruckenTeilen<\/p>\n<p><img decoding=\"async\" class=\"id-RatioPlaceholder-element wv_story_el_image\" src=\"https:\/\/www.europesays.com\/de\/wp-content\/uploads\/2026\/02\/41614385-zeigen-das-plakat-zur-gespraechsveranstaltung-rechte-bedrohung-in-weyhe-pastor-gerald-meier.jpeg\" loading=\"eager\" fetchpriority=\"high\"   height=\"792\" width=\"1408\" alt=\"Zeigen das Plakat zur Gespr&#xE4;chsveranstaltung &#x201E;Rechte Bedrohung in Weyhe?&#x201C;: Pastor Gerald Meier (v.l.), J&#xF6;rn Rosenthal, Claudia Metzen und Volkan Gizli &#x2013; Mitglieder beim &#x201E;Runden Tisch gegen Rechts &#x2013; f&#xFC;r Integration Weyhe&#x201C;.\"\/>\u201eRechte Bedrohung in Weyhe?\u201c: Pastor Gerald Meier (v.l.), J\u00f6rn Rosenthal, Claudia Metzen und Volkan Gizli \u2013 Mitglieder beim \u201eRunden Tisch gegen Rechts \u2013 f\u00fcr Integration Weyhe\u201c zeigen das Plakat zur Gespr\u00e4chsveranstaltung. \u00a9\u00a0Martin Kowalewski<\/p>\n<p class=\"id-StoryElement-leadText\">Der Runde Tisch gegen Rechts organisiert im Mai eine Demokratiewoche in Weyhe. Am 6. M\u00e4rz startet ein moderiertes Gespr\u00e4chsformat in der Pfarrscheune.<\/p>\n<p class=\"id-StoryElement-paragraph\">Weyhe \u2013 Der \u201eRunde Tisch gegen Rechts \u2013 f\u00fcr Integration Weyhe\u201c hat im Vorfeld der diesj\u00e4hrigen Kommunalwahlen einiges vor. Im Mai soll es eine Demokratiewoche geben, f\u00fcr die sich schon zahlreiche Unterst\u00fctzer gefunden haben. Am 10. Mai ist ein Demokratiefest geplant. Schon am 6. M\u00e4rz um 19.30 Uhr l\u00e4dt der \u201eRunde Tisch\u201c zur Diskussion im moderierten Gespr\u00e4chsformat \u201eSprechen und Zuh\u00f6ren\u201c in die Pfarrscheune, Kirchweg 24, ein. Thema: \u201eRechte Bedrohung in Weyhe?\u201c. So will der Runde Tisch ein Zeichen gegen rechtsextreme und rechtspopulistische Bestrebungen in Weyhe setzen.<\/p>\n<p class=\"id-StoryElement-paragraph\">Bei der Veranstaltung sollen verschiedene Sichtweisen zusammengef\u00fchrt werden. Es soll ein Beitrag zum Gespr\u00e4ch miteinander werden, sagt Gerald Meier, Pastor bei der evangelisch-lutherischen Felicianusgemeinde und Mitglied des \u201eRunden Tisches\u201c. Meier zeigt auch auf, was etwa herauskommen k\u00f6nnte: \u201eWie finden wir Antworten gegen Sorgen?\u201c Er macht deutlich, man wolle auch konservative Positionen dabei haben. Es gehe um die Schwarmintelligenz.<\/p>\n<p class=\"id-StoryElement-paragraph\">Das Format \u201eSprechen und Zuh\u00f6ren\u201c stammt vom Verein \u201eMehr Demokratie\u201c, wie Claudia Metzen vom \u201eRunden Tisch\u201c sagt, die an dem Abend zusammen mit einer weiteren Person moderieren wird. Bei den Diskussionen sind bestimmte Regeln einzuhalten. So sind etwa verallgemeinernde Aussagen, Bewertungen und Beleidigungen nicht erlaubt. Es soll in der Ich-Perspektive gesprochen werden. Durch zwei Gespr\u00e4chsrunden kann jeder Geh\u00f6rtes aufgreifen, sagt Metzen. So sollen verschiedene Sichtweisen zusammenkommen, und Leute sollen ihre Meinungen austauschen, die das sonst nicht tun. Der Titel der Veranstaltung soll viele Menschen anziehen. Es soll keine Diskussion in der \u201elinksgr\u00fcnen Bubble\u201c werden, sagt Metzen, die selbst bei den Gr\u00fcnen ist.<\/p>\n<p class=\"id-StoryElement-paragraph\">Die Veranstaltung k\u00f6nnte ein Beitrag sein, die radikalen Lager etwas einzudampfen, damit ein respektvoller Dialog m\u00f6glich ist, sagt Volkan Gizli vom \u201eRunden Tisch\u201c und in der CDU. So k\u00f6nnten Leute in die Mitte geholt werden, was sp\u00e4ter immer schwieriger werde.<\/p>\n<p class=\"id-StoryElement-paragraph\">J\u00f6rn Rosenthal vom \u201eRunden Tisch\u201c und ebenfalls Mitglied bei den Gr\u00fcnen spricht von einem um sich greifenden Populismus und spricht die Radikalisierung in sozialen Medien an. \u201eMan ist da kaum noch bereit, mal zuzuh\u00f6ren. Man will was raushauen\u201c, sagt er. Das geschehe auch laut in Videos. Er zeigt f\u00fcr die Diskussion am 6. M\u00e4rz eine Grenze auf: \u201eVerfassungsfeindliche \u00c4u\u00dferungen werden wir nicht dulden!\u201c<\/p>\n<p class=\"id-StoryElement-paragraph\">Pastor Meier ist unter Verweis auf den j\u00fcngst ver\u00f6ffentlichten Deutschland-Monitor besorgt. Jeder f\u00fcnfte sei \u201eoffen f\u00fcr schnelle Antworten\u201c. Die Demokratie sei aber eben langsam und sorgf\u00e4ltig. \u201eDas k\u00f6nnen Leute heute oft nicht aushalten\u201c, sagt er. Meier kommt auf die <a href=\"https:\/\/www.fr.de\/politik\/afd-org26155\/\" class=\"id-import-Link id-pageApi-Link--externalDomain\" title=\"AfD\" data-id-ec=\"{&quot;sht&quot;:&quot;Container&quot;,&quot;shn&quot;:&quot;Story&quot;,&quot;p&quot;:{&quot;containerType&quot;:&quot;Paragraph&quot;,&quot;displayType&quot;:&quot;Paragraph InlineLink&quot;,&quot;type&quot;:&quot;INLINE_LINK&quot;,&quot;value&quot;:&quot;AfD&quot;,&quot;variant&quot;:&quot;standardLink&quot;,&quot;sponsored&quot;:false,&quot;linkHref&quot;:&quot;https:\/\/www.fr.de\/politik\/afd-org26155\/&quot;,&quot;storyElementPosition&quot;:15,&quot;storyElementCount&quot;:18}}\" rel=\"nofollow noopener\" target=\"_blank\">AfD<\/a> zu sprechen: \u201eIch sehe die AfD au\u00dferhalb der demokratischen Mauern.\u201c Und er sagt: \u201eIch bin froh, dass meine Kirche da klar ist. Wer in kirchlichen Gremien t\u00e4tig ist, darf nicht bei der AfD mitmachen.\u201c Er macht hier aber einen Unterschied zwischen den Aktiven der Partei und ihren W\u00e4hlern. Der Pastor sieht im Aufkommen des Rechtspopulismus einen Wellenschlag aus den USA. \u201eWas in Amerika passiert, ist eine typische Instrumentalisierung der Religion\u201c, sagt der Pastor. Dort werde die Demokratie abgebaut. So etwas m\u00f6chte er hier nicht erleben. \u201eDie Demokratie ist schwach, wenn sie sich nicht wehrt.\u201c<\/p>\n<p class=\"id-StoryElement-paragraph\">Die Demokratiewoche soll um den 8. Mai, den Tag der Befreiung, stattfinden. Ein Demokratiefest mit Beitr\u00e4gen und St\u00e4nden von Unterst\u00fctzern ist am 10. Mai geplant. Auf Unterst\u00fctzer ist der \u201eRunde Tisch\u201c bei der Demokratiewoche angewiesen. Auch geplant: Das B\u00fchnenst\u00fcck \u201eNSU Monologe\u201c von dem in Berlin ans\u00e4ssigen und bundesweit aktiven Ensemble \u201eB\u00fchne f\u00fcr Menschenrechte\u201c soll aufgef\u00fchrt werden. Es soll auch ein Film zur NSU-Gerichtsbarkeit gezeigt werden.<\/p>\n<p class=\"id-StoryElement-paragraph\">Positive R\u00fcckmeldungen auf einen Unterst\u00fctzungsaufruf soll es bereits gegeben haben vom F\u00f6rderverein Leselust, der fraktions\u00fcbergreifenden Gruppe aus dem Gemeinderat \u201eWeyhe gemeinsam\u201c und auch von den Sternsingern der katholischen Gemeinde \u201eHeilige Familie\u201c. Die Weyher Jusos planen eine Ausstellung zum Krieg in der Ukraine. Auf dem Plakat und dem Programm f\u00fcr die Demokratiewoche mit ihren Logos vertreten sein sollen \u201eB-Native\u201c, die SPD Weyhe, die Genossenschaft B\u00fcrgerenergie Weyhe und der Segelsportverein Wiking. Insbesondere die Theaterauff\u00fchrung kostet Geld. Wer die Demokratiewoche mit Spenden unterst\u00fctzen will, findet Kontakt per Mail-Adresse unter Gerald.Meier@evlka.de.<\/p>\n","protected":false},"excerpt":{"rendered":"Startseite Lokales Landkreis Diepholz Weyhe Stand: 27.02.2026, 17:14 Uhr Von: Martin Kowalewski DruckenTeilen \u201eRechte Bedrohung in Weyhe?\u201c: Pastor&hellip;\n","protected":false},"author":2,"featured_media":830638,"comment_status":"","ping_status":"","sticky":false,"template":"","format":"standard","meta":{"footnotes":"","_share_on_mastodon":"0"},"categories":[1824],"tags":[2420,3364,29,30],"class_list":["post-830637","post","type-post","status-publish","format-standard","has-post-thumbnail","category-bremen","tag-bremen","tag-de","tag-deutschland","tag-germany"],"share_on_mastodon":{"url":"https:\/\/pubeurope.com\/@de\/116144615391449408","error":""},"_links":{"self":[{"href":"https:\/\/www.europesays.com\/de\/wp-json\/wp\/v2\/posts\/830637","targetHints":{"allow":["GET"]}}],"collection":[{"href":"https:\/\/www.europesays.com\/de\/wp-json\/wp\/v2\/posts"}],"about":[{"href":"https:\/\/www.europesays.com\/de\/wp-json\/wp\/v2\/types\/post"}],"author":[{"embeddable":true,"href":"https:\/\/www.europesays.com\/de\/wp-json\/wp\/v2\/users\/2"}],"replies":[{"embeddable":true,"href":"https:\/\/www.europesays.com\/de\/wp-json\/wp\/v2\/comments?post=830637"}],"version-history":[{"count":0,"href":"https:\/\/www.europesays.com\/de\/wp-json\/wp\/v2\/posts\/830637\/revisions"}],"wp:featuredmedia":[{"embeddable":true,"href":"https:\/\/www.europesays.com\/de\/wp-json\/wp\/v2\/media\/830638"}],"wp:attachment":[{"href":"https:\/\/www.europesays.com\/de\/wp-json\/wp\/v2\/media?parent=830637"}],"wp:term":[{"taxonomy":"category","embeddable":true,"href":"https:\/\/www.europesays.com\/de\/wp-json\/wp\/v2\/categories?post=830637"},{"taxonomy":"post_tag","embeddable":true,"href":"https:\/\/www.europesays.com\/de\/wp-json\/wp\/v2\/tags?post=830637"}],"curies":[{"name":"wp","href":"https:\/\/api.w.org\/{rel}","templated":true}]}}