{"id":830652,"date":"2026-02-27T21:09:12","date_gmt":"2026-02-27T21:09:12","guid":{"rendered":"https:\/\/www.europesays.com\/de\/830652\/"},"modified":"2026-02-27T21:09:12","modified_gmt":"2026-02-27T21:09:12","slug":"duesseldorf-kohlenmonoxid-alarm-in-wohnungen-drei-verletzte-panorama","status":"publish","type":"post","link":"https:\/\/www.europesays.com\/de\/830652\/","title":{"rendered":"D\u00fcsseldorf &#8211; Kohlenmonoxid-Alarm in Wohnungen &#8211; drei Verletzte &#8211; Panorama"},"content":{"rendered":"<p data-manual=\"paragraph\" data-schema-org-speakable=\"true\" class=\"css-1eosz7k\">D\u00fcsseldorf (dpa\/lnw) &#8211; Wegen erh\u00f6hter Kohlenmonoxid-Konzentration in einem Wohnhaus sind in D\u00fcsseldorf zwei M\u00e4nner und eine Frau in eine Spezialklinik gebracht worden. Die erh\u00f6hten Werte seien am Abend in zwei Wohnungen festgestellt worden, teilte die Feuerwehr mit.\u00a0<\/p>\n<p data-manual=\"paragraph\" data-schema-org-speakable=\"true\" class=\"css-1eosz7k\">Kohlenmonoxid ist ein farb- und geruchloses Gas. Es entsteht bei unvollst\u00e4ndiger Verbrennung etwa von organischem Material wie Holz, Kohle und Benzin. Kohlenmonoxid wirkt in h\u00f6heren Konzentrationen als starkes Atemgift und kann t\u00f6dlich sein.<\/p>\n<p data-manual=\"paragraph\" data-schema-org-speakable=\"true\" class=\"css-1eosz7k\">Die Feuerwehr hatte den Rettungsdienst wegen eines neurologischen Notfalls zu dem Haus in D\u00fcsseldorf-Unterbilk geschickt, wie ein Sprecher sagte. Dort schlug der Kohlenmonoxid-Warner Alarm, den die Retter immer dabei haben. \u201eUmgehend verlie\u00df die Besatzung des Rettungswagens die Wohnung und forderte weitere Einsatzkr\u00e4fte von Feuerwehr und Rettungsdienst zur gemeldeten Adresse nach\u201c, so die Feuerwehr.<\/p>\n<p data-manual=\"paragraph\" data-schema-org-speakable=\"true\" class=\"css-1eosz7k\">Mit Hochleistungsger\u00e4ten der Feuerwehr wurden die Wohnungen dann bel\u00fcftet. Nach etwa 20 Minuten waren die Messwerte im ungef\u00e4hrlichen Bereich. Vorsorglich wurde aber die Heizung des Geb\u00e4udes au\u00dfer Betrieb genommen, wie es hie\u00df.<\/p>\n<p data-manual=\"paragraph\" data-schema-org-speakable=\"true\" class=\"css-1eosz7k\">\u00a9 dpa-infocom, dpa:260227-930-747498\/1<\/p>\n","protected":false},"excerpt":{"rendered":"D\u00fcsseldorf (dpa\/lnw) &#8211; Wegen erh\u00f6hter Kohlenmonoxid-Konzentration in einem Wohnhaus sind in D\u00fcsseldorf zwei M\u00e4nner und eine Frau in&hellip;\n","protected":false},"author":2,"featured_media":830653,"comment_status":"","ping_status":"","sticky":false,"template":"","format":"standard","meta":{"footnotes":"","_share_on_mastodon":"0"},"categories":[1831],"tags":[62868,3364,29,3405,30,141,1209,4338,1974,149],"class_list":["post-830652","post","type-post","status-publish","format-standard","has-post-thumbnail","category-duesseldorf","tag-bachstrasse","tag-de","tag-deutschland","tag-duesseldorf","tag-germany","tag-gesundheit","tag-nordrhein-westfalen","tag-notfall","tag-panorama","tag-sueddeutsche-zeitung"],"share_on_mastodon":{"url":"https:\/\/pubeurope.com\/@de\/116144646781736718","error":""},"_links":{"self":[{"href":"https:\/\/www.europesays.com\/de\/wp-json\/wp\/v2\/posts\/830652","targetHints":{"allow":["GET"]}}],"collection":[{"href":"https:\/\/www.europesays.com\/de\/wp-json\/wp\/v2\/posts"}],"about":[{"href":"https:\/\/www.europesays.com\/de\/wp-json\/wp\/v2\/types\/post"}],"author":[{"embeddable":true,"href":"https:\/\/www.europesays.com\/de\/wp-json\/wp\/v2\/users\/2"}],"replies":[{"embeddable":true,"href":"https:\/\/www.europesays.com\/de\/wp-json\/wp\/v2\/comments?post=830652"}],"version-history":[{"count":0,"href":"https:\/\/www.europesays.com\/de\/wp-json\/wp\/v2\/posts\/830652\/revisions"}],"wp:featuredmedia":[{"embeddable":true,"href":"https:\/\/www.europesays.com\/de\/wp-json\/wp\/v2\/media\/830653"}],"wp:attachment":[{"href":"https:\/\/www.europesays.com\/de\/wp-json\/wp\/v2\/media?parent=830652"}],"wp:term":[{"taxonomy":"category","embeddable":true,"href":"https:\/\/www.europesays.com\/de\/wp-json\/wp\/v2\/categories?post=830652"},{"taxonomy":"post_tag","embeddable":true,"href":"https:\/\/www.europesays.com\/de\/wp-json\/wp\/v2\/tags?post=830652"}],"curies":[{"name":"wp","href":"https:\/\/api.w.org\/{rel}","templated":true}]}}