{"id":830777,"date":"2026-02-27T22:20:14","date_gmt":"2026-02-27T22:20:14","guid":{"rendered":"https:\/\/www.europesays.com\/de\/830777\/"},"modified":"2026-02-27T22:20:14","modified_gmt":"2026-02-27T22:20:14","slug":"betrieb-der-s-bahn-hannover-laeuft-wieder-planmaessig","status":"publish","type":"post","link":"https:\/\/www.europesays.com\/de\/830777\/","title":{"rendered":"Betrieb der S-Bahn Hannover l\u00e4uft wieder planm\u00e4\u00dfig"},"content":{"rendered":"<p>        <img decoding=\"async\" src=\"https:\/\/www.europesays.com\/de\/wp-content\/uploads\/2026\/02\/sbahn-170.webp.webp\" alt=\"Fahrg\u00e4ste steigen am Hauptbahnhof Hannover in eine S-Bahn ein.\" title=\"Fahrg\u00e4ste steigen am Hauptbahnhof Hannover in eine S-Bahn ein. | dpa, Julian Stratenschulte\" class=\"responsive\"\/><\/p>\n<p>\n                Stand: 27.02.2026 21:58 Uhr<\/p>\n<p class=\"preface\">Nach einem Oberleitungsschaden im S-Bahnverkehr im Bereich Hannover hat sich der Betrieb am Freitagabend wieder normalisiert. Bis zum Abend gab es vereinzelt Versp\u00e4tungen und Ausf\u00e4lle.<\/p>\n<p class=\"\">Am Freitagabend war der Oberleitungsschaden <a href=\"https:\/\/www.ndr.de\/nachrichten\/niedersachsen\/hannover_weser-leinegebiet\/sbahn-168~splash.html\" title=\"Oberleitungsschaden f\u00fchrt zur Streckensperrung\" data-url=\"https:\/\/www.sbahn-hannover.de\/de\/willkommen\/aktuelles\/s1-s2-s5-oberleitungsschaden-fuehrt-zur-streckensperrung-mit-bnv\" class=\"extlink-preface\" data-type=\"external\" rel=\"nofollow noopener\" target=\"_blank\">nach Angaben der S-Bahn Hannover<\/a> behoben. Die Z\u00fcge fahren seitdem wieder planm\u00e4\u00dfig. Der gesperrte Streckenabschnitt konnte nach Angaben der S-Bahn Hannover ab dem Nachmittag wieder eingleisig befahren werden. Betroffen waren die S-Bahnen 1, 2 und 5. Nach Angaben des Betreibers Transdev konnte bis zum Nachmittag der Abschnitt zwischen Ronnenberg und Hannover Hauptbahnhof nicht befahren werden.<\/p>\n<p>    Zugverkehr sollte ab 18 Uhr wieder planm\u00e4\u00dfig laufen<\/p>\n<p class=\"\">F\u00fcr die Dauer des Oberleitungsschadens wurde ein Bus-Ersatzverkehr eingerichtet. Zwischen den Bahnh\u00f6fen Hannover-Linden\/Fischerhof nahe der Innenstadt und Weetzen im S\u00fcdwesten der Stadt bei Ronnenberg fuhren vier Ersatzbusse. Von Fischerhof bis zum Hauptbahnhof sowie in die Gegenrichtung konnten Reisende beispielsweise die Stadtbahn benutzen. Fahrg\u00e4ste wurden gebeten, sich vor ihrer Reise \u00fcber die Verbindung zu informieren.<\/p>\n<p>        <img decoding=\"async\" src=\"https:\/\/www.europesays.com\/de\/wp-content\/uploads\/2026\/01\/gleise138.webp.webp\" alt=\"ICE-Trasse mit Gleisbett\" title=\"ICE-Trasse mit Gleisbett | NDR, Julius Matuschik\" class=\"responsive\" loading=\"lazy\"\/><\/p>\n<p>Betroffen ist der Bahnverkehr zwischen G\u00f6ttingen und Hannover bis Montag. Metronom setzt erneut Ersatzbusse ein.<\/p>\n<p>Dieses Thema im Programm:<\/p>\n<p>                NDR 1 Niedersachsen | Aktuell | 27.02.2026 | 18:00 Uhr<\/p>\n<p>        Schlagw\u00f6rter zu diesem Artikel<\/p>\n<p>            <a href=\"https:\/\/www.ndr.de\/nachrichten\/niedersachsen\/hannover_weser-leinegebiet\/Hannover-Aktuelle-News-und-Nachrichten,hannover18518.html\" rel=\"nofollow noopener\" target=\"_blank\">Hannover<\/a><\/p>\n","protected":false},"excerpt":{"rendered":"Stand: 27.02.2026 21:58 Uhr Nach einem Oberleitungsschaden im S-Bahnverkehr im Bereich Hannover hat sich der Betrieb am Freitagabend&hellip;\n","protected":false},"author":2,"featured_media":830181,"comment_status":"","ping_status":"","sticky":false,"template":"","format":"standard","meta":{"footnotes":"","_share_on_mastodon":"0"},"categories":[1836],"tags":[1739,3364,29,30,46,3601,1411,2228,32135,1949,4936,3809],"class_list":["post-830777","post","type-post","status-publish","format-standard","has-post-thumbnail","category-hannover","tag-bahn","tag-de","tag-deutschland","tag-germany","tag-hannover","tag-hauptbahnhof","tag-niedersachsen","tag-oberleitung","tag-ronnenberg","tag-s-bahn","tag-schaden","tag-stoerung"],"share_on_mastodon":{"url":"https:\/\/pubeurope.com\/@de\/116144926105221981","error":""},"_links":{"self":[{"href":"https:\/\/www.europesays.com\/de\/wp-json\/wp\/v2\/posts\/830777","targetHints":{"allow":["GET"]}}],"collection":[{"href":"https:\/\/www.europesays.com\/de\/wp-json\/wp\/v2\/posts"}],"about":[{"href":"https:\/\/www.europesays.com\/de\/wp-json\/wp\/v2\/types\/post"}],"author":[{"embeddable":true,"href":"https:\/\/www.europesays.com\/de\/wp-json\/wp\/v2\/users\/2"}],"replies":[{"embeddable":true,"href":"https:\/\/www.europesays.com\/de\/wp-json\/wp\/v2\/comments?post=830777"}],"version-history":[{"count":0,"href":"https:\/\/www.europesays.com\/de\/wp-json\/wp\/v2\/posts\/830777\/revisions"}],"wp:featuredmedia":[{"embeddable":true,"href":"https:\/\/www.europesays.com\/de\/wp-json\/wp\/v2\/media\/830181"}],"wp:attachment":[{"href":"https:\/\/www.europesays.com\/de\/wp-json\/wp\/v2\/media?parent=830777"}],"wp:term":[{"taxonomy":"category","embeddable":true,"href":"https:\/\/www.europesays.com\/de\/wp-json\/wp\/v2\/categories?post=830777"},{"taxonomy":"post_tag","embeddable":true,"href":"https:\/\/www.europesays.com\/de\/wp-json\/wp\/v2\/tags?post=830777"}],"curies":[{"name":"wp","href":"https:\/\/api.w.org\/{rel}","templated":true}]}}