{"id":830884,"date":"2026-02-27T23:22:47","date_gmt":"2026-02-27T23:22:47","guid":{"rendered":"https:\/\/www.europesays.com\/de\/830884\/"},"modified":"2026-02-27T23:22:47","modified_gmt":"2026-02-27T23:22:47","slug":"auto-prallt-in-wuppertal-gegen-eine-hauswand","status":"publish","type":"post","link":"https:\/\/www.europesays.com\/de\/830884\/","title":{"rendered":"Auto prallt in Wuppertal gegen eine Hauswand"},"content":{"rendered":"<p class=\"text_ohne_einzug richtext text-em-55 !leading-serif mx-6 desktop:mx-0\">Ein 41-J\u00e4hriger fuhr gegen 8 Uhr, so die Polizei, mit seinem Fiat Punto auf der Wasserstra\u00dfe in s\u00fcdwestliche Richtung. In H\u00f6he der Einm\u00fcndung zur Wartburgstra\u00dfe kam der Fahrer vermutlich aufgrund eines internistischen Notfalls nach links von der Fahrbahn ab und prallte mit dem Auto gegen eine Hauswand. Dabei zersplitterte die Scheibe eines Gesch\u00e4fts. <strong class=\"font-bold dark:text-white-solid\">(Bilder)<\/strong><\/p>\n<p class=\"richtext text-em-55 !leading-serif mx-6 desktop:mx-0\">Der Fiat-Fahrer und seine zehnj\u00e4hrige Tochter erlitten bei dem Unfall leichte Verletzungen. Der Rettungsdienst brachte beide in ein Krankenhaus. Der Pkw war nicht mehr fahrbereit und wurde abgeschleppt. Der Sachschaden betr\u00e4gt circa 5.000 Euro. W\u00e4hrend der Unfallaufnahme regelte die Polizei den Verkehr.<\/p>\n","protected":false},"excerpt":{"rendered":"Ein 41-J\u00e4hriger fuhr gegen 8 Uhr, so die Polizei, mit seinem Fiat Punto auf der Wasserstra\u00dfe in s\u00fcdwestliche&hellip;\n","protected":false},"author":2,"featured_media":830885,"comment_status":"","ping_status":"","sticky":false,"template":"","format":"standard","meta":{"footnotes":"","_share_on_mastodon":"0"},"categories":[1840],"tags":[3364,29,30,1209,4418],"class_list":["post-830884","post","type-post","status-publish","format-standard","has-post-thumbnail","category-wuppertal","tag-de","tag-deutschland","tag-germany","tag-nordrhein-westfalen","tag-wuppertal"],"share_on_mastodon":{"url":"https:\/\/pubeurope.com\/@de\/116145169793811127","error":""},"_links":{"self":[{"href":"https:\/\/www.europesays.com\/de\/wp-json\/wp\/v2\/posts\/830884","targetHints":{"allow":["GET"]}}],"collection":[{"href":"https:\/\/www.europesays.com\/de\/wp-json\/wp\/v2\/posts"}],"about":[{"href":"https:\/\/www.europesays.com\/de\/wp-json\/wp\/v2\/types\/post"}],"author":[{"embeddable":true,"href":"https:\/\/www.europesays.com\/de\/wp-json\/wp\/v2\/users\/2"}],"replies":[{"embeddable":true,"href":"https:\/\/www.europesays.com\/de\/wp-json\/wp\/v2\/comments?post=830884"}],"version-history":[{"count":0,"href":"https:\/\/www.europesays.com\/de\/wp-json\/wp\/v2\/posts\/830884\/revisions"}],"wp:featuredmedia":[{"embeddable":true,"href":"https:\/\/www.europesays.com\/de\/wp-json\/wp\/v2\/media\/830885"}],"wp:attachment":[{"href":"https:\/\/www.europesays.com\/de\/wp-json\/wp\/v2\/media?parent=830884"}],"wp:term":[{"taxonomy":"category","embeddable":true,"href":"https:\/\/www.europesays.com\/de\/wp-json\/wp\/v2\/categories?post=830884"},{"taxonomy":"post_tag","embeddable":true,"href":"https:\/\/www.europesays.com\/de\/wp-json\/wp\/v2\/tags?post=830884"}],"curies":[{"name":"wp","href":"https:\/\/api.w.org\/{rel}","templated":true}]}}