{"id":830923,"date":"2026-02-27T23:44:29","date_gmt":"2026-02-27T23:44:29","guid":{"rendered":"https:\/\/www.europesays.com\/de\/830923\/"},"modified":"2026-02-27T23:44:29","modified_gmt":"2026-02-27T23:44:29","slug":"vermisste-wieder-da-einkaufswagen-aus-hochhaus-geworfen-zeugen-gesucht","status":"publish","type":"post","link":"https:\/\/www.europesays.com\/de\/830923\/","title":{"rendered":"Vermisste wieder da | Einkaufswagen aus Hochhaus geworfen \u2013 Zeugen gesucht"},"content":{"rendered":"<p class=\"publish-info\">27.02.2026, 16:58 Uhr \u2014 Erstver\u00f6ffentlichung (aktuell)<\/p>\n<p>Medieninformation Polizeidirektion Dresden Nr. 103|26<\/p>\n<p>Autor: Rocco Reichel (rr)<\/p>\n<p>Landeshauptstadt DresdenVermisste wieder da<\/p>\n<p>Die vermisste 17-J\u00e4hrige aus Dresden-Seidnitz (siehe \u00d6ffentlichkeitsfahndung Nr. 7\/2026 vom 26. Februar 2026) ist wieder da. <\/p>\n<p>Sie wurde am Freitag in einer Wohnung im Stadtgebiet angetroffen. Polizisten brachten die Jugendliche nach Hause. Ein Straftatverdacht liegt nicht vor. (rr)<\/p>\n<p>Landkreis S\u00e4chsische Schweiz-OsterzgebirgeEinkaufswagen aus Hochhaus geworfen \u2013 Zeugen gesucht<\/p>\n<p>Zeit:\t17.02.2026, 17:30 Uhr<br \/>Ort: \tPirna-Sonnenstein<\/p>\n<p>Unbekannte haben am Abend des 17. Februar einen Einkaufswagen aus einem Hochhaus an der Remscheider Stra\u00dfe geworfen (siehe Medieninformation Nr. 86\/2026 vom 18. Februar 2026). Verletzt wurde niemand. <\/p>\n<p>Die Polizei ermittelt wegen gef\u00e4hrlicher K\u00f6rperverletzung und sucht Zeugen. Hinweise nimmt die Polizeidirektion Dresden unter der Rufnummer (0351) 483 22 33 entgegen. (rr)<\/p>\n<p>    Medieninformationen suchen<\/p>\n<p>OrganisationalleAmtsgericht Bautzen<br \/>\nAmtsgericht Chemnitz<br \/>\nAmtsgericht Dippoldiswalde<br \/>\nAmtsgericht Eilenburg<br \/>\nAmtsgericht Grimma<br \/>\nAmtsgericht Hohenstein-Ernstthal<br \/>\nAmtsgericht Leipzig<br \/>\nAmtsgericht Pirna<br \/>\nAmtsgericht Torgau<br \/>\nArbeitsgericht Dresden<br \/>\nArbeitsgericht Leipzig<br \/>\nLandgericht Chemnitz<br \/>\nS\u00e4chsisches Finanzgericht<br \/>\nS\u00e4chsisches Landesarbeitsgericht<br \/>\nS\u00e4chsisches Oberverwaltungsgericht<br \/>\nSozialgericht Chemnitz<br \/>\nSozialgericht Dresden<br \/>\nSozialgericht Leipzig<br \/>\nVerwaltungsgericht Chemnitz<br \/>\nVerwaltungsgericht Dresden<br \/>\nVerwaltungsgericht Leipzig<br \/>\nOberlandesgericht Dresden<br \/>\nDienstgericht f\u00fcr Richterinnen und Richter<br \/>\nLandgericht Leipzig<br \/>\nS\u00e4chsisches LandessozialgerichtJugendstrafvollzugsanstalt Regis-Breitingen<br \/>\nJustizvollzugsanstalt Bautzen<br \/>\nJustizvollzugsanstalt Chemnitz<br \/>\nJustizvollzugsanstalt Dresden<br \/>\nJustizvollzugsanstalt G\u00f6rlitz<br \/>\nJustizvollzugsanstalt Leipzig mit Krankenhaus<br \/>\nJustizvollzugsanstalt Torgau<br \/>\nJustizvollzugsanstalt Waldheim<br \/>\nJustizvollzugsanstalt Zeithain<br \/>\nJustizvollzugsanstalt ZwickauS\u00e4chsische Staatskanzlei<br \/>\n\u00a0\u00a0\u00a0\u00a0Landesbeauftragter f\u00fcr Inklusion der Menschen mit Behinderungen<br \/>\nS\u00e4chsische Staatsministerin f\u00fcr Kultur und Tourismus<br \/>\nS\u00e4chsisches Staatsministerium der Finanzen<br \/>\n\u00a0\u00a0\u00a0\u00a0Landesamt f\u00fcr Steuern und Finanzen<br \/>\n\u00a0\u00a0\u00a0\u00a0Staatsbetrieb S\u00e4chsisches Immobilien- und Baumanagement<br \/>\n\u00a0\u00a0\u00a0\u00a0Staatsbetrieb Zentrales Fl\u00e4chenmanagement Sachsen<br \/>\nS\u00e4chsisches Staatsministerium der Justiz<br \/>\n\u00a0\u00a0\u00a0\u00a0Ausbildungszentrum Bobritzsch<br \/>\n\u00a0\u00a0\u00a0\u00a0Generalstaatsanwaltschaft Dresden<br \/>\nS\u00e4chsisches Staatsministerium des Innern<br \/>\n\u00a0\u00a0\u00a0\u00a0Hochschule Mei\u00dfen (FH) und Fortbildungszentrum<br \/>\n\u00a0\u00a0\u00a0\u00a0Landesamt f\u00fcr Verfassungsschutz Sachsen<br \/>\n\u00a0\u00a0\u00a0\u00a0Landesdirektion Sachsen<br \/>\n\u00a0\u00a0\u00a0\u00a0S\u00e4chsisches Staatsarchiv<br \/>\n\u00a0\u00a0\u00a0\u00a0Statistisches Landesamt<br \/>\nS\u00e4chsisches Staatsministerium f\u00fcr Umwelt und Landwirtschaft<br \/>\n\u00a0\u00a0\u00a0\u00a0Landesamt f\u00fcr Umwelt, Landwirtschaft und Geologie<br \/>\n\u00a0\u00a0\u00a0\u00a0Landestalsperrenverwaltung des Freistaates Sachsen<br \/>\n\u00a0\u00a0\u00a0\u00a0S\u00e4chsische Gest\u00fctsverwaltung<br \/>\n\u00a0\u00a0\u00a0\u00a0S\u00e4chsische Landesstiftung Natur und Umwelt<br \/>\n\u00a0\u00a0\u00a0\u00a0Staatsbetrieb Sachsenforst<br \/>\n\u00a0\u00a0\u00a0\u00a0Staatsbetrieb Staatliche Betriebsgesellschaft f\u00fcr Umwelt und Landwirtschaft<br \/>\nS\u00e4chsisches Staatsministerium f\u00fcr Kultus<br \/>\n\u00a0\u00a0\u00a0\u00a0Landesamt f\u00fcr Schule und Bildung<br \/>\nS\u00e4chsisches Staatsministerium f\u00fcr Infrastruktur und Landesentwicklung<br \/>\n\u00a0\u00a0\u00a0\u00a0Flugl\u00e4rmschutzbeauftragter<br \/>\n\u00a0\u00a0\u00a0\u00a0Landesamt f\u00fcr Denkmalpflege Sachsen<br \/>\n\u00a0\u00a0\u00a0\u00a0Landesamt f\u00fcr Geobasisinformation Sachsen<br \/>\n\u00a0\u00a0\u00a0\u00a0Landesamt f\u00fcr Stra\u00dfenbau und Verkehr<br \/>\n\u00a0\u00a0\u00a0\u00a0Sachsen \u2013 Europ\u00e4ischer Ausschuss der Regionen<br \/>\nS\u00e4chsisches Staatsministerium f\u00fcr Soziales, Gesundheit und Gesellschaftlichen Zusammenhalt<br \/>\n\u00a0\u00a0\u00a0\u00a0Kinder- und Jugendbeauftragte der S\u00e4chsischen Staatsregierung<br \/>\n\u00a0\u00a0\u00a0\u00a0Opferbeauftragte der S\u00e4chsischen Staatsregierung<br \/>\nS\u00e4chsisches Staatsministerium f\u00fcr Wirtschaft, Arbeit, Energie und Klimaschutz<br \/>\n\u00a0\u00a0\u00a0\u00a0Digitalagentur Sachsen<br \/>\n\u00a0\u00a0\u00a0\u00a0Zentrum f\u00fcr Fachkr\u00e4ftesicherung und Gute Arbeit Sachsen<br \/>\nS\u00e4chsisches Staatsministerium f\u00fcr Wissenschaft, Kultur und Tourismus<br \/>\n\u00a0\u00a0\u00a0\u00a0Landesamt f\u00fcr Arch\u00e4ologie Sachsen<br \/>\n\u00a0\u00a0\u00a0\u00a0S\u00e4chsische Landesbibliothek \u2013 Staats- und Universit\u00e4tsbibliothek Dresden<br \/>\nLandestierschutzbeauftragteHochschule der S\u00e4chsischen Polizei<br \/>\nLandeskriminalamt Sachsen<br \/>\nLandespolizeipr\u00e4sidium<br \/>\nPolizeidirektion Chemnitz<br \/>\nPolizeidirektion Dresden<br \/>\nPolizeidirektion G\u00f6rlitz<br \/>\nPolizeidirektion Leipzig<br \/>\nPolizeidirektion Zwickau<br \/>\nPolizeiverwaltungsamt<br \/>\nPr\u00e4sidium der BereitschaftspolizeiStaatsanwaltschaft Chemnitz<br \/>\nStaatsanwaltschaft Dresden<br \/>\nStaatsanwaltschaft G\u00f6rlitz<br \/>\nStaatsanwaltschaft Leipzig<br \/>\nStaatsanwaltschaft ZwickauBeauftragter der S\u00e4chsischen Staatsregierung f\u00fcr das J\u00fcdische Leben und gegen Antisemitismus<br \/>\nS\u00e4chsische StaatsregierungS\u00e4chsische Agentur f\u00fcr Strukturentwicklung GmbH<br \/>\nS\u00e4chsische Datenschutz- und Transparenzbeauftragte<br \/>\nArbeitsgericht Bautzen<br \/>\nS\u00e4chsisches Oberbergamt<br \/>\nfutureSAX \u2013 die Innovationsplattform des Freistaates Sachsen<br \/>\nS\u00e4chsische Energieagentur &#8211; SAENA GmbH<br \/>\nLISt Gesellschaft f\u00fcr Verkehrswesen und ingenieurtechnische Dienstleistungen mbH<br \/>\nWirtschaftsf\u00f6rderung Sachsen GmbH<\/p>\n<p>ThemaalleArbeit<br \/>\nBau, Immobilien<br \/>\nBesch\u00e4ftigungspolitik<br \/>\nVerbraucherschutzCorona<br \/>\nFamilie<br \/>\nGesundheit<br \/>\nGleichstellung<br \/>\nIntegration<br \/>\nJugend<br \/>\nSoziales<br \/>\nTierseuchenbek\u00e4mpfungAsyl<br \/>\nDemografie<br \/>\nDemokratie<br \/>\nDigitalisierung<br \/>\nEhrenamt<br \/>\nEuropa<br \/>\nGedenkst\u00e4tten<br \/>\nInfrastruktur<br \/>\nKirchen und Religionsgemeinschaften<br \/>\nKommunales<br \/>\nLandesentwicklung<br \/>\nL\u00e4ndlicher Raum<br \/>\nNachhaltigkeit<br \/>\nSorben<br \/>\nStatistik<br \/>\nStrukturwandelBev\u00f6lkerungsschutz<br \/>\nFinanzen<br \/>\nJustiz<br \/>\nSicherheit &amp; Inneres<br \/>\nSteuernArch\u00e4ologie<br \/>\nArchivwesen<br \/>\nDenkmalpflege<br \/>\nKunst &amp; Kultur<br \/>\nMedien<br \/>\nSport<br \/>\nTourismusAus- und Weiterbildung<br \/>\nBildung<br \/>\nForschung<br \/>\nFr\u00fchkindliche Bildung<br \/>\nHochschule<br \/>\nSchuleF\u00f6rderportal<br \/>\nVeranstaltungHaushalt<br \/>\nKabinett<br \/>\nMinisterpr\u00e4sident<br \/>\nTermine\/EinladungenKlimaschutz<br \/>\nLandwirtschaft<br \/>\nUmwelt<br \/>\nWald &amp; ForstBergbau<br \/>\nEnergie<br \/>\nForschung\/Technologie<br \/>\nVerkehr<br \/>\nWirtschaft<br \/>\nWirtschaftsf\u00f6rderung<\/p>\n<p>Suchen<\/p>\n<p> <a href=\"#header\" class=\"link-scroll-to-top\" data-scroll-to-top=\"\" title=\"zur\u00fcck zum Seitenanfang\"><img decoding=\"async\" class=\"svg-img\" src=\"https:\/\/www.styleguide.sachsen.de\/dist\/2.26.3\/themes\/white\/img\/svg\/icon-totop.svg\" alt=\"zur\u00fcck zum Seitenanfang\"\/><\/a><\/p>\n","protected":false},"excerpt":{"rendered":"27.02.2026, 16:58 Uhr \u2014 Erstver\u00f6ffentlichung (aktuell) Medieninformation Polizeidirektion Dresden Nr. 103|26 Autor: Rocco Reichel (rr) Landeshauptstadt DresdenVermisste wieder&hellip;\n","protected":false},"author":2,"featured_media":363950,"comment_status":"","ping_status":"","sticky":false,"template":"","format":"standard","meta":{"footnotes":"","_share_on_mastodon":"0"},"categories":[1835],"tags":[3364,29,2386,30,859],"class_list":["post-830923","post","type-post","status-publish","format-standard","has-post-thumbnail","category-dresden","tag-de","tag-deutschland","tag-dresden","tag-germany","tag-sachsen"],"share_on_mastodon":{"url":"https:\/\/pubeurope.com\/@de\/116145256450977101","error":""},"_links":{"self":[{"href":"https:\/\/www.europesays.com\/de\/wp-json\/wp\/v2\/posts\/830923","targetHints":{"allow":["GET"]}}],"collection":[{"href":"https:\/\/www.europesays.com\/de\/wp-json\/wp\/v2\/posts"}],"about":[{"href":"https:\/\/www.europesays.com\/de\/wp-json\/wp\/v2\/types\/post"}],"author":[{"embeddable":true,"href":"https:\/\/www.europesays.com\/de\/wp-json\/wp\/v2\/users\/2"}],"replies":[{"embeddable":true,"href":"https:\/\/www.europesays.com\/de\/wp-json\/wp\/v2\/comments?post=830923"}],"version-history":[{"count":0,"href":"https:\/\/www.europesays.com\/de\/wp-json\/wp\/v2\/posts\/830923\/revisions"}],"wp:featuredmedia":[{"embeddable":true,"href":"https:\/\/www.europesays.com\/de\/wp-json\/wp\/v2\/media\/363950"}],"wp:attachment":[{"href":"https:\/\/www.europesays.com\/de\/wp-json\/wp\/v2\/media?parent=830923"}],"wp:term":[{"taxonomy":"category","embeddable":true,"href":"https:\/\/www.europesays.com\/de\/wp-json\/wp\/v2\/categories?post=830923"},{"taxonomy":"post_tag","embeddable":true,"href":"https:\/\/www.europesays.com\/de\/wp-json\/wp\/v2\/tags?post=830923"}],"curies":[{"name":"wp","href":"https:\/\/api.w.org\/{rel}","templated":true}]}}