{"id":830924,"date":"2026-02-27T23:45:25","date_gmt":"2026-02-27T23:45:25","guid":{"rendered":"https:\/\/www.europesays.com\/de\/830924\/"},"modified":"2026-02-27T23:45:25","modified_gmt":"2026-02-27T23:45:25","slug":"ihr-ausstatter-eroeffnet-in-dresden-eroeffnungsangebote-bis-zu-71-sichern","status":"publish","type":"post","link":"https:\/\/www.europesays.com\/de\/830924\/","title":{"rendered":"Ihr Ausstatter er\u00f6ffnet in Dresden: Er\u00f6ffnungsangebote bis zu 71 % sichern!"},"content":{"rendered":"<p class=\"Textstyled__Text-sc-1cqv9mi-0 dKgfuR\">Sachsens gr\u00f6\u00dfter Raumausstatter ist jetzt auch in Dresden vertreten! Seit November hat <a href=\"https:\/\/www.schmidt-ausstatter.de\/\" target=\"_blank\" rel=\"sponsored nofollow noopener\" title=\"https:\/\/www.schmidt-ausstatter.de\/\" data-vars-event-category=\"intext_link\" data-vars-event-action=\"click\" data-vars-event-label=\"https:\/\/www.schmidt-ausstatter.de\/\"><b>Schmidt &#8211; IHR AUSSTATTER<\/b><\/a> seinen neuen Standort auf der Gompitzer H\u00f6he 7 er\u00f6ffnet \u2013 am ehemaligen Hammer-Standort. Zur gro\u00dfen Neuer\u00f6ffnung vom <b>28.02. bis 14.03.2026<\/b> erwartet Sie eine beeindruckende Ausstellung auf <b>3.500 m\u00b2<\/b> sowie zahlreiche <b>attraktive Er\u00f6ffnungsangebote<\/b>, exklusiv in Dresden-Gompitz.<\/p>\n<p>Sachsens gr\u00f6\u00dfter Raumausstatter jetzt in Dresden<\/p>\n<p class=\"Textstyled__Text-sc-1cqv9mi-0 dKgfuR\">Wer modernes Wohnen liebt, wird hier f\u00fcndig: Bei <a href=\"https:\/\/www.schmidt-ausstatter.de\/\" target=\"_blank\" rel=\"sponsored nofollow noopener\" title=\"https:\/\/www.schmidt-ausstatter.de\/\" data-vars-event-category=\"intext_link\" data-vars-event-action=\"click\" data-vars-event-label=\"https:\/\/www.schmidt-ausstatter.de\/\"><b>Schmidt &#8211; IHR AUSSTATTER<\/b><\/a> entdecken Sie alles rund um <b>Bodenbel\u00e4ge, Gardinen, Sonnenschutz, Bettwaren und Wohnaccessoires<\/b> \u2013 hochwertig, individuell und auf Wunsch <b>ma\u00dfgefertigt<\/b>. Ob Renovierung, Neugestaltung oder kleines Wohn-Upgrade: Das Sortiment deckt wirklich jeden Wohntraum ab.<\/p>\n<p>Von Teppich bis Parkett &#8211; Jetzt bei Bodenbel\u00e4gen kr\u00e4ftig sparen<\/p>\n<p class=\"Textstyled__Text-sc-1cqv9mi-0 dKgfuR\"><b>Vorwerk Teppichb\u00f6den bis zu 44% reduziert<\/b><\/p>\n<p class=\"Textstyled__Text-sc-1cqv9mi-0 dKgfuR\">Vorwerk Teppichb\u00f6den \u00fcberzeugen durch hochwertige Materialien, pr\u00e4zise Verarbeitung und strenge Qualit\u00e4tskontrollen \u201eMade in Germany\u201c. Sie sind langlebig, strapazierf\u00e4hig und werden zugleich nachhaltig sowie emissionsarm produziert \u2013 f\u00fcr ein gesundes Raumklima und verantwortungsvolles Wohnen. <\/p>\n<p><img decoding=\"async\" alt=\"Hochwertiger und pflegeleichter Teppichboden von Vorwerk - &quot;Made in Germany&quot;!\" loading=\"lazy\"  src=\"https:\/\/www.europesays.com\/de\/wp-content\/uploads\/2026\/02\/2YOR6B4P4BCIPIJ4DJMQ3PMILM.png\" \/><\/p>\n<p class=\"Textstyled__Text-sc-1cqv9mi-0 dKgfuR\"><b>Riesige Auswahl an L\u00e4ufern bis zu 30% reduziert<\/b><\/p>\n<p class=\"Textstyled__Text-sc-1cqv9mi-0 dKgfuR\">Entdecken Sie zur Er\u00f6ffnung eine riesige Auswahl an L\u00e4ufern in verschiedenen Breiten wie 50, 60, 67, 80, 95, 100 und 120 cm \u2013 bis zu 30 % g\u00fcnstiger. Einfach Wunschma\u00df vor Ort ketteln lassen und direkt mitnehmen, ohne Wartezeit. <\/p>\n<p class=\"Textstyled__Text-sc-1cqv9mi-0 dKgfuR\"><b>Vorwerk Klebevinyl-Dekore bis zu 71% reduziert<\/b><\/p>\n<p class=\"Textstyled__Text-sc-1cqv9mi-0 dKgfuR\">Dieses Klebe-Vinyl im gro\u00dfz\u00fcgigen Dielenformat ist die perfekte Wahl f\u00fcr eine extrem strapazierf\u00e4hige, wasserfeste und fl\u00fcsterleise Bodenl\u00f6sung. Schnell zugreifen \u2013 nur solange der Vorrat reicht! <\/p>\n<p><img decoding=\"async\" alt=\"Strapazierf\u00e4hig, wasserbest\u00e4ndig und vollkommen pflegeleicht - das Klebevinyl \u00fcberzeugt nicht nur von der Materialqualit\u00e4t, sondern auch von der Designauswahl.\" loading=\"lazy\"  src=\"https:\/\/www.europesays.com\/de\/wp-content\/uploads\/2026\/02\/252P7B4YORGKZDICUPRUV7QYG4.png\" \/><\/p>\n<p class=\"Textstyled__Text-sc-1cqv9mi-0 dKgfuR\"><b>Edles Parkett bis zu 33 % g\u00fcnstiger<\/b><\/p>\n<p class=\"Textstyled__Text-sc-1cqv9mi-0 dKgfuR\">Jetzt zur Er\u00f6ffnung <b>33 % sparen<\/b> und hochwertigen Parkett-Komfort direkt nach Hause holen! Edles Parkett verbindet nat\u00fcrliche Sch\u00f6nheit mit langlebiger und strapazierf\u00e4higer Qualit\u00e4t. Sie haben die Wahl: M\u00f6chten Sie eine rustikale Optik mit markanten Astanteilen f\u00fcr einen gem\u00fctlichen Landhaus-Charakter oder bevorzugen Sie eine naturale, ruhige Optik f\u00fcr ein zeitloses und elegantes Raumdesign \u2013 jetzt attraktive Preise sichern!<\/p>\n<p><img decoding=\"async\" alt=\"Holen Sie sich Natur in Ihr Zuhause und sichern Sie sich hochwertiges Parkett zum g\u00fcnstigen Er\u00f6ffnungspreis.\" loading=\"lazy\"  src=\"https:\/\/www.europesays.com\/de\/wp-content\/uploads\/2026\/02\/RBW73YDT25BE5EW5JYYAEE77Q4.png\" \/><\/p>\n<p class=\"Textstyled__Text-sc-1cqv9mi-0 dKgfuR\"><b>Absoluter Er\u00f6ffnungs-Kracher: Klick-Laminat 64% g\u00fcnstiger!<\/b><\/p>\n<p class=\"Textstyled__Text-sc-1cqv9mi-0 dKgfuR\">Sichern Sie sich zur Neuer\u00f6ffnung hochwertiges Klick-Laminat schon ab 6,99 \u20ac\/m\u00b2. Profitieren Sie von einem Boden, der nicht nur durch seine nat\u00fcrliche Optik besticht, sondern auch extrem pflegeleicht, strapazierf\u00e4hig und dank des Klick-Systems kinderleicht selbst zu verlegen ist.<\/p>\n<p class=\"Textstyled__Text-sc-1cqv9mi-0 dKgfuR\"><b>PVC-B\u00f6den jetzt bis zu 25% reduziert<\/b><\/p>\n<p class=\"Textstyled__Text-sc-1cqv9mi-0 dKgfuR\">Holz- oder Steinoptik \u2013 PVC \u00fcberzeugt mit strapazierf\u00e4higer Qualit\u00e4t, pflegeleichter Oberfl\u00e4che und angenehmem Laufkomfort. Jetzt zur Er\u00f6ffnung von attraktiven Angeboten profitieren!<\/p>\n<p><img decoding=\"async\" alt=\"Bei Klick-Laminat und PVC-Boden k\u00f6nnen Sie nichts falsch machen. Neben unz\u00e4hligen Varianten, ist es noch dazu einfach zu verlegen und pflegeleicht.\" loading=\"lazy\"  src=\"https:\/\/www.europesays.com\/de\/wp-content\/uploads\/2026\/02\/ZAPWTEDNMBBGVELSYNVRDANKUI.png\" \/>Gardinen nach Ma\u00df \u2013 30 % Rabatt zur Er\u00f6ffnung<\/p>\n<p class=\"Textstyled__Text-sc-1cqv9mi-0 dKgfuR\">Ob Scheibengardine, Raffrollo, Store oder Dekoschal: Zur Neuer\u00f6ffnung erhalten Sie <b>30 % Rabatt auf lagernde Gardinenstoffe<\/b>. Das Besondere: Ihre Gardinen werden im <b>hauseigenen N\u00e4hatelier<\/b> passgenau nach Ihren W\u00fcnschen gefertigt \u2013 f\u00fcr jedes Fenster, jeden Stil, jeden Raum.<\/p>\n<p><img decoding=\"async\" alt=\"Lassen Sie im hauseigenen N\u00e4hatelier Ihre Wunschgardine gleich auf die passenden Ma\u00dfe n\u00e4hen.\" loading=\"lazy\"  src=\"https:\/\/www.europesays.com\/de\/wp-content\/uploads\/2026\/02\/WVEUBQXTVRBFNAAGE3TRPZIBYA.png\" \/>Besser schlafen, besser sparen: Bettwaren-Aktion<\/p>\n<p class=\"Textstyled__Text-sc-1cqv9mi-0 dKgfuR\"><b>Matratzen bis zu 60 % reduziert! <\/b><\/p>\n<p class=\"Textstyled__Text-sc-1cqv9mi-0 dKgfuR\">Jetzt hochwertige Matratzen in verschiedenen H\u00e4rtegraden und Gr\u00f6\u00dfen u. a. 90 x 190 cm, 80 x 190 cm, 90 x 200 cm, 100 x 200 cm sichern \u2013 f\u00fcr erholsamen Schlaf zum Spitzenpreis. Schnell zugreifen, nur solange der Vorrat reicht! <\/p>\n<p class=\"Textstyled__Text-sc-1cqv9mi-0 dKgfuR\"><b>S\u00e4chsische G\u00e4nsefeder-Kissen 30 % g\u00fcnstiger<\/b><\/p>\n<p class=\"Textstyled__Text-sc-1cqv9mi-0 dKgfuR\">Traumhaft schlafen mit s\u00e4chsischen G\u00e4nsefeder-Kissen! 1000 Gramm Federf\u00fcllung, flauschig und komfortabel \u2013 jetzt zur Er\u00f6ffnung 30% g\u00fcnstiger!<\/p>\n<p class=\"Textstyled__Text-sc-1cqv9mi-0 dKgfuR\"><b>Matratzen-Topper jetzt zum halben Preis!<\/b><\/p>\n<p class=\"Textstyled__Text-sc-1cqv9mi-0 dKgfuR\">Verwandeln Sie Ihre Matratze in eine wahre Wohlf\u00fchloase: Die Topper bieten optimale Anpassung an Ihren K\u00f6rper, erh\u00f6hen den Liegekomfort und sorgen f\u00fcr erholsamen Schlaf. Zur Er\u00f6ffnung jetzt <b>50\u202f% g\u00fcnstiger \u2013<\/b> f\u00fcr mehr Komfort jede Nacht!<\/p>\n<p class=\"Textstyled__Text-sc-1cqv9mi-0 dKgfuR\"><b>Ihr R\u00fccken-Upgrade &#8211; Lattenroste zum halben Preis!<\/b><\/p>\n<p class=\"Textstyled__Text-sc-1cqv9mi-0 dKgfuR\">Ein guter Tag beginnt nachts \u2013 mit einer Wirbels\u00e4ule, die durch gezielte Schulter- und Mittelzonen perfekt entlastet wird. Sichern Sie sich zur Er\u00f6ffnung den <b>orthop\u00e4dischen Lattenrost<\/b> (90 x 200 cm) mit individueller H\u00e4rteregulierung f\u00fcr alle Matratzentypen jetzt um unschlagbare <b>50 % g\u00fcnstiger<\/b>!<\/p>\n<p><img decoding=\"async\" alt=\"Gesunder Schlaf ist das A und O: Tun Sie Ihrem R\u00fccken etwas Gutes und investieren Sie in guten Schlaf.\" loading=\"lazy\"  src=\"https:\/\/www.europesays.com\/de\/wp-content\/uploads\/2026\/02\/PZGODXSQ45GT3CNPUCVOEHCTUQ.png\" \/>Wohntextilien &amp; Accessoires zum Er\u00f6ffnungspreis<\/p>\n<p class=\"Textstyled__Text-sc-1cqv9mi-0 dKgfuR\">Verwandeln Sie Ihr Heim in eine echte Wohlf\u00fchloase: Sichern Sie sich <b>hochwertige Winterbettw\u00e4sche mit 10 % Rabatt<\/b> f\u00fcr gem\u00fctliche N\u00e4chte oder frischen Sie Ihr Badezimmer mit flauschigen <b>Handt\u00fcchern und Seifenlappen<\/b> mit bis zu <b>25 % Preisvorteil<\/b> auf. Hochwertige Qualit\u00e4t trifft auf unschlagbare Er\u00f6ffnungsangebote \u2013 greifen Sie zu, solange der Vorrat reicht!<\/p>\n<p>Sonnenschutz clever planen: 15 % Winterrabatt auf Markisen<\/p>\n<p class=\"Textstyled__Text-sc-1cqv9mi-0 dKgfuR\">Bis <b>20.03.2026<\/b> profitieren Sie von <b>15 % Winterrabatt auf ausgew\u00e4hlte Markisenmodelle*<\/b>. Jetzt planen und im Sommer entspannt genie\u00dfen \u2013 <b>inklusive fachgerechter Beratung und Montage.<\/b><\/p>\n<p class=\"Textstyled__Text-sc-1cqv9mi-0 dKgfuR\">*auf Markisengestelle CLASSIC und art_01<\/p>\n<p><img decoding=\"async\" alt=\"Freuen Sie sich schon auf den Sommer? Dann sorgen Sie schon jetzt f\u00fcr angenehme Nachmittage im Schatten und sichern Sie sich das Markisenangebot!\" loading=\"lazy\"  src=\"https:\/\/www.europesays.com\/de\/wp-content\/uploads\/2026\/02\/ZOQYCIL3UNF3JBUJXQDH3GZYSM.png\" \/><img decoding=\"async\" alt=\"\" loading=\"lazy\"  src=\"https:\/\/www.europesays.com\/de\/wp-content\/uploads\/2026\/02\/XLCXYPTUUVDOBKOLQASPJM7LRM.png\" \/><\/p>\n<p>Noch mehr Angebote im Prospekt<\/p>\n<p>Mehr als Verkauf: Die Services von Schmidt &#8211; IHR AUSSTATTER<\/p>\n<p class=\"Textstyled__Text-sc-1cqv9mi-0 dKgfuR\">Ein echtes Plus sind die umfangreichen Dienstleistungen:<\/p>\n<ul class=\"Liststyled__UnorderedList-sc-1ck6pl2-1 iyAmNN\" data-testid=\"list\">\n<li class=\"ListItemstyled__ListItem-sc-u7ur86-0 cvVRXc\">Fachgerechtes <b>Verlegen und Aufbereiten von Bodenbel\u00e4gen<\/b><\/li>\n<li class=\"ListItemstyled__ListItem-sc-u7ur86-0 cvVRXc\"><b>Gardinen-Ma\u00dfanfertigung<\/b><\/li>\n<li class=\"ListItemstyled__ListItem-sc-u7ur86-0 cvVRXc\"><b>Maler- und Tapezierarbeiten<\/b><\/li>\n<li class=\"ListItemstyled__ListItem-sc-u7ur86-0 cvVRXc\">Ma\u00dfanfertigung &amp; Montage von <b>Sonnen- und Insektenschutz<\/b><\/li>\n<li class=\"ListItemstyled__ListItem-sc-u7ur86-0 cvVRXc\"><b>Aufpolstern &amp; Reparieren<\/b> Ihrer Lieblingspolster statt Neukauf<\/li>\n<li class=\"ListItemstyled__ListItem-sc-u7ur86-0 cvVRXc\">Gro\u00dfe Auswahl an <b>Matratzen &amp; Bettwaren<\/b><\/li>\n<\/ul>\n<p class=\"Textstyled__Text-sc-1cqv9mi-0 dKgfuR\">Alles aus einer Hand \u2013 kompetent, zuverl\u00e4ssig und pers\u00f6nlich.<\/p>\n<p>Kontakt zu Schmidt &#8211; IHR AUSSTATTER e.K. aufnehmenNiederlassung Dresden<\/p>\n<p class=\"Textstyled__Text-sc-1cqv9mi-0 dKgfuR\"><b>Adresse:<\/b> Gompitzer H\u00f6he 7, 01156 Dresden<\/p>\n<p class=\"Textstyled__Text-sc-1cqv9mi-0 dKgfuR\"><b>Telefon:<\/b> 0351 46677490<\/p>\n<p class=\"Textstyled__Text-sc-1cqv9mi-0 dKgfuR\"><b>E-Mail:<\/b> <a href=\"https:\/\/www.saechsische.de\/anzeigen\/mailto:dresden@schmidt-ausstatter.de\" target=\"_self\" rel=\"sponsored nofollow noopener\" title=\"https:\/\/www.saechsische.de\/anzeigen\/mailto:dresden@schmidt-ausstatter.de\" data-vars-event-category=\"intext_link\" data-vars-event-action=\"click\" data-vars-event-label=\"https:\/\/www.saechsische.de\/anzeigen\/mailto:dresden@schmidt-ausstatter.de\">dresden@schmidt-ausstatter.de<\/a><\/p>\n<p class=\"Textstyled__Text-sc-1cqv9mi-0 dKgfuR\"><b>\u00d6ffnungszeiten:<\/b> Mo. \u2013 Fr.: 09:30 \u2013 18:30 Uhr | Sa: 09:30 \u2013 16:00 Uhr<\/p>\n<p class=\"Textstyled__Text-sc-1cqv9mi-0 dKgfuR\"><b>Webseite:<\/b> <a href=\"https:\/\/www.schmidt-ausstatter.de\" target=\"_blank\" rel=\"sponsored nofollow noopener\" title=\"https:\/\/www.schmidt-ausstatter.de\" data-vars-event-category=\"intext_link\" data-vars-event-action=\"click\" data-vars-event-label=\"https:\/\/www.schmidt-ausstatter.de\">www.schmidt-ausstatter.de<\/a><\/p>\n<p class=\"Textstyled__Text-sc-1cqv9mi-0 dKgfuR\"><b>Folgen Sie Schmidt &#8211; IHR AUSSTATTER auf Social Media:<\/b> <a href=\"https:\/\/www.instagram.com\/schmidt_ihr_ausstatter\/\" target=\"_blank\" rel=\"sponsored nofollow noopener\" title=\"https:\/\/www.instagram.com\/schmidt_ihr_ausstatter\/\" data-vars-event-category=\"intext_link\" data-vars-event-action=\"click\" data-vars-event-label=\"https:\/\/www.instagram.com\/schmidt_ihr_ausstatter\/\">Instagram<\/a> | <a href=\"https:\/\/www.facebook.com\/SchmidtIhrAusstatter\" target=\"_blank\" rel=\"sponsored nofollow noopener\" title=\"https:\/\/www.facebook.com\/SchmidtIhrAusstatter\" data-vars-event-category=\"intext_link\" data-vars-event-action=\"click\" data-vars-event-label=\"https:\/\/www.facebook.com\/SchmidtIhrAusstatter\">Facebook<\/a> | <a href=\"https:\/\/de.pinterest.com\/SchmidtIHRAUSSTATTER\/\" target=\"_blank\" rel=\"sponsored nofollow noopener\" title=\"https:\/\/de.pinterest.com\/SchmidtIHRAUSSTATTER\/\" data-vars-event-category=\"intext_link\" data-vars-event-action=\"click\" data-vars-event-label=\"https:\/\/de.pinterest.com\/SchmidtIHRAUSSTATTER\/\">Pinterest<\/a><\/p>\n<p><script async src=\"\/\/www.instagram.com\/embed.js\"><\/script><\/p>\n","protected":false},"excerpt":{"rendered":"Sachsens gr\u00f6\u00dfter Raumausstatter ist jetzt auch in Dresden vertreten! Seit November hat Schmidt &#8211; IHR AUSSTATTER seinen neuen&hellip;\n","protected":false},"author":2,"featured_media":830925,"comment_status":"","ping_status":"","sticky":false,"template":"","format":"standard","meta":{"footnotes":"","_share_on_mastodon":"0"},"categories":[1835],"tags":[3364,29,2386,30,859],"class_list":["post-830924","post","type-post","status-publish","format-standard","has-post-thumbnail","category-dresden","tag-de","tag-deutschland","tag-dresden","tag-germany","tag-sachsen"],"share_on_mastodon":{"url":"https:\/\/pubeurope.com\/@de\/116145260769847029","error":""},"_links":{"self":[{"href":"https:\/\/www.europesays.com\/de\/wp-json\/wp\/v2\/posts\/830924","targetHints":{"allow":["GET"]}}],"collection":[{"href":"https:\/\/www.europesays.com\/de\/wp-json\/wp\/v2\/posts"}],"about":[{"href":"https:\/\/www.europesays.com\/de\/wp-json\/wp\/v2\/types\/post"}],"author":[{"embeddable":true,"href":"https:\/\/www.europesays.com\/de\/wp-json\/wp\/v2\/users\/2"}],"replies":[{"embeddable":true,"href":"https:\/\/www.europesays.com\/de\/wp-json\/wp\/v2\/comments?post=830924"}],"version-history":[{"count":0,"href":"https:\/\/www.europesays.com\/de\/wp-json\/wp\/v2\/posts\/830924\/revisions"}],"wp:featuredmedia":[{"embeddable":true,"href":"https:\/\/www.europesays.com\/de\/wp-json\/wp\/v2\/media\/830925"}],"wp:attachment":[{"href":"https:\/\/www.europesays.com\/de\/wp-json\/wp\/v2\/media?parent=830924"}],"wp:term":[{"taxonomy":"category","embeddable":true,"href":"https:\/\/www.europesays.com\/de\/wp-json\/wp\/v2\/categories?post=830924"},{"taxonomy":"post_tag","embeddable":true,"href":"https:\/\/www.europesays.com\/de\/wp-json\/wp\/v2\/tags?post=830924"}],"curies":[{"name":"wp","href":"https:\/\/api.w.org\/{rel}","templated":true}]}}