{"id":830926,"date":"2026-02-27T23:46:13","date_gmt":"2026-02-27T23:46:13","guid":{"rendered":"https:\/\/www.europesays.com\/de\/830926\/"},"modified":"2026-02-27T23:46:13","modified_gmt":"2026-02-27T23:46:13","slug":"familie-klagt-gegen-zugeparkte-gehwege-kinder-muessen-auf-strasse","status":"publish","type":"post","link":"https:\/\/www.europesays.com\/de\/830926\/","title":{"rendered":"Familie klagt gegen zugeparkte Gehwege \u2013 Kinder m\u00fcssen auf Stra\u00dfe"},"content":{"rendered":"<ol class=\"id-DonaldBreadcrumb lp_west_breadcrumb id-DonaldBreadcrumb--default\" data-k5a-pos=\"west_breadcrumb\">\n<li class=\"id-Breadcrumb-item\"><a href=\"https:\/\/www.kreiszeitung.de\/\" class=\"id-Breadcrumb-link\" data-id-ec=\"{\" shn=\"\" textlink=\"\" data-k5a-pos=\"1_startseite\" rel=\"nofollow noopener\" target=\"_blank\">Startseite<\/a><\/li>\n<li class=\"id-Breadcrumb-item\"><a href=\"https:\/\/www.kreiszeitung.de\/lokales\/\" class=\"id-Breadcrumb-link\" data-id-ec=\"{\" shn=\"\" textlink=\"\" data-k5a-pos=\"2_lokales\" rel=\"nofollow noopener\" target=\"_blank\">Lokales<\/a><\/li>\n<li class=\"id-Breadcrumb-item\"><a href=\"https:\/\/www.kreiszeitung.de\/lokales\/bremen\/\" class=\"id-Breadcrumb-link\" data-id-ec=\"{\" shn=\"\" textlink=\"\" data-k5a-pos=\"3_bremen\" rel=\"nofollow noopener\" target=\"_blank\">Bremen<\/a><\/li>\n<\/ol>\n<p class=\"id-Story-timestamp id-Story-timestamp--default\">Stand: 27.02.2026, 18:51 Uhr<\/p>\n<p class=\"id-Story-authors id-Story-authors--default\">Von: <a class=\"id-Story-authors-link lp_west_author\" href=\"https:\/\/www.kreiszeitung.de\/autor\/dierk-rohdenburg-96m1yko5n.html\" title=\"Zur Autorenseite von Dierk Rohdenburg\" data-id-ec=\"{\" shn=\"\" author-link=\"\" rohdenburg=\"\" data-k5a-pos=\"west_author\" rel=\"nofollow noopener\" target=\"_blank\">Dierk Rohdenburg<\/a><\/p>\n<p class=\"id-Story-interactionBar id-Story-interactionBar--default\">DruckenTeilen<\/p>\n<p><img decoding=\"async\" class=\"id-RatioPlaceholder-element wv_story_el_image\" src=\"https:\/\/www.europesays.com\/de\/wp-content\/uploads\/2026\/02\/41669298-zugeparkte-wege-sind-in-bremen-in-vielen-strassen-ein-hindernis-fuer-fussgaenger-477a.jpg\" loading=\"eager\" fetchpriority=\"high\"   height=\"792\" width=\"1408\" alt=\"Zugeparkte Wege sind in Bremen in vielen Stra&#xDF;en ein Hindernis f&#xFC;r Fu&#xDF;g&#xE4;nger.\"\/>Zugeparkte Wege sind in Bremen in vielen Stra\u00dfen ein Hindernis f\u00fcr Fu\u00dfg\u00e4nger und radfahrende Kinder. \u00a9\u00a0SINA SCHULDT\/DPA<\/p>\n<p class=\"id-StoryElement-leadText\">Eine Bremer Familie zieht vor Gericht, weil zugeparkte Gehwege ihre Kinder gef\u00e4hrden. Der VCD unterst\u00fctzt die Klage als Pr\u00e4zedenzfall.<\/p>\n<p class=\"id-StoryElement-paragraph\">Berlin\/Bremen \u2013 Eine Bremer Familie klagt mit Unterst\u00fctzung des Verkehrsclubs Deutschland (VCD) derzeit vor dem Verwaltungsgericht, dass ihre Kinder das Radfahren auf dem Gehweg sicher aus\u00fcben k\u00f6nnen. Der Verkehrsclub m\u00f6chte damit einen Pr\u00e4zedenzfall schaffen, der f\u00fcr den Schutz von Gehwegen Bedeutung erlangen kann. Michael M\u00fcller-G\u00f6rnert, verkehrspolitischer Sprecher des VCD, betont: \u201eKinder haben ein Recht auf gesch\u00fctzte Bewegungsr\u00e4ume. Daf\u00fcr braucht es Platz zum Radfahren und freie, sichere Gehwege.\u201c<\/p>\n<p class=\"id-StoryElement-paragraph\">Im Herbst hatte der \u00f6kologische Verkehrsclub dazu aufgerufen, regelm\u00e4\u00dfig zugeparkte Gehwegabschnitte \u00fcber ein Online-Tool zu melden. Die Auswertung der mehr als 3.300 Meldungen zeige, ein bundesweites Problem, so der VCD: Parkende Fahrzeuge engten vielerorts Gehwege stark ein und gef\u00e4hrdeten damit Fu\u00dfg\u00e4nger und Menschen mit Mobilit\u00e4tseinschr\u00e4nkungen. Dabei sei das Parken auf Gehwegen nur dann zul\u00e4ssig, wenn es durch eine entsprechende Bordsteinmarkierung oder ein Verkehrsschild erlaubt sei.<\/p>\n<p>Klage gegen Parken auf dem Gehweg in Bremen betont weitl\u00e4ufiges Problem<\/p>\n<p class=\"id-StoryElement-paragraph\">\u201eOb zul\u00e4ssig oder nicht: Bei nahezu allen gemeldeten Gehwegabschnitten verbleiben Passanten weniger als 1,50 Meter, in \u00fcber 80 Prozent der F\u00e4lle sogar nur ein Meter oder weniger\u201c, so Michael M\u00fcller-G\u00f6rnert. \u201eAuf jedem vierten gemeldeten Gehwegabschnitt fahren zudem regelm\u00e4\u00dfig Kinder mit dem Rad. Bis zum Alter von acht Jahren m\u00fcssen Kinder zum Radfahren den Gehweg nutzen, um sicher unterwegs zu sein.\u201c Engstellen durch parkende Autos widersprechen dieser Schutzfunktion jedoch, so M\u00fcller-G\u00f6rnert. \u201eBei jeder zweiten Meldung war der Gehweg auf beiden Stra\u00dfenseiten zugeparkt. Den radelnden Kindern, aber auch Fu\u00dfg\u00e4ngern und Rollstuhlfahrern, bleibt dann h\u00e4ufig nichts anderes \u00fcbrig, als auf die Stra\u00dfe auszuweichen \u2013 was schnell lebensgef\u00e4hrlich werden kann.\u201c<\/p>\n","protected":false},"excerpt":{"rendered":"Startseite Lokales Bremen Stand: 27.02.2026, 18:51 Uhr Von: Dierk Rohdenburg DruckenTeilen Zugeparkte Wege sind in Bremen in vielen&hellip;\n","protected":false},"author":2,"featured_media":830927,"comment_status":"","ping_status":"","sticky":false,"template":"","format":"standard","meta":{"footnotes":"","_share_on_mastodon":"0"},"categories":[1824],"tags":[2420,3364,29,30],"class_list":["post-830926","post","type-post","status-publish","format-standard","has-post-thumbnail","category-bremen","tag-bremen","tag-de","tag-deutschland","tag-germany"],"share_on_mastodon":{"url":"https:\/\/pubeurope.com\/@de\/116145264168026452","error":""},"_links":{"self":[{"href":"https:\/\/www.europesays.com\/de\/wp-json\/wp\/v2\/posts\/830926","targetHints":{"allow":["GET"]}}],"collection":[{"href":"https:\/\/www.europesays.com\/de\/wp-json\/wp\/v2\/posts"}],"about":[{"href":"https:\/\/www.europesays.com\/de\/wp-json\/wp\/v2\/types\/post"}],"author":[{"embeddable":true,"href":"https:\/\/www.europesays.com\/de\/wp-json\/wp\/v2\/users\/2"}],"replies":[{"embeddable":true,"href":"https:\/\/www.europesays.com\/de\/wp-json\/wp\/v2\/comments?post=830926"}],"version-history":[{"count":0,"href":"https:\/\/www.europesays.com\/de\/wp-json\/wp\/v2\/posts\/830926\/revisions"}],"wp:featuredmedia":[{"embeddable":true,"href":"https:\/\/www.europesays.com\/de\/wp-json\/wp\/v2\/media\/830927"}],"wp:attachment":[{"href":"https:\/\/www.europesays.com\/de\/wp-json\/wp\/v2\/media?parent=830926"}],"wp:term":[{"taxonomy":"category","embeddable":true,"href":"https:\/\/www.europesays.com\/de\/wp-json\/wp\/v2\/categories?post=830926"},{"taxonomy":"post_tag","embeddable":true,"href":"https:\/\/www.europesays.com\/de\/wp-json\/wp\/v2\/tags?post=830926"}],"curies":[{"name":"wp","href":"https:\/\/api.w.org\/{rel}","templated":true}]}}