{"id":830987,"date":"2026-02-28T00:20:25","date_gmt":"2026-02-28T00:20:25","guid":{"rendered":"https:\/\/www.europesays.com\/de\/830987\/"},"modified":"2026-02-28T00:20:25","modified_gmt":"2026-02-28T00:20:25","slug":"demi-moore-hollywood-star-kaum-wiederzuerkennen-unterhaltung","status":"publish","type":"post","link":"https:\/\/www.europesays.com\/de\/830987\/","title":{"rendered":"Demi Moore: Hollywood-Star kaum wiederzuerkennen | Unterhaltung"},"content":{"rendered":"<p><a class=\"skip-content skip-content--link\" href=\"#in-content-skip-link-target-v-0-0\">TTS-Player \u00fcberspringen\u21b5<\/a><a id=\"in-content-skip-link-target-v-0-0\" class=\"skip-content--target-link-hidden skip-content skip-content--target-link\" href=\"#in-content-skip-link-target-v-0-0\">Artikel weiterlesen<\/a><\/p>\n<p>Mailand &#8211; <b>Ihre langen, glatten Haare waren jahrelang ihr Markenzeichen, jetzt hat Demi Moore (63) schnipp-schnapp gemacht. Der Hollywood-Star kam zur Fashion Week in Mailand mit Bob, frisiert in einem stylishen Wet-Look und war kaum wiederzuerkennen. <\/b><\/p>\n<p>Moore kombinierte die ausgefallene Frisur mit einem ebenso gewagten Outfit und trug eine hautenge, schwarze Lederjacke mit Rei\u00dfverschluss und dazu passende schmale Lederhosen. Au\u00dferdem schwarze Stilettos mit spitzen Zehen. Sie rundete ihr Ensemble mit einer dunklen Sonnenbrille und einer schwarzen Handtasche ab.  <\/p>\n<p>Wer nat\u00fcrlich auch nicht fehlen durfte? Ihre ikonische kleine Chihuahua-H\u00fcndin Pilar, die sie w\u00e4hrend der ganzen Gucci-Show in ihrer Hand hielt. <\/p>\n<p><img decoding=\"async\" width=\"992\" height=\"1323\" alt=\"Gertenschlank und mit H\u00fcndchen im Arm: Demi Moore bei der Gucci-Show\" src=\"https:\/\/www.europesays.com\/de\/wp-content\/uploads\/2026\/02\/d760cdbaecd4cdc1f9e01a59634c9461,7d0c86c5.jpeg\"   class=\"dynamic\" loading=\"lazy\"\/><\/p>\n<p class=\"fig__caption__text\">Sehr schlank und mit H\u00fcndchen im Arm: Demi Moore bei der Gucci-Show<\/p>\n<p>Foto: IMAGO\/ABACAPRESS<\/p>\n<p><img decoding=\"async\" width=\"992\" height=\"558\" alt=\"Ihre langen Haare waren lange ihr Markenzeichen: So sah die Schauspielerin noch im November 2025 aus\" src=\"https:\/\/www.europesays.com\/de\/wp-content\/uploads\/2026\/02\/042dfc714532fd05df7d98cd4dc32f0b,192e924a.jpeg\"   class=\"landscape\" loading=\"lazy\"\/><\/p>\n<p class=\"fig__caption__text\">Ihre langen Haare waren ihr Markenzeichen: So sah die Schauspielerin noch im November 2025 bei einem BILD-Interview in Berlin aus <\/p>\n<p>Foto: Niels Starnick\/BILD<\/p>\n<p>Noch im Januar feierte Moore ihre langen Haare<\/p>\n<p>Der neue Look kommt f\u00fcr viele Fans \u00fcberraschend. Vergangenen Monat sagte <a href=\"https:\/\/www.bild.de\/themen\/personen\/demi-moore\/star-kinofilme-fotos-news-videos-15803132.bild.html\" class=\"text-link\" rel=\"nofollow noopener\" target=\"_blank\">Demi Moore<\/a> noch, dass sie beim Friseur darauf achtet, dass ihre Haare nach dem Besuch genauso lang sind wie zuvor. \u201eNur ein bisschen ausd\u00fcnnen\u201c, so Moore zum \u201e<a href=\"https:\/\/people.com\/demi-moore-shares-her-healthy-hair-secrets-kerastase-interview-exclusive-11884034\" target=\"_blank\" rel=\"nofollow noopener\" class=\"text-link--external text-link\">People<\/a>\u201c-Magazin: \u201eIch achte sehr auf die L\u00e4nge.\u201c <\/p>\n<p>Warum? \u201eDas f\u00fchlt sich am meisten wie ich selbst an. Am Ende des Tages liebe ich es, meine Haare offen zu tragen und zu sehen, wie sie mir \u00fcber die H\u00fcfte fallen. Das ist wie nach Hause kommen.\u201c <\/p>\n<p><img decoding=\"async\" width=\"992\" height=\"1314\" alt=\"Dass die Schauspielerin auf ihr \u00c4u\u00dferes achtet, ist kein Geheimnis. Sie gab bereits zu in der Vergangenheit hier und da nachgeholfen zu haben\" src=\"https:\/\/www.europesays.com\/de\/wp-content\/uploads\/2026\/02\/a7a614040f1570bb7b9b5db331167447,f9044091.jpeg\"   class=\"dynamic\" loading=\"lazy\"\/><\/p>\n<p class=\"fig__caption__text\">Dass die Schauspielerin auf ihr \u00c4u\u00dferes achtet, ist kein Geheimnis. Sie gab bereits zu in der Vergangenheit hier und da nachgeholfen zu haben<\/p>\n<p>Foto: WWD via Getty Images<\/p>\n<p>Star-Friseur steckt hinter der Typ-Ver\u00e4nderung<\/p>\n<p>Jetzt hat sie ihre Meinung anscheinend ge\u00e4ndert. Verantwortlich f\u00fcr die pl\u00f6tzliche Typver\u00e4nderung? Star-Friseur Dimitris Giannetos verpasste der schlanken <a href=\"https:\/\/www.bild.de\/unterhaltung\/stars-und-leute\/demi-will-moore-ruhm-allein-bringt-keine-erfuellung-68f9d868884e16ac997a4744\" class=\"text-link\" rel=\"nofollow noopener\" target=\"_blank\">Demi Moore<\/a> den neuen Look und taufte den Style frech: \u201eDemi-tris BoB\u201c. <\/p>\n<p>Mehr zum Thema<img decoding=\"async\" width=\"992\" height=\"1478\" alt=\"Zum Gucci-Dinner erschien der Star sp\u00e4ter in einem hautengen Kleid. Ihr Hund durfte nicht fehlen\" src=\"https:\/\/www.europesays.com\/de\/wp-content\/uploads\/2026\/02\/64825b884bb986bdc6f3a5fd933ab225,8382faeb.jpeg\"   class=\"dynamic\" loading=\"lazy\"\/><\/p>\n<p class=\"fig__caption__text\">Zum Gucci-Dinner erschien der Star sp\u00e4ter in einem hautengen Kleid. Ihr Hund durfte nicht fehlen<\/p>\n<p>Foto: Getty Images for Gucci<\/p>\n<p>Mit \u201e<a href=\"https:\/\/people.com\/demi-moore-unrecognizable-radical-makeover-dramatic-bob-hairstyle-11915917\" target=\"_blank\" rel=\"nofollow noopener\" class=\"text-link--external text-link\">People<\/a>\u201c sprach Giannetos \u00fcber die Inspiration hinter der neuen Frisur: \u201eIch wollte Demi f\u00fcr Demnas Show einen sehr gewagten und modischen Look verpassen. Er ist von den Silhouetten der neuen Kollektion inspiriert. Ich fand, dass ein toller, kurzer Bob mit dieser sehr glatten, nassen Textur perfekt zu ihrem Look passen w\u00fcrde. Das ist eine gro\u00dfe Ver\u00e4nderung f\u00fcr Demi &#8211; so haben wir sie noch nie gesehen! Sie sieht sehr cool, l\u00e4ssig und modern aus. Und es unterstreicht ihre Pers\u00f6nlichkeit.\u201c<\/p>\n","protected":false},"excerpt":{"rendered":"TTS-Player \u00fcberspringen\u21b5Artikel weiterlesen Mailand &#8211; Ihre langen, glatten Haare waren jahrelang ihr Markenzeichen, jetzt hat Demi Moore (63)&hellip;\n","protected":false},"author":2,"featured_media":830988,"comment_status":"","ping_status":"","sticky":false,"template":"","format":"standard","meta":{"footnotes":"","_share_on_mastodon":"0"},"categories":[155],"tags":[29,214,21521,22068,30,2995,683,185885,27255,74244,138370,45,97509,215],"class_list":["post-830987","post","type-post","status-publish","format-standard","has-post-thumbnail","category-unterhaltung","tag-deutschland","tag-entertainment","tag-fashion-week","tag-friseur","tag-germany","tag-haare","tag-hollywood","tag-mailand-fashion-week","tag-moore-demi","tag-styling","tag-team-first","tag-texttospeech","tag-trend-frisur","tag-unterhaltung"],"share_on_mastodon":{"url":"https:\/\/pubeurope.com\/@de\/116145398066083346","error":""},"_links":{"self":[{"href":"https:\/\/www.europesays.com\/de\/wp-json\/wp\/v2\/posts\/830987","targetHints":{"allow":["GET"]}}],"collection":[{"href":"https:\/\/www.europesays.com\/de\/wp-json\/wp\/v2\/posts"}],"about":[{"href":"https:\/\/www.europesays.com\/de\/wp-json\/wp\/v2\/types\/post"}],"author":[{"embeddable":true,"href":"https:\/\/www.europesays.com\/de\/wp-json\/wp\/v2\/users\/2"}],"replies":[{"embeddable":true,"href":"https:\/\/www.europesays.com\/de\/wp-json\/wp\/v2\/comments?post=830987"}],"version-history":[{"count":0,"href":"https:\/\/www.europesays.com\/de\/wp-json\/wp\/v2\/posts\/830987\/revisions"}],"wp:featuredmedia":[{"embeddable":true,"href":"https:\/\/www.europesays.com\/de\/wp-json\/wp\/v2\/media\/830988"}],"wp:attachment":[{"href":"https:\/\/www.europesays.com\/de\/wp-json\/wp\/v2\/media?parent=830987"}],"wp:term":[{"taxonomy":"category","embeddable":true,"href":"https:\/\/www.europesays.com\/de\/wp-json\/wp\/v2\/categories?post=830987"},{"taxonomy":"post_tag","embeddable":true,"href":"https:\/\/www.europesays.com\/de\/wp-json\/wp\/v2\/tags?post=830987"}],"curies":[{"name":"wp","href":"https:\/\/api.w.org\/{rel}","templated":true}]}}