{"id":831045,"date":"2026-02-28T00:52:15","date_gmt":"2026-02-28T00:52:15","guid":{"rendered":"https:\/\/www.europesays.com\/de\/831045\/"},"modified":"2026-02-28T00:52:15","modified_gmt":"2026-02-28T00:52:15","slug":"ishares-europe-quality-etf-substanzfokus","status":"publish","type":"post","link":"https:\/\/www.europesays.com\/de\/831045\/","title":{"rendered":"iShares Europe Quality ETF: Substanzfokus"},"content":{"rendered":"<p>&#13;<br \/>\n\t&#13;<br \/>\n\t\t<a href=\"https:\/\/www.ad-hoc-news.de\/themen\/Europe\" class=\"keywords\" style=\"color:#9e0f15;\" rel=\"nofollow noopener\" target=\"_blank\">Europe<\/a>, <a href=\"https:\/\/www.ad-hoc-news.de\/themen\/Quality\" class=\"keywords\" style=\"color:#9e0f15;\" rel=\"nofollow noopener\" target=\"_blank\">Quality<\/a>\t\t&#13;<br \/>\n\t\t28.02.2026 &#8211; 01:21:22 | boerse-global.de&#13;<br \/>\n\t&#13;<\/p>\n<p class=\"teaser\">Der ETF setzt auf europ\u00e4ische Firmen mit hoher Rentabilit\u00e4t und niedriger Verschuldung. Die Strategie reagiert sensibel auf Zins\u00e4nderungen und wird durch regelm\u00e4\u00dfige Index-\u00dcberpr\u00fcfungen angepasst.<\/p>\n<p>&#13;<br \/>\n&#13;<br \/>\n\t\t&#13;<br \/>\n\t&#13;<br \/>\n\t\t\t&#13;<br \/>\n\t&#13;<br \/>\n\t&#13;<\/p>\n<p>Anleger am europ\u00e4ischen Aktienmarkt richten ihren Blick verst\u00e4rkt auf Unternehmen mit soliden Fundamentaldaten. Der iShares Edge MSCI Europe Quality Factor UCITS ETF bietet einen gezielten Zugang zu Firmen, die sich durch hohe Rentabilit\u00e4t und finanzielle Stabilit\u00e4t auszeichnen. Doch wie belastbar ist dieser Qualit\u00e4tsansatz im derzeitigen Marktumfeld?<\/p>\n<p>Fokus auf fundamentale St\u00e4rke<\/p>\n<p>Der ETF bildet den MSCI Europe Sector Neutral Quality Index ab. Diese Strategie filtert gezielt europ\u00e4ische Unternehmen heraus, die drei wesentliche Kriterien erf\u00fcllen: eine hohe Eigenkapitalrendite, niedrige Verschuldung und eine geringe Variabilit\u00e4t der Gewinne \u00fcber die Jahre. Durch diesen Fokus sollen resiliente Konzerne identifiziert werden, die auch in wirtschaftlich unsicheren Zeiten eine h\u00f6here Stabilit\u00e4t als der breite Markt bieten k\u00f6nnten.<\/p>\n<p>Index-Anpassungen und Marktfaktoren<\/p>\n<p>F\u00fcr die weitere Entwicklung sind vor allem die halbj\u00e4hrlichen Index-\u00dcberpr\u00fcfungen durch MSCI relevant. Bei diesen Terminen findet ein Rebalancing statt, das \u00fcber die Aufnahme oder Streichung von Titeln sowie deren Gewichtung entscheidet. Investoren sollten zudem die Zinspolitik der Europ\u00e4ischen Zentralbank (EZB) genau verfolgen. Da der Strategie-Ansatz stark auf verschuldungsarme Unternehmen setzt, reagiert das Segment empfindlich auf Verschiebungen im Zinsgef\u00fcge und auf die allgemeine Inflationsentwicklung in der Eurozone.<\/p>\n<p>Kosten und Portfolio-Struktur<\/p>\n<p>Mit einer Gesamtkostenquote (TER) von 0,25 % pro Jahr ist der Fonds im Bereich der Faktor-Investments wettbewerbsf\u00e4hig positioniert. Der ETF setzt auf eine physische Replikation und h\u00e4lt derzeit rund 125 Positionen. Zu den gr\u00f6\u00dften Werten im Portfolio geh\u00f6ren aktuell ASML Holding, Allianz und ABB. Diese Zusammensetzung unterstreicht die Ausrichtung auf etablierte Branchenf\u00fchrer mit stabilen Gesch\u00e4ftsmodellen.<\/p>\n<p>Anzeige<\/p>\n<p><a href=\"https:\/\/www.boerse-global.de\/lp\/einzel-analyse\/?trk=AHN_Asset_Analysis_Feed_Middle&amp;isin=IE00BQN1K562&amp;aktienname=iShares+Edge+MSCIope+Quality+Factor+UCITS&amp;adref=Blog_Ad-Hoc-News%3AEx-Article-ID_731518%3AISIN_IE00BQN1K562%3AAktienname_iShares+Edge+MSCIope+Quality+Factor+UCITS%3ASource_Ad-Hoc-News&amp;source=RSS-Ad-Hoc-News\" rel=\"noopener nofollow\" style=\"color: #337ab7 !important; font-weight: bold; text-decoration: underline;\" target=\"_blank\"><strong>Sollten Anleger sofort verkaufen? Oder lohnt sich doch der Einstieg bei iShares Edge MSCIope Quality Factor UCITS?<\/strong><\/a><\/p>\n<p>Die anstehenden Quartalsberichte der europ\u00e4ischen Schwergewichte werden die n\u00e4chste Belastungsprobe f\u00fcr die Gewinnstabilit\u00e4t des Portfolios darstellen. Zeitgleich entscheiden die kommenden Bekanntmachungen von MSCI \u00fcber die k\u00fcnftige Gewichtung der Qualit\u00e4tsmerkmale innerhalb des Index.<\/p>\n<p>Anzeige<\/p>\n<p style=\"margin-bottom: 1em;\"><strong>iShares Edge MSCIope Quality Factor UCITS-Aktie: Kaufen oder verkaufen?! Neue iShares Edge MSCIope Quality Factor UCITS-Analyse vom 28. Februar liefert die Antwort:<\/strong><\/p>\n<p style=\"margin-bottom: 1em;\">Die neusten iShares Edge MSCIope Quality Factor UCITS-Zahlen sprechen eine klare Sprache: Dringender Handlungsbedarf f\u00fcr iShares Edge MSCIope Quality Factor UCITS-Aktion\u00e4re. Lohnt sich ein Einstieg oder sollten Sie lieber verkaufen? In der aktuellen Gratis-Analyse vom 28. Februar erfahren Sie was jetzt zu tun ist.<\/p>\n<p style=\"margin-bottom: 1em;\"><strong>iShares Edge MSCIope Quality Factor UCITS: Kaufen oder verkaufen? <a href=\"https:\/\/www.boerse-global.de\/lp\/einzel-analyse\/?trk=AHN_Asset_Analysis_Feed_Bottom&amp;isin=IE00BQN1K562&amp;aktienname=iShares+Edge+MSCIope+Quality+Factor+UCITS&amp;adref=Blog_Ad-Hoc-News%3AEx-Article-ID_731518%3AISIN_IE00BQN1K562%3AAktienname_iShares+Edge+MSCIope+Quality+Factor+UCITS%3ASource_Ad-Hoc-News&amp;source=RSS-Ad-Hoc-News\" rel=\"noopener nofollow\" style=\"color: #337ab7 !important; font-weight: bold; text-decoration: underline;\" target=\"_blank\">Hier weiterlesen&#8230;<\/a><\/strong><\/p>\n<p>            \t&#13;<br \/>\n&#13;<br \/>\n&#13;<br \/>\n\t&#13;<\/p>\n<p>\t\tHol dir den Wissensvorsprung der Aktien-Profis.<br \/>\n\t\t\t\t\t<img decoding=\"async\" src=\"https:\/\/www.europesays.com\/de\/wp-content\/uploads\/2026\/02\/bild-2471701_200_200.jpg\" style=\"float:left;margin-top:5px;margin-right:20px;\" alt=\"Hol dir den Wissensvorsprung der Aktien-Profis.\"\/><\/p>\n<p style=\"display: inline;\">Seit 2005 liefert der B\u00f6rsenbrief trading-notes verl\u00e4ssliche Aktien-Empfehlungen &#8211; Dreimal die Woche, direkt ins Postfach. <b>100% kostenlos. 100% Expertenwissen.<\/b> Trage einfach deine E-Mail Adresse ein und verpasse ab heute keine Top-Chance mehr. Jetzt kostenlos anmelden <br \/><strong><a href=\"https:\/\/www.trading-house.net\/boersenakademie\/trading-notes\/\" rel=\"nofollow noopener\" target=\"_blank\"><strong>Jetzt abonnieren<\/strong><\/a>. <a href=\"https:\/\/www.trading-house.net\/boersenakademie\/trading-notes\/\" rel=\"nofollow noopener\" target=\"_blank\"><\/a><\/strong><\/p>\n<p>\t&#13;<br \/>\n\t&#13;<\/p>\n<p>&#13;<br \/>\n\t&#13;<br \/>\n\t\t\t\t\t\t\tIE00BQN1K562 | EUROPE | boerse | 68619499 | \t\t\t\t&#13;\n\t<\/p>\n<p>&#13;<br \/>\n&#13;<\/p>\n","protected":false},"excerpt":{"rendered":"&#13; &#13; Europe, Quality &#13; 28.02.2026 &#8211; 01:21:22 | boerse-global.de&#13; &#13; Der ETF setzt auf europ\u00e4ische Firmen mit&hellip;\n","protected":false},"author":2,"featured_media":831046,"comment_status":"","ping_status":"","sticky":false,"template":"","format":"standard","meta":{"footnotes":"","_share_on_mastodon":"0"},"categories":[3933],"tags":[75234,331,332,6891,548,663,158,3934,3935,45817,13,185898,14,15,52988,185896,12,13113,185895,185897],"class_list":["post-831045","post","type-post","status-publish","format-standard","has-post-thumbnail","category-eu","tag-verschuldung","tag-aktuelle-nachrichten","tag-aktuelle-news","tag-etf","tag-eu","tag-europa","tag-europaeische-union","tag-europe","tag-european-union","tag-firmen","tag-headlines","tag-index-ueberpruefungen","tag-nachrichten","tag-news","tag-quality","tag-rentabilitaet","tag-schlagzeilen","tag-strategie","tag-substanzfokus","tag-zinsaenderungen"],"share_on_mastodon":{"url":"https:\/\/pubeurope.com\/@de\/116145524038582139","error":""},"_links":{"self":[{"href":"https:\/\/www.europesays.com\/de\/wp-json\/wp\/v2\/posts\/831045","targetHints":{"allow":["GET"]}}],"collection":[{"href":"https:\/\/www.europesays.com\/de\/wp-json\/wp\/v2\/posts"}],"about":[{"href":"https:\/\/www.europesays.com\/de\/wp-json\/wp\/v2\/types\/post"}],"author":[{"embeddable":true,"href":"https:\/\/www.europesays.com\/de\/wp-json\/wp\/v2\/users\/2"}],"replies":[{"embeddable":true,"href":"https:\/\/www.europesays.com\/de\/wp-json\/wp\/v2\/comments?post=831045"}],"version-history":[{"count":0,"href":"https:\/\/www.europesays.com\/de\/wp-json\/wp\/v2\/posts\/831045\/revisions"}],"wp:featuredmedia":[{"embeddable":true,"href":"https:\/\/www.europesays.com\/de\/wp-json\/wp\/v2\/media\/831046"}],"wp:attachment":[{"href":"https:\/\/www.europesays.com\/de\/wp-json\/wp\/v2\/media?parent=831045"}],"wp:term":[{"taxonomy":"category","embeddable":true,"href":"https:\/\/www.europesays.com\/de\/wp-json\/wp\/v2\/categories?post=831045"},{"taxonomy":"post_tag","embeddable":true,"href":"https:\/\/www.europesays.com\/de\/wp-json\/wp\/v2\/tags?post=831045"}],"curies":[{"name":"wp","href":"https:\/\/api.w.org\/{rel}","templated":true}]}}