{"id":831444,"date":"2026-02-28T04:36:10","date_gmt":"2026-02-28T04:36:10","guid":{"rendered":"https:\/\/www.europesays.com\/de\/831444\/"},"modified":"2026-02-28T04:36:10","modified_gmt":"2026-02-28T04:36:10","slug":"alex-minosch-schaerft-auf-vier-raedern","status":"publish","type":"post","link":"https:\/\/www.europesays.com\/de\/831444\/","title":{"rendered":"Alex Minosch sch\u00e4rft auf vier R\u00e4dern"},"content":{"rendered":"<p class=\"text_ohne_einzug richtext text-em-55 !leading-serif mx-6 desktop:mx-0\">Alex Minoschs blauer Transporter wirkt zun\u00e4chst unscheinbar, doch hinter den Fl\u00fcgelt\u00fcren verbirgt sich ein echtes Juwel: Auf der Transportfl\u00e4che hat sich der 30-J\u00e4hrige eine richtige Werkstatt eingerichtet, mit der er durch die Region f\u00e4hrt. F\u00fcr Minosch ist der <a href=\"https:\/\/rp-online.de\/thema\/beruf\/\" rel=\"nofollow noopener\" target=\"_blank\">Beruf<\/a> des Messer- und Scherenschleifers Familiensache: \u201eSchon mein Uropa, mein Opa und Vater haben diesen Beruf ausge\u00fcbt\u201c, erkl\u00e4rte er. Vor 25 Jahren habe sein Vater ihn das erste Mal mit zur Arbeit genommen: \u201eEr sagte damals: Komm du verdienst dir heute dein Fahrrad\u201c, erinnerte sich Minosch, der seinem Vater damals in einem abgeschnittenen Kittel zur Hand ging. \u201eWir sind dann von Haus zu Haus gegangen und haben Auftr\u00e4ge bekommen\u201c, so der Handwerker. Dieses Erlebnis habe ihn so gepr\u00e4gt, dass er fortan seinem Vater an den Wochenenden und sp\u00e4ter in den Sommerferien aushalf. \u201eIch habe mich damals die ganze Woche darauf gefreut, dass ich samstags mit Papa arbeiten gehen konnte\u201c, erinnerte sich der heute 30-J\u00e4hrige.<\/p>\n","protected":false},"excerpt":{"rendered":"Alex Minoschs blauer Transporter wirkt zun\u00e4chst unscheinbar, doch hinter den Fl\u00fcgelt\u00fcren verbirgt sich ein echtes Juwel: Auf der&hellip;\n","protected":false},"author":2,"featured_media":831445,"comment_status":"","ping_status":"","sticky":false,"template":"","format":"standard","meta":{"footnotes":"","_share_on_mastodon":"0"},"categories":[1849],"tags":[95175,630,186012,186006,186008,3364,29,548,663,3934,30,29067,617,21632,13,1981,186010,186003,40530,4455,14,186005,15,1209,186009,22007,119372,169437,186011,15224,186004,12,24592,186007,4191],"class_list":["post-831444","post","type-post","status-publish","format-standard","has-post-thumbnail","category-moenchengladbach","tag-alex","tag-beruf","tag-berufserfahrung","tag-brotmesser","tag-brotmessern","tag-de","tag-deutschland","tag-eu","tag-europa","tag-europe","tag-germany","tag-gladbacher","tag-handwerk","tag-handwerkskunst","tag-headlines","tag-messer","tag-messerklinge","tag-minosch","tag-mittlerweile","tag-moenchengladbach","tag-nachrichten","tag-nachschaerfen","tag-news","tag-nordrhein-westfalen","tag-rasenmaehermesser","tag-schaerfe","tag-scharf","tag-scharfen","tag-schaerfer","tag-scheren","tag-scherenschleifer","tag-schlagzeilen","tag-schleife","tag-schleifer","tag-vater"],"share_on_mastodon":{"url":"https:\/\/pubeurope.com\/@de\/116146404298594433","error":""},"_links":{"self":[{"href":"https:\/\/www.europesays.com\/de\/wp-json\/wp\/v2\/posts\/831444","targetHints":{"allow":["GET"]}}],"collection":[{"href":"https:\/\/www.europesays.com\/de\/wp-json\/wp\/v2\/posts"}],"about":[{"href":"https:\/\/www.europesays.com\/de\/wp-json\/wp\/v2\/types\/post"}],"author":[{"embeddable":true,"href":"https:\/\/www.europesays.com\/de\/wp-json\/wp\/v2\/users\/2"}],"replies":[{"embeddable":true,"href":"https:\/\/www.europesays.com\/de\/wp-json\/wp\/v2\/comments?post=831444"}],"version-history":[{"count":0,"href":"https:\/\/www.europesays.com\/de\/wp-json\/wp\/v2\/posts\/831444\/revisions"}],"wp:featuredmedia":[{"embeddable":true,"href":"https:\/\/www.europesays.com\/de\/wp-json\/wp\/v2\/media\/831445"}],"wp:attachment":[{"href":"https:\/\/www.europesays.com\/de\/wp-json\/wp\/v2\/media?parent=831444"}],"wp:term":[{"taxonomy":"category","embeddable":true,"href":"https:\/\/www.europesays.com\/de\/wp-json\/wp\/v2\/categories?post=831444"},{"taxonomy":"post_tag","embeddable":true,"href":"https:\/\/www.europesays.com\/de\/wp-json\/wp\/v2\/tags?post=831444"}],"curies":[{"name":"wp","href":"https:\/\/api.w.org\/{rel}","templated":true}]}}