{"id":831662,"date":"2026-02-28T06:47:13","date_gmt":"2026-02-28T06:47:13","guid":{"rendered":"https:\/\/www.europesays.com\/de\/831662\/"},"modified":"2026-02-28T06:47:13","modified_gmt":"2026-02-28T06:47:13","slug":"1-sieg-gegen-bochum-im-abstiegskampf","status":"publish","type":"post","link":"https:\/\/www.europesays.com\/de\/831662\/","title":{"rendered":"1-Sieg gegen Bochum im Abstiegskampf"},"content":{"rendered":"<p>Fortuna feiert 2:1-Heimsieg <\/p>\n<p>Iyoha feiert Torsch\u00fctze Itten: &#8222;Er schwei\u00dft ihn genau ins Eck!&#8220;<\/p>\n<p>28.02.2026 &#8211; 07:29 UhrLesedauer: 3 Min.<\/p>\n<p><a href=\"#focus-0\" class=\"transition-colors duration-200 block text-current relative\" data-sctrack=\"FocusGalleryImage.Reference\"><img fetchpriority=\"high\" data-testid=\"Opener.Image\" style=\"--lqipURL:url('https:\/\/images.t-online.de\/2026\/02\/benJ1Y3sUWpn\/38x0:1769x995\/fit-in\/150x0\/filters:blur(25)\/deutschland-2-bundesliga-2025-2026-fortuna-duesseldorf-vs-vfl-bochum-24-spieltag-27-022026-merkur-spiel-arena-nordrhein-westfalen-emmanuel-iyoha-fortuna-duesseldorf-19-germany-2-bundesliga-2025-2026-fortuna-duesseldorf-vs-vfl-bochum-24-matchday-27-02-2026-merkur-spiel-arena-nordrhein-westfalen-emmanuel-iyoha-fortuna-duesseldorf-19-copyright-xcelinaxleiersx.jpg')\"   loading=\"eager\" src=\"https:\/\/www.europesays.com\/de\/wp-content\/uploads\/2026\/02\/deutschland-2-bundesliga-2025-2026-fortuna-duesseldorf-vs-vfl-bochum-24-spieltag-27-022026-merkur-sp.jpeg\" alt=\"imago images 1073387188\" title=\"imago images 1073387188\" width=\"1769\" height=\"995\" class=\"bg-[url:var(--lqipURL)] bg-cover bg-center flex h-full w-full max-w-full\" decoding=\"async\"\/><img style=\"--width:32;--height:32\" loading=\"lazy\" src=\"https:\/\/duesseldorf.t-online.de\/s\/paper\/_next\/static\/media\/zoom-in.f7dae02f.svg\" alt=\"Vergr\u00f6\u00dfern des Bildes\" title=\"Vergr\u00f6\u00dfern des Bildes\" class=\"block h-[calc(var(--height)_\/_16_*_1rem)] w-[calc(var(--width)_\/_16_*_1rem)] max-w-none absolute bottom-8 right-8 rounded-4 bg-snow p-8\" decoding=\"async\"\/><\/a><\/p>\n<p>Emmanuel Iyoha von der Fortuna: Er bereitet das 1:0 von Cedric Itten vor. (Quelle: IMAGO\/Celina Leiers\/imago)<\/p>\n<p class=\"font-bold text-18 leading-17 user-text-lg:text-22 user-text-xl:text-24\">Ganz wichtiger Dreier f\u00fcr Fortuna im Abstiegskampf: Beim 2:1-Sieg \u00fcber den VfL Bochum verbucht &#8222;Emma&#8220; Iyoha seine erste Vorlage \u2013 und feiert den Torsch\u00fctzen.<\/p>\n<p class=\"text-18 leading-17 user-text-lg:text-22 user-text-xl:text-24\">Ausgelassene Stimmung im Stadion, lachende Gesichter auf dem Platz: Dank der besten Saisonleistung feiert <a class=\"transition-colors duration-200 cursor-pointer text-inherit no-underline text-salemsfur md:hover:text-magenta md:hover:border-magenta md:focus:text-magenta border-current border-b border-solid break-words\" href=\"https:\/\/www.t-online.de\/themen\/fortuna-duesseldorf\/\" data-sctrack=\"BodyAnchor\" rel=\"nofollow noopener\" target=\"_blank\">Fortuna D\u00fcsseldorf<\/a> wieder einen Heimsieg, schl\u00e4gt den VfL Bochum 2:1 und schlie\u00dft in der Tabelle zum Ruhrgebiets-Klub auf.<\/p>\n<p class=\"text-18 leading-17 user-text-lg:text-22 user-text-xl:text-24\">Mittendrin und voll dabei beim munteren Treiben auf dem Rasen: Emmanuel Iyoha, der erst selbst an G\u00e4ste-Keeper Horn scheitert und dann kurz vor der Pause mit einer ma\u00dfgeschneiderten Flanke Toptorj\u00e4ger Cedric Itten findet.<\/p>\n<p class=\"text-18 leading-17 user-text-lg:text-22 user-text-xl:text-24\">Der 28-J\u00e4hrige spricht nach der Partie in der Mixed-Zone \u00fcber die erfolgreiche Co-Produktion beim Tor, eine l\u00e4ngst \u00fcberf\u00e4llige Belohnung f\u00fcr die Fortuna und die Frage, was ihm selbst noch zu seinem ersten Saisontreffer fehlt.<\/p>\n<p class=\"text-18 leading-17 user-text-lg:text-22 user-text-xl:text-24\"><strong class=\"font-bold\">&#8230; einen verdienten Sieg der Fortuna und die entscheidende Schlussphase:<\/strong><\/p>\n<p class=\"text-18 leading-17 user-text-lg:text-22 user-text-xl:text-24\">&#8222;Wir hatten ein paar Momente, in denen von der Orientierung und Ordnung her irgendetwas nicht gepasst hat. Da hat sich Bochum in k\u00fcrzester Zeit ein paar Chancen erspielt. Das Gegentor war dann nochmal der Weckruf f\u00fcr alle: Okay, wir m\u00fcssen schon noch dranbleiben und das Tor verteidigen. Das haben wir dann auch gut gemacht. Aber nat\u00fcrlich w\u00e4re es angenehmer gewesen, selbst noch ein drittes Tor zu schie\u00dfen, anstatt so den Vorsprung von einem Tor \u00fcber die B\u00fchne zu bringen.&#8220;<\/p>\n<p class=\"text-18 leading-17 user-text-lg:text-22 user-text-xl:text-24\"><strong class=\"font-bold\">&#8230; das vorherige Spiel gegen Darmstadt:<\/strong><\/p>\n<p class=\"text-18 leading-17 user-text-lg:text-22 user-text-xl:text-24\">&#8222;Darmstadt war ein Spiel gegen einen guten Gegner, was die Tabellenpositionen angeht. Wir haben ein gutes Spiel gemacht, hatten gute Momente und die Chance, einen Sieg mitzunehmen. Aber am Ende hat der Gegner es dann abgezockt gemacht und die Chance, die er hatte, reingemacht. Umso wichtiger war es, dass wir uns gegen Bochum mit diesem Sieg belohnt haben. Wir haben uns das wieder erarbeitet. Es ist f\u00fcr uns alle mal wieder ein sch\u00f6nes Gef\u00fchl.&#8220;<\/p>\n<p class=\"text-18 leading-17 user-text-lg:text-22 user-text-xl:text-24\"><strong class=\"font-bold\">&#8230; Fortunas Tore und die Sicherung des Sieges:<\/strong><\/p>\n<p class=\"text-18 leading-17 user-text-lg:text-22 user-text-xl:text-24\">&#8222;Beide Aspekte k\u00f6nnen sich sehen lassen. Wir haben zwei Tore gemacht, f\u00fcr unseren Torschnitt in dieser Saison war das un\u00fcblich. Und dann haben wir eben nur eins kassiert und das Ding \u00fcber die B\u00fchne gebracht. Wobei es der Trainer nat\u00fcrlich lieber h\u00e4tte, wenn wir gar kein Tor kassiert h\u00e4tten.&#8220;<\/p>\n","protected":false},"excerpt":{"rendered":"Fortuna feiert 2:1-Heimsieg Iyoha feiert Torsch\u00fctze Itten: &#8222;Er schwei\u00dft ihn genau ins Eck!&#8220; 28.02.2026 &#8211; 07:29 UhrLesedauer: 3&hellip;\n","protected":false},"author":2,"featured_media":831663,"comment_status":"","ping_status":"","sticky":false,"template":"","format":"standard","meta":{"footnotes":"","_share_on_mastodon":"0"},"categories":[1831],"tags":[3174,146025,300,7507,89987,16785,3364,29,3405,3132,36001,30,1209,14701,8173],"class_list":["post-831662","post","type-post","status-publish","format-standard","has-post-thumbnail","category-duesseldorf","tag-3174","tag-146025","tag-abstiegskampf","tag-bochum","tag-cedric-itten","tag-darmstadt","tag-de","tag-deutschland","tag-duesseldorf","tag-fortuna-duesseldorf","tag-friedhelm-funkel","tag-germany","tag-nordrhein-westfalen","tag-rasen","tag-vfl-bochum"],"share_on_mastodon":{"url":"https:\/\/pubeurope.com\/@de\/116146919811994795","error":""},"_links":{"self":[{"href":"https:\/\/www.europesays.com\/de\/wp-json\/wp\/v2\/posts\/831662","targetHints":{"allow":["GET"]}}],"collection":[{"href":"https:\/\/www.europesays.com\/de\/wp-json\/wp\/v2\/posts"}],"about":[{"href":"https:\/\/www.europesays.com\/de\/wp-json\/wp\/v2\/types\/post"}],"author":[{"embeddable":true,"href":"https:\/\/www.europesays.com\/de\/wp-json\/wp\/v2\/users\/2"}],"replies":[{"embeddable":true,"href":"https:\/\/www.europesays.com\/de\/wp-json\/wp\/v2\/comments?post=831662"}],"version-history":[{"count":0,"href":"https:\/\/www.europesays.com\/de\/wp-json\/wp\/v2\/posts\/831662\/revisions"}],"wp:featuredmedia":[{"embeddable":true,"href":"https:\/\/www.europesays.com\/de\/wp-json\/wp\/v2\/media\/831663"}],"wp:attachment":[{"href":"https:\/\/www.europesays.com\/de\/wp-json\/wp\/v2\/media?parent=831662"}],"wp:term":[{"taxonomy":"category","embeddable":true,"href":"https:\/\/www.europesays.com\/de\/wp-json\/wp\/v2\/categories?post=831662"},{"taxonomy":"post_tag","embeddable":true,"href":"https:\/\/www.europesays.com\/de\/wp-json\/wp\/v2\/tags?post=831662"}],"curies":[{"name":"wp","href":"https:\/\/api.w.org\/{rel}","templated":true}]}}