{"id":832084,"date":"2026-02-28T10:45:12","date_gmt":"2026-02-28T10:45:12","guid":{"rendered":"https:\/\/www.europesays.com\/de\/832084\/"},"modified":"2026-02-28T10:45:12","modified_gmt":"2026-02-28T10:45:12","slug":"stromausfall-in-tunnel-kette-a17-am-freitag-stundenlang-gesperrt","status":"publish","type":"post","link":"https:\/\/www.europesays.com\/de\/832084\/","title":{"rendered":"Stromausfall in Tunnel-Kette: A17 am Freitag stundenlang gesperrt"},"content":{"rendered":"<p class=\"text\">\nWegen einer technischen St\u00f6rung in den Autobahntunneln Cosch\u00fctz, D\u00f6lzschen und Altfranken bei Dresden war die Autobahn am Freitag mehrere Stunden voll gesperrt. <br \/>Nach Angaben der Autobahn GmbH des Bundes war infolge einer &#8222;St\u00f6rung der Hauptenergieversorgung&#8220; der Strom in den Tunneln ausgefallen.\n<\/p>\n<p>St\u00f6rung in der Hauptenergieversorgung<\/p>\n<p class=\"text\">\nDas k\u00fcrzlich reparierte Back-Up-System der Stromversorgung habe &#8222;zuverl\u00e4ssig&#8220; reagiert und &#8222;den Verkehr sicher und unter weiterhin vorhandener Beleuchtung abflie\u00dfen&#8220; lassen. Dann habe das System eine automatische Tunnelsperrung eingeleitet.\n<\/p>\n<p>Stau und Verkehrsbehinderungen im Feierabend<\/p>\n<p class=\"text\">\nZwischenzeitlich staute sich der Verkehr in Richtung Prag bis zum Dreieck Dresden-West. In Richtung Dresden gab es bis Heidenau stockenden Verkehr und Stau, meldete der MDR-Verkehrsdienst.\n<\/p>\n<p class=\"text\">\nNach Behebung des Defekts am Freitagabend wurde die Geschwindigkeit im Tunnel Cosch\u00fctz in Fahrtrichtung Prag vorsorglich zur weiteren Beobachtung von Tempo 80 auf 60 gesenkt.<\/p>\n","protected":false},"excerpt":{"rendered":"Wegen einer technischen St\u00f6rung in den Autobahntunneln Cosch\u00fctz, D\u00f6lzschen und Altfranken bei Dresden war die Autobahn am Freitag&hellip;\n","protected":false},"author":2,"featured_media":830338,"comment_status":"","ping_status":"","sticky":false,"template":"","format":"standard","meta":{"footnotes":"","_share_on_mastodon":"0"},"categories":[1835],"tags":[25316,185805,3364,29,2386,30,81,14,859,5667,4733],"class_list":["post-832084","post","type-post","status-publish","format-standard","has-post-thumbnail","category-dresden","tag-a17","tag-autobahnsperre","tag-de","tag-deutschland","tag-dresden","tag-germany","tag-mdr","tag-nachrichten","tag-sachsen","tag-stromausfall","tag-tunnel"],"share_on_mastodon":{"url":"https:\/\/pubeurope.com\/@de\/116147855331801308","error":""},"_links":{"self":[{"href":"https:\/\/www.europesays.com\/de\/wp-json\/wp\/v2\/posts\/832084","targetHints":{"allow":["GET"]}}],"collection":[{"href":"https:\/\/www.europesays.com\/de\/wp-json\/wp\/v2\/posts"}],"about":[{"href":"https:\/\/www.europesays.com\/de\/wp-json\/wp\/v2\/types\/post"}],"author":[{"embeddable":true,"href":"https:\/\/www.europesays.com\/de\/wp-json\/wp\/v2\/users\/2"}],"replies":[{"embeddable":true,"href":"https:\/\/www.europesays.com\/de\/wp-json\/wp\/v2\/comments?post=832084"}],"version-history":[{"count":0,"href":"https:\/\/www.europesays.com\/de\/wp-json\/wp\/v2\/posts\/832084\/revisions"}],"wp:featuredmedia":[{"embeddable":true,"href":"https:\/\/www.europesays.com\/de\/wp-json\/wp\/v2\/media\/830338"}],"wp:attachment":[{"href":"https:\/\/www.europesays.com\/de\/wp-json\/wp\/v2\/media?parent=832084"}],"wp:term":[{"taxonomy":"category","embeddable":true,"href":"https:\/\/www.europesays.com\/de\/wp-json\/wp\/v2\/categories?post=832084"},{"taxonomy":"post_tag","embeddable":true,"href":"https:\/\/www.europesays.com\/de\/wp-json\/wp\/v2\/tags?post=832084"}],"curies":[{"name":"wp","href":"https:\/\/api.w.org\/{rel}","templated":true}]}}