{"id":832119,"date":"2026-02-28T11:04:11","date_gmt":"2026-02-28T11:04:11","guid":{"rendered":"https:\/\/www.europesays.com\/de\/832119\/"},"modified":"2026-02-28T11:04:11","modified_gmt":"2026-02-28T11:04:11","slug":"hamburgs-innensenator-grote-afd-einstufung-das-bundesamt-ist-aufgefordert-in-der-begruendung-nachzuarbeiten","status":"publish","type":"post","link":"https:\/\/www.europesays.com\/de\/832119\/","title":{"rendered":"Hamburgs Innensenator Grote: AfD-Einstufung \u2013 \u201eDas Bundesamt ist aufgefordert, in der Begr\u00fcndung nachzuarbeiten\u201c"},"content":{"rendered":"<p class=\"is-first-paragraph\" data-external=\"Article.FirstParagraph\">Nach der gerichtlichen Eilentscheidung zur Einstufung der AfD sieht der Vorsitzende der Innenministerkonferenz, Hamburgs Innensenator Andy Grote, in puncto Demokratiegef\u00e4hrdung keine Ver\u00e4nderung. Die Entscheidung des Gerichts sei zur Kenntnis zu nehmen, \u201e\u00e4ndert aber nichts an der Gef\u00e4hrlichkeit der AfD f\u00fcr unsere Demokratie\u201c, sagte der SPD-Politiker.<\/p>\n<p>Zuvor hatte das Verwaltungsgericht K\u00f6ln entschieden, dass das Bundesamt f\u00fcr Verfassungsschutz die AfD vorerst nicht als gesichert rechtsextremistisch einstufen und behandeln und sie \u00f6ffentlich auch nicht so bezeichnen darf. Die Entscheidung im Hauptsacheverfahren steht aber noch aus.<\/p>\n<p>\u201eDas Gericht sieht ausdr\u00fccklich hinreichende Erkenntnisse, dass innerhalb der AfD Bestrebungen gegen die freiheitliche demokratische Grundordnung entfaltet werden\u201c, sagte Grote. Allerdings k\u00f6nne der Nachweis \u00fcber die verfassungsfeindliche Ausrichtung der Gesamtpartei derzeit nicht allein aus \u00f6ffentlich zug\u00e4nglichen Quellen gef\u00fchrt werden.<\/p>\n<p>\u201eDas zeigt, wie hoch die rechtsstaatlichen H\u00fcrden hier liegen und wie taktisch-geschickt die AfD agiert\u201c, sagte der Senator. Insofern sei das Bundesamt aufgefordert, in der Begr\u00fcndung seiner Einstufungsentscheidung nachzuarbeiten und sie gegebenenfalls zu erweitern. So seien aktuelle Erkenntnisse zu den Auslandsverbindungen der AfD oder die Gr\u00fcndung der neuen Jugendorganisation Generation Deutschland im bisherigen Verfahren noch nicht ber\u00fccksichtigt. <\/p>\n<p>AfD spricht von \u201eKlatsche\u201c f\u00fcr Verfassungsschutz<\/p>\n<p>Der Hamburger AfD-Landesvorsitzende Dirk Nockemann nannte die K\u00f6lner Entscheidung hingegen \u201eeine Klatsche f\u00fcr den Inlandsgeheimdienst\u201c. Der Beschluss des Verwaltungsgerichts K\u00f6ln \u201ebelehrt all diejenigen eines Besseren, die wider besseres Wissen ein AfD-Verbot fordern\u201c. Er forderte zudem eine Reform des Verfassungsschutzes.<\/p>\n","protected":false},"excerpt":{"rendered":"Nach der gerichtlichen Eilentscheidung zur Einstufung der AfD sieht der Vorsitzende der Innenministerkonferenz, Hamburgs Innensenator Andy Grote, in&hellip;\n","protected":false},"author":2,"featured_media":832120,"comment_status":"","ping_status":"","sticky":false,"template":"","format":"standard","meta":{"footnotes":"","_share_on_mastodon":"0"},"categories":[1826],"tags":[186,34321,29,30,27552,692,8923,5566],"class_list":["post-832119","post","type-post","status-publish","format-standard","has-post-thumbnail","category-hamburg","tag-afd","tag-andy-spd","tag-deutschland","tag-germany","tag-grote","tag-hamburg","tag-lauterbach-joern","tag-parteien"],"share_on_mastodon":{"url":"https:\/\/pubeurope.com\/@de\/116147930163793671","error":""},"_links":{"self":[{"href":"https:\/\/www.europesays.com\/de\/wp-json\/wp\/v2\/posts\/832119","targetHints":{"allow":["GET"]}}],"collection":[{"href":"https:\/\/www.europesays.com\/de\/wp-json\/wp\/v2\/posts"}],"about":[{"href":"https:\/\/www.europesays.com\/de\/wp-json\/wp\/v2\/types\/post"}],"author":[{"embeddable":true,"href":"https:\/\/www.europesays.com\/de\/wp-json\/wp\/v2\/users\/2"}],"replies":[{"embeddable":true,"href":"https:\/\/www.europesays.com\/de\/wp-json\/wp\/v2\/comments?post=832119"}],"version-history":[{"count":0,"href":"https:\/\/www.europesays.com\/de\/wp-json\/wp\/v2\/posts\/832119\/revisions"}],"wp:featuredmedia":[{"embeddable":true,"href":"https:\/\/www.europesays.com\/de\/wp-json\/wp\/v2\/media\/832120"}],"wp:attachment":[{"href":"https:\/\/www.europesays.com\/de\/wp-json\/wp\/v2\/media?parent=832119"}],"wp:term":[{"taxonomy":"category","embeddable":true,"href":"https:\/\/www.europesays.com\/de\/wp-json\/wp\/v2\/categories?post=832119"},{"taxonomy":"post_tag","embeddable":true,"href":"https:\/\/www.europesays.com\/de\/wp-json\/wp\/v2\/tags?post=832119"}],"curies":[{"name":"wp","href":"https:\/\/api.w.org\/{rel}","templated":true}]}}