{"id":832150,"date":"2026-02-28T11:22:15","date_gmt":"2026-02-28T11:22:15","guid":{"rendered":"https:\/\/www.europesays.com\/de\/832150\/"},"modified":"2026-02-28T11:22:15","modified_gmt":"2026-02-28T11:22:15","slug":"joghurt-rueckruf-bei-lidl-wegen-eines-gefaehrlichen-inhaltsstoffs-in-der-eigenmarke-vemondo","status":"publish","type":"post","link":"https:\/\/www.europesays.com\/de\/832150\/","title":{"rendered":"Joghurt-R\u00fcckruf bei Lidl \u2013 wegen eines gef\u00e4hrlichen Inhaltsstoffs in der Eigenmarke Vemondo"},"content":{"rendered":"<p>Discounter warnt seine KundenGro\u00dfer R\u00fcckruf bei Lidl! Gef\u00e4hrlicher Inhaltsstoff im veganen Joghurt <img alt=\"Mehr als 100 Millionen Kunden nutzen die \u00abLidl Plus\u00bb-App. Verbrauchersch\u00fctzer kritisieren die App. (Symbolbild)\" fetchpriority=\"high\" width=\"940\" height=\"529\" decoding=\"async\" data-nimg=\"1\" class=\"Image_image__SdgLQ Picture_image__vGN9W\" style=\"color:transparent\"   src=\"https:\/\/www.europesays.com\/de\/wp-content\/uploads\/2026\/02\/mehr-als-100-millionen-kunden-nutzen-die-lidl-plus-app-verbraucherschuetzer-kritisieren-die-app-symb.webp\"\/><\/p>\n<p>Lidl ruft einen veganen Joghurt zur\u00fcck (Symbolbild).<\/p>\n<p>Hendrik Schmidt\/dpa28. Februar 2026 um 09:35 Uhr<\/p>\n<p class=\"AnnotatedMarkup_paragraph__IUT9l\"><strong>Vorsicht vor diesem Joghurt!<\/strong><br \/>Der Discounter Lidl warnt seine Kunden aktuell vor dem Verzehr einer bestimmten Joghurt-Alternative. Hintergrund: ein Fehler in der Produktion, wodurch das Lebensmittel nicht aufgef\u00fchrte Inhaltsstoffe enth\u00e4lt. Und die k\u00f6nnen insbesondere f\u00fcr Allergiker gef\u00e4hrlich sein.<\/p>\n<p>Lidl-R\u00fcckruf f\u00fcr veganen Joghurt: Dieses Produkt ist betroffen!<\/p>\n<p class=\"AnnotatedMarkup_paragraph__IUT9l\"><strong>Der Lieferant N+G Frischprodukten Vertriebs-GmbH ruft das Produkt \u201eVemondo Soja Classic, ohne Zuckerzusatz, 500g\u201d mit dem Mindesthaltbarkeitsdatum 24. M\u00e4rz 2026 \u00f6ffentlich zur\u00fcck.<\/strong> Es k\u00f6nne nicht ausgeschlossen werden, dass sich Milchbestandteile im Produkt befinden, wie es in der Mitteilung von Lieferant und Lidl hei\u00dft.<\/p>\n<p><img alt=\"Lidl ruft dieses Produkt der veganen Eigenmarke \u201eVemondo\u201d zur\u00fcck.\" fetchpriority=\"auto\" loading=\"lazy\" width=\"940\" height=\"529\" decoding=\"async\" data-nimg=\"1\" class=\"Image_image__SdgLQ Picture_image__vGN9W\" style=\"color:transparent\"   src=\"https:\/\/www.europesays.com\/de\/wp-content\/uploads\/2026\/02\/vemondo-rueckruf.webp.webp\"\/><\/p>\n<p>Lidl ruft dieses Produkt der veganen Eigenmarke \u201eVemondo\u201d zur\u00fcck.<\/p>\n<p>Lebensmittelwarnung.eu<\/p>\n<p class=\"AnnotatedMarkup_paragraph__IUT9l\">Die Warnung: Personen mit einer Milchallergie sollen das Produkt keinesfalls konsumieren, denn die Gefahr einer allergischen Reaktion ist gegeben! F\u00fcr Personen ohne eine solche Allergie ist das Produkt hingegen uneingeschr\u00e4nkt zum Verzehr geeignet.<\/p>\n<p class=\"AnnotatedMarkup_paragraph__IUT9l\"><strong>Lese-Tipp: <\/strong><a href=\"https:\/\/www.rtl.de\/ratgeber\/verbrauchertests\/porridge-bei-oeko-test-dieses-markenprodukt-faellt-durch-wegen-pestiziden-id30403836.html\" target=\"_self\" rel=\"nofollow noopener\">Pestizide im Porridge! Dieses Markenprodukt f\u00e4llt bei \u201e\u00d6ko-Test\u201d durch<\/a><\/p>\n<p class=\"AnnotatedMarkup_paragraph__IUT9l\">Das betroffene Produkt wurde nahezu deutschlandweit verkauft. In den Bundesl\u00e4ndern Baden-W\u00fcrttemberg, Bayern, Bremen, Hamburg, Hessen, Niedersachsen, Nordrhein-Westfalen, Rheinland-Pfalz, Saarland und Schleswig-Holstein landete es in den K\u00fchlregalen. Kunden aus diesen Regionen sollten also ihre Vorr\u00e4te besser \u00fcberpr\u00fcfen.<\/p>\n<p>Video-Tipp: Mythos zuckerfrei \u2013 was steckt wirklich in unseren Lebensmitteln?<\/p>\n<p>18:33 min<\/p>\n<p>Was machen Zuckerersatzstoffe mit unserem K\u00f6rper?<\/p>\n<p>Mythos zuckerfrei &#8211; was steckt wirklich in unseren Lebensmitteln?<\/p>\n<p>Anzeige:<\/p>\n<p>Empfehlungen unserer Partner<\/p>\n<p>Das sind die Symptome einer Milchallergie<\/p>\n<p class=\"AnnotatedMarkup_paragraph__IUT9l\">Eine Milchallergie ist eine der h\u00e4ufigsten Nahrungsmittelallergien bei Babys und Kleinkindern. Bei Erwachsenen kommt sie weniger h\u00e4ufig vor, wie das Portal Allergiecheck angibt. Eine Milchallergie unterscheidet sich von der Laktoseintoleranz \u2013 auch wenn beide schnell zu verwechseln sind.<\/p>\n<p class=\"AnnotatedMarkup_paragraph__IUT9l\">Menschen mit einer Milchallergie haben Symptome, weil ihr Immunsystem die Milchproteine f\u00fcr eine Bedrohung h\u00e4lt. Das k\u00f6nnen zum Beispiel sein: Magenkr\u00e4mpfe, Durchfall, \u00dcbelkeit, Erbrechen, Juckreiz oder Kribbeln um den Mund oder die Lippen und Hautausschlag.<\/p>\n<p>Joghurt-R\u00fcckruf bei Lidl: Keine Bedenken bei anderen \u201eVemondo\u201d-Produkten<\/p>\n<p class=\"AnnotatedMarkup_paragraph__IUT9l\">Der Lieferant und Lidl machen klar: Von dem aktuellen Joghurt-R\u00fcckruf ist ausschlie\u00dflich das Produkt \u201eVemondo Soja Classic, ohne Zuckerzusatz, 500g\u201d<strong> <\/strong>mit dem besagten Mindesthaltbarkeitsdatum betroffen. Andere bei Lidl in Deutschland verkaufte Produkte und somit auch weitere Produkte der Marke \u201eVemondo\u201d sind bedenkenfrei genie\u00dfbar.<\/p>\n<p class=\"AnnotatedMarkup_paragraph__IUT9l\">F\u00fcr weitere Informationen k\u00f6nnen sich Kunden bei der Lidl-Kundenhotline unter der Telefonnummer 00800 5435 5435 melden.<\/p>\n<p class=\"AnnotatedMarkup_paragraph__IUT9l\">Verwendete Quellen: <a rel=\"noopener noreferrer nofollow\" href=\"https:\/\/www.presseportal.de\/pm\/58227\/6223614\" target=\"_blank\">Mitteilung N+G Frischprodukten Vertriebs-GmbH\/Lidl<\/a>, <a rel=\"noopener noreferrer nofollow\" href=\"https:\/\/www.lebensmittelwarnung.de\/___lebensmittelwarnung.de\/Meldungen\/2026\/02_Februar\/260225_21_BY_Sojaprodukt\/260225_21_BY_Sojaprodukt.html\" target=\"_blank\">Lebensmittelwarnung.eu<\/a>, <a rel=\"noopener noreferrer nofollow\" href=\"https:\/\/allergiecheck.de\/pages\/milchallergie\" target=\"_blank\">Allergiecheck<\/a><\/p>\n","protected":false},"excerpt":{"rendered":"Discounter warnt seine KundenGro\u00dfer R\u00fcckruf bei Lidl! Gef\u00e4hrlicher Inhaltsstoff im veganen Joghurt Lidl ruft einen veganen Joghurt zur\u00fcck&hellip;\n","protected":false},"author":2,"featured_media":832151,"comment_status":"","ping_status":"","sticky":false,"template":"","format":"standard","meta":{"footnotes":"","_share_on_mastodon":"0"},"categories":[134],"tags":[8326,175,170,169,29,7644,131373,553,30,141,1109,8321,171,174,4507,131372,624,257,1886,173,172,625],"class_list":["post-832150","post","type-post","status-publish","format-standard","has-post-thumbnail","category-unternehmen-maerkte","tag-abnehmen","tag-business","tag-companies","tag-companies-markets","tag-deutschland","tag-diaet","tag-ems_ratgeber","tag-familie","tag-germany","tag-gesundheit","tag-haushalt","tag-liebe","tag-markets","tag-maerkte","tag-nachhaltigkeit","tag-persoenlichkeitstest","tag-ratgeber","tag-testberichte","tag-tiere","tag-unternehmen","tag-unternehmen-maerkte","tag-verbraucher"],"share_on_mastodon":{"url":"","error":""},"_links":{"self":[{"href":"https:\/\/www.europesays.com\/de\/wp-json\/wp\/v2\/posts\/832150","targetHints":{"allow":["GET"]}}],"collection":[{"href":"https:\/\/www.europesays.com\/de\/wp-json\/wp\/v2\/posts"}],"about":[{"href":"https:\/\/www.europesays.com\/de\/wp-json\/wp\/v2\/types\/post"}],"author":[{"embeddable":true,"href":"https:\/\/www.europesays.com\/de\/wp-json\/wp\/v2\/users\/2"}],"replies":[{"embeddable":true,"href":"https:\/\/www.europesays.com\/de\/wp-json\/wp\/v2\/comments?post=832150"}],"version-history":[{"count":0,"href":"https:\/\/www.europesays.com\/de\/wp-json\/wp\/v2\/posts\/832150\/revisions"}],"wp:featuredmedia":[{"embeddable":true,"href":"https:\/\/www.europesays.com\/de\/wp-json\/wp\/v2\/media\/832151"}],"wp:attachment":[{"href":"https:\/\/www.europesays.com\/de\/wp-json\/wp\/v2\/media?parent=832150"}],"wp:term":[{"taxonomy":"category","embeddable":true,"href":"https:\/\/www.europesays.com\/de\/wp-json\/wp\/v2\/categories?post=832150"},{"taxonomy":"post_tag","embeddable":true,"href":"https:\/\/www.europesays.com\/de\/wp-json\/wp\/v2\/tags?post=832150"}],"curies":[{"name":"wp","href":"https:\/\/api.w.org\/{rel}","templated":true}]}}