{"id":832462,"date":"2026-02-28T14:13:15","date_gmt":"2026-02-28T14:13:15","guid":{"rendered":"https:\/\/www.europesays.com\/de\/832462\/"},"modified":"2026-02-28T14:13:15","modified_gmt":"2026-02-28T14:13:15","slug":"bundesliga-im-tv-jetzt-live-sehen","status":"publish","type":"post","link":"https:\/\/www.europesays.com\/de\/832462\/","title":{"rendered":"Bundesliga im TV jetzt live sehen"},"content":{"rendered":"<p>Live-\u00dcbertragung am Samstag <\/p>\n<p>So ist das Union-Spiel gegen M\u00f6nchengladbach im TV zu sehen<\/p>\n<p>Aktualisiert am 28.02.2026 &#8211; 14:45 UhrLesedauer: 1 Min.<\/p>\n<p><a href=\"#focus-0\" class=\"transition-colors duration-200 block text-current relative\" data-sctrack=\"FocusGalleryImage.Reference\"><img fetchpriority=\"high\" data-testid=\"Opener.Image\" style=\"--lqipURL:url('https:\/\/images.t-online.de\/2026\/02\/pyEvJLqCu8m7\/0x251:4000x2250\/fit-in\/150x0\/filters:blur(25)\/fussball-herren-saison-2025-2026-1-bundesliga-23-spieltag-1-fc-union-berlin-bayer-leverkusen-1-0-v-l-christopher-trimmel-1-fc-union-ernest-poku-bayer-04-leverkusen-21-022026-soccer-men-season-2025-2026-1-bundesliga-23-matchday-1-fc-union-berlin-bayer-leverkusen-1-0-v-l-christopher-trimmel-1-fc-union-ernest-poku-bayer-04-leverkusen-21-02-2026-copyright-xmatthiasxkochx.jpg')\"   loading=\"eager\" src=\"https:\/\/www.europesays.com\/de\/wp-content\/uploads\/2026\/02\/fussball-herren-saison-2025-2026-1-bundesliga-23-spieltag-1-fc-union-berlin-bayer-leverkusen-1-0-v-l.jpeg\" alt=\"imago images 1073015040\" title=\"imago images 1073015040\" width=\"4000\" height=\"2250\" class=\"bg-[url:var(--lqipURL)] bg-cover bg-center flex h-full w-full max-w-full\" decoding=\"async\"\/><img style=\"--width:32;--height:32\" loading=\"lazy\" src=\"https:\/\/berlin.t-online.de\/s\/paper\/_next\/static\/media\/zoom-in.f7dae02f.svg\" alt=\"Vergr\u00f6\u00dfern des Bildes\" title=\"Vergr\u00f6\u00dfern des Bildes\" class=\"block h-[calc(var(--height)_\/_16_*_1rem)] w-[calc(var(--width)_\/_16_*_1rem)] max-w-none absolute bottom-8 right-8 rounded-4 bg-snow p-8\" decoding=\"async\"\/><\/a><\/p>\n<p>Christopher Trimmel gegen Ernest Poku (Bayer 04 Leverkusen): Die K\u00f6penicker holten hier einen knappen Sieg. (Quelle: IMAGO\/Matthias Koch\/imago)<\/p>\n<p class=\"font-bold text-18 leading-17 user-text-lg:text-22 user-text-xl:text-24\">Live im TV: Union Berlin trifft in der 1. Bundesliga auf Borussia M\u00f6nchengladbach. So kann man das Spiel verfolgen.<\/p>\n<p class=\"text-18 leading-17 user-text-lg:text-22 user-text-xl:text-24\">Am Samstagnachmittag trifft der 1. FC <a class=\"transition-colors duration-200 cursor-pointer text-inherit no-underline text-salemsfur md:hover:text-magenta md:hover:border-magenta md:focus:text-magenta border-current border-b border-solid break-words\" href=\"https:\/\/www.t-online.de\/themen\/1-fc-union-berlin\/\" data-sctrack=\"BodyAnchor\" rel=\"nofollow noopener\" target=\"_blank\">Union Berlin<\/a> auf die Mannschaft von Borussia M\u00f6nchengladbach. Anpfiff der Partie ist um 15.30 Uhr im Borussia-Park.<\/p>\n<p class=\"text-18 leading-17 user-text-lg:text-22 user-text-xl:text-24\">Nach dem knappen Heimsieg gegen Leverkusen am vergangenen Wochenende liegt Union mit 28 Punkten auf dem neunten Platz der Tabelle, punktgleich mit FC Augsburg auf dem zehnten Platz. Drei Punkte trennt das Team von Steffen Baumgart vom Tabellenachten, Eintracht Frankfurt.<\/p>\n<p class=\"text-18 leading-17 user-text-lg:text-22 user-text-xl:text-24\">F\u00fcr Borussia M\u00f6nchengladbach sieht es derweil schlechter aus. Mit 20 Punkten belegt das Team Platz 14 der Tabelle. Zuletzt unterlagen sie dem 1. SC Freiburg mit 2:1 &#8211; die zweite Niederlage in Folge. Eine Woche zuvor verloren sie gegen Eintracht Frankfurt mit 0:3.<\/p>\n<p class=\"text-18 leading-17 user-text-lg:text-22 user-text-xl:text-24\">Das Ligaspiel von Union Berlin gegen Borussia M\u00f6nchengladbach wird vom <strong class=\"font-bold\">Pay-TV-Sender Sky<\/strong> live \u00fcbertragen. Auf dem Sender <strong class=\"font-bold\">Sky Sport Bundesliga 1 HD<\/strong> sind die vollen 90 Minuten zu sehen.<\/p>\n<p class=\"text-18 leading-17 user-text-lg:text-22 user-text-xl:text-24\">Das Spiel zwischen Union Berlin und Borussia M\u00f6nchengladbach ist <strong class=\"font-bold\">nicht im Free-TV<\/strong> zu sehen. Erste Zusammenfassungen der Partie laufen jedoch im frei empfangbaren Fernsehen.<\/p>\n<p class=\"text-18 leading-17 user-text-lg:text-22 user-text-xl:text-24\">Der Pay-TV-Sender Sky bietet \u00fcber den hauseigenen Streamingdienst <strong class=\"font-bold\">WOW TV<\/strong> eine \u00dcbertragung des Spiels zwischen Union Berlin und Borussia M\u00f6nchengladbach an. Ebenso ist das Spiel \u00fcber die <strong class=\"font-bold\">Skygo-App<\/strong> per Stream abrufbar. Auch hierf\u00fcr m\u00fcssen Interessierte allerdings bezahlen.<\/p>\n","protected":false},"excerpt":{"rendered":"Live-\u00dcbertragung am Samstag So ist das Union-Spiel gegen M\u00f6nchengladbach im TV zu sehen Aktualisiert am 28.02.2026 &#8211; 14:45&hellip;\n","protected":false},"author":2,"featured_media":832463,"comment_status":"","ping_status":"","sticky":false,"template":"","format":"standard","meta":{"footnotes":"","_share_on_mastodon":"0"},"categories":[1849],"tags":[297,2367,815,7694,3364,29,460,134556,548,663,3934,483,30,13,2375,4455,14,15,1209,12,21270],"class_list":["post-832462","post","type-post","status-publish","format-standard","has-post-thumbnail","category-moenchengladbach","tag-1-fc-union-berlin","tag-bayer-04-leverkusen","tag-borussia-moenchengladbach","tag-christopher-trimmel","tag-de","tag-deutschland","tag-eintracht-frankfurt","tag-ernest-poku","tag-eu","tag-europa","tag-europe","tag-fc-augsburg","tag-germany","tag-headlines","tag-leverkusen","tag-moenchengladbach","tag-nachrichten","tag-news","tag-nordrhein-westfalen","tag-schlagzeilen","tag-steffen-baumgart"],"share_on_mastodon":{"url":"https:\/\/pubeurope.com\/@de\/116148673411271553","error":""},"_links":{"self":[{"href":"https:\/\/www.europesays.com\/de\/wp-json\/wp\/v2\/posts\/832462","targetHints":{"allow":["GET"]}}],"collection":[{"href":"https:\/\/www.europesays.com\/de\/wp-json\/wp\/v2\/posts"}],"about":[{"href":"https:\/\/www.europesays.com\/de\/wp-json\/wp\/v2\/types\/post"}],"author":[{"embeddable":true,"href":"https:\/\/www.europesays.com\/de\/wp-json\/wp\/v2\/users\/2"}],"replies":[{"embeddable":true,"href":"https:\/\/www.europesays.com\/de\/wp-json\/wp\/v2\/comments?post=832462"}],"version-history":[{"count":0,"href":"https:\/\/www.europesays.com\/de\/wp-json\/wp\/v2\/posts\/832462\/revisions"}],"wp:featuredmedia":[{"embeddable":true,"href":"https:\/\/www.europesays.com\/de\/wp-json\/wp\/v2\/media\/832463"}],"wp:attachment":[{"href":"https:\/\/www.europesays.com\/de\/wp-json\/wp\/v2\/media?parent=832462"}],"wp:term":[{"taxonomy":"category","embeddable":true,"href":"https:\/\/www.europesays.com\/de\/wp-json\/wp\/v2\/categories?post=832462"},{"taxonomy":"post_tag","embeddable":true,"href":"https:\/\/www.europesays.com\/de\/wp-json\/wp\/v2\/tags?post=832462"}],"curies":[{"name":"wp","href":"https:\/\/api.w.org\/{rel}","templated":true}]}}