{"id":832492,"date":"2026-02-28T14:30:18","date_gmt":"2026-02-28T14:30:18","guid":{"rendered":"https:\/\/www.europesays.com\/de\/832492\/"},"modified":"2026-02-28T14:30:18","modified_gmt":"2026-02-28T14:30:18","slug":"selenskyj-aeussert-sich-zu-angriff-auf-den-iran","status":"publish","type":"post","link":"https:\/\/www.europesays.com\/de\/832492\/","title":{"rendered":"Selenskyj \u00e4u\u00dfert sich zu Angriff auf den Iran"},"content":{"rendered":"<p>Newsblog zum Krieg in der Ukraine <\/p>\n<p>Selenskyj \u00e4u\u00dfert sich zu Angriffen auf den Iran<\/p>\n<p>Aktualisiert am 28.02.2026 &#8211; 15:12 UhrLesedauer: 25 Min.<\/p>\n<p><a href=\"#focus-0\" class=\"transition-colors duration-200 block text-current relative\" data-sctrack=\"FocusGalleryImage.Reference\"><img fetchpriority=\"high\" data-testid=\"Opener.Image\" style=\"--lqipURL:url('https:\/\/images.t-online.de\/2026\/02\/Ddm-U0iWysp2\/180x126:857x482\/fit-in\/150x0\/filters:blur(25)\/ukrainian-president-volodymyr-zelensky-participates-in-the-ukraine-nordic-and-baltic-states-summit-to-discuss-developments-in-the-war-ukrainian-president-volodymyr-zelensky-participates-in-the-ukraine-nordic-and-baltic-states-summit-to-discuss-developments-in-the-war-and-strengthen-security-cooperation-and-support-for-ukraine-february-24-2026-photo-by-president-of-ukraine-apaimages-ukraine-ukraine-ukraine-250226-ukraine-upo-00-8-jpeg-copyright-xapaimagesxpresidentxofxukrainex-xapaimagesx.jpg')\"   loading=\"eager\" src=\"https:\/\/www.europesays.com\/de\/wp-content\/uploads\/2026\/02\/1772289018_957_ukrainian-president-volodymyr-zelensky-participates-in-the-ukraine-nordic-and-baltic-states-summit-t.jpeg\" alt=\"imago images 0848856498\" title=\"imago images 0848856498\" width=\"857\" height=\"482\" class=\"bg-[url:var(--lqipURL)] bg-cover bg-center flex h-full w-full max-w-full\" decoding=\"async\"\/><img style=\"--width:32;--height:32\" loading=\"lazy\" src=\"https:\/\/www.t-online.de\/s\/paper\/_next\/static\/media\/zoom-in.f7dae02f.svg\" alt=\"Vergr\u00f6\u00dfern des Bildes\" title=\"Vergr\u00f6\u00dfern des Bildes\" class=\"block h-[calc(var(--height)_\/_16_*_1rem)] w-[calc(var(--width)_\/_16_*_1rem)] max-w-none absolute bottom-8 right-8 rounded-4 bg-snow p-8\" decoding=\"async\"\/><\/a><\/p>\n<p>Der ukrainische Pr\u00e4sident Wolodymyr Selenskyj (Archivbild): &#8222;Die Ereignisse im Nahen Osten und in der Golfregion entwickeln sich extrem schnell.&#8220; (Quelle: IMAGO\/PRESIDENT OF UKRAINE \\ apaimages\/imago)<\/p>\n<p class=\"font-bold text-18 leading-17 user-text-lg:text-22 user-text-xl:text-24\">Selenskyj sagt mit Blick auf den Iran, jede &#8222;b\u00f6se Tat&#8220; werde eine &#8222;gerechte Antwort&#8220; finden. Mit der Slowakei soll es ein Spitzentreffen geben. Alle Entwicklungen im Newsblog.<\/p>\n<p class=\"text-18 leading-17 user-text-lg:text-22 user-text-xl:text-24\">Der ukrainische Pr\u00e4sident <a class=\"transition-colors duration-200 cursor-pointer text-inherit no-underline text-salemsfur md:hover:text-magenta md:hover:border-magenta md:focus:text-magenta border-current border-b border-solid break-words\" href=\"https:\/\/www.t-online.de\/themen\/wolodymyr-selenskyj\/\" data-sctrack=\"BodyAnchor\" rel=\"nofollow noopener\" target=\"_blank\">Wolodymyr Selenskyj<\/a> hat sich zu den US-israelischen Angriffen auf den <a class=\"transition-colors duration-200 cursor-pointer text-inherit no-underline text-salemsfur md:hover:text-magenta md:hover:border-magenta md:focus:text-magenta border-current border-b border-solid break-words\" href=\"https:\/\/www.t-online.de\/themen\/iran\/\" data-sctrack=\"BodyAnchor\" rel=\"nofollow noopener\" target=\"_blank\">Iran<\/a> ge\u00e4u\u00dfert. &#8222;Die Ereignisse im Nahen Osten und in der Golfregion entwickeln sich extrem schnell. Leider wei\u00df die <a class=\"transition-colors duration-200 cursor-pointer text-inherit no-underline text-salemsfur md:hover:text-magenta md:hover:border-magenta md:focus:text-magenta border-current border-b border-solid break-words\" href=\"https:\/\/www.t-online.de\/themen\/ukraine\/\" data-sctrack=\"BodyAnchor\" rel=\"nofollow noopener\" target=\"_blank\">Ukraine<\/a> nur zu gut, worum es dabei geht&#8220;, schreibt er auf der Plattform X.<\/p>\n<p class=\"text-18 leading-17 user-text-lg:text-22 user-text-xl:text-24\">Dabei betont der ukrainische Regierungschef die Rolle des Iran im russischen Angriffskrieg gegen die Ukraine: &#8222;Obwohl die Ukrainer den Iran nie bedroht haben, entschied sich das iranische Regime, Putins Komplize zu werden, und lieferte ihm \u201aShahed&#8220;-Drohnen, und zwar nicht nur die Drohnen selbst, sondern auch die Technologien zu ihrer Herstellung.\u201c Anschlie\u00dfend erg\u00e4nzt Selenskyj: &#8222;Jede b\u00f6se Tat, jeder Terrorakt und jede Aggression gegen Nachbarn wird letztendlich eine gerechte Antwort finden. Wir gehen davon aus, dass die Region des Nahen Ostens letztendlich sicherer und stabiler werden wird.&#8220;<\/p>\n<p class=\"text-18 leading-17 user-text-lg:text-22 user-text-xl:text-24\">Mehr als vier Jahre Krieg in der Ukraine haben nach Angaben von Pr\u00e4sident Wolodymyr Selenskyj auch Auswirkungen auf dessen Familienleben. &#8222;W\u00e4hrend des Krieges bin ich nicht der beste Vater&#8220;, sagte Selenskyj in einem Interview des britischen Senders Sky News. Er habe nicht allzu viel Zeit f\u00fcr seine Kinder.<\/p>\n<p class=\"text-18 leading-17 user-text-lg:text-22 user-text-xl:text-24\">&#8222;Ich bin der Pr\u00e4sident der Ukraine, ich vergleiche meine Arbeit nicht&#8220;, sagte Selenskyj demnach weiter. Er habe seine Pflicht gew\u00e4hlt. &#8222;Meine Wahl ist die Ukraine. Deshalb habe ich gesagt, ich bin w\u00e4hrend des Krieges kein guter Vater.&#8220;<\/p>\n<p class=\"text-18 leading-17 user-text-lg:text-22 user-text-xl:text-24\">Im Streit um \u00d6llieferungen aus <a class=\"transition-colors duration-200 cursor-pointer text-inherit no-underline text-salemsfur md:hover:text-magenta md:hover:border-magenta md:focus:text-magenta border-current border-b border-solid break-words\" href=\"https:\/\/www.t-online.de\/themen\/russland\/\" data-sctrack=\"BodyAnchor\" rel=\"nofollow noopener\" target=\"_blank\">Russland<\/a> haben der ukrainische Pr\u00e4sident Wolodymyr Selenskyj und der slowakische Regierungschef <a class=\"transition-colors duration-200 cursor-pointer text-inherit no-underline text-salemsfur md:hover:text-magenta md:hover:border-magenta md:focus:text-magenta border-current border-b border-solid break-words\" href=\"https:\/\/www.t-online.de\/themen\/robert-fico\/\" data-sctrack=\"BodyAnchor\" rel=\"nofollow noopener\" target=\"_blank\">Robert Fico<\/a> ein Treffen vereinbart. Bei einem Telefonat lud Selenskyj Fico nach Angaben seines B\u00fcros in die Ukraine ein. Fico erkl\u00e4rte, er habe die Einladung angenommen. Ein Termin f\u00fcr das Treffen wurde zun\u00e4chst nicht genannt. Die <a class=\"transition-colors duration-200 cursor-pointer text-inherit no-underline text-salemsfur md:hover:text-magenta md:hover:border-magenta md:focus:text-magenta border-current border-b border-solid break-words\" href=\"https:\/\/www.t-online.de\/themen\/slowakei\/\" data-sctrack=\"BodyAnchor\" rel=\"nofollow noopener\" target=\"_blank\">Slowakei<\/a> ist von russischen \u00d6limporten abh\u00e4ngig und wirft der Ukraine vor, Reparaturen an der Druschba-Pipeline zu verz\u00f6gern, durch die russisches \u00d6l \u00fcber ukrainisches Territorium Richtung Slowakei und <a class=\"transition-colors duration-200 cursor-pointer text-inherit no-underline text-salemsfur md:hover:text-magenta md:hover:border-magenta md:focus:text-magenta border-current border-b border-solid break-words\" href=\"https:\/\/www.t-online.de\/themen\/ungarn\/\" data-sctrack=\"BodyAnchor\" rel=\"nofollow noopener\" target=\"_blank\">Ungarn<\/a> geleitet wird.<\/p>\n<p class=\"text-18 leading-17 user-text-lg:text-22 user-text-xl:text-24\">Um ihre Drohnen auf gr\u00f6\u00dfere Distanzen steuern zu k\u00f6nnen, versehen Russland und die Ukraine sie mit Glasfaserkabeln. Diese Taktik entwickelt sich f\u00fcr Putin zum Nachteil. <a class=\"transition-colors duration-200 cursor-pointer text-inherit no-underline text-salemsfur md:hover:text-magenta md:hover:border-magenta md:focus:text-magenta border-current border-b border-solid break-words\" href=\"https:\/\/www.t-online.de\/nachrichten\/ausland\/internationale-politik\/id_101147254\/putins-krieg-wird-teurer-wichtige-komponenten-fuer-drohnen-steigen-im-preis.html\" data-sctrack=\"BodyAnchor\" rel=\"nofollow noopener\" target=\"_blank\">Mehr dazu lesen Sie hier<\/a>.<\/p>\n","protected":false},"excerpt":{"rendered":"Newsblog zum Krieg in der Ukraine Selenskyj \u00e4u\u00dfert sich zu Angriffen auf den Iran Aktualisiert am 28.02.2026 &#8211;&hellip;\n","protected":false},"author":2,"featured_media":832493,"comment_status":"","ping_status":"","sticky":false,"template":"","format":"standard","meta":{"footnotes":"","_share_on_mastodon":"0"},"categories":[4012],"tags":[132921,1217,326,6079,331,332,2140,25616,1160,1478,548,13,345,13543,5793,5020,1480,39393,451,308,14,15,3129,115941,43635,307,12,1319,101804,7376,144632,317,312,501,500,107],"class_list":["post-832492","post","type-post","status-publish","format-standard","has-post-thumbnail","category-ukraine","tag-132921","tag-1217","tag-326","tag-6079","tag-aktuelle-nachrichten","tag-aktuelle-news","tag-angriff","tag-charles-de-gaulle","tag-daenemark","tag-drohne","tag-eu","tag-headlines","tag-iran","tag-iwf","tag-kiew","tag-kreml","tag-luftwaffe","tag-malmoe","tag-militaer","tag-moskau","tag-nachrichten","tag-news","tag-newsblog","tag-oeresund","tag-robert-fico","tag-russland","tag-schlagzeilen","tag-schweden","tag-sky-news","tag-slowakei","tag-spitzentreffen","tag-ukraine","tag-ukrainekrieg","tag-ungarn","tag-viktor-orban","tag-wolodymyr-selenskyj"],"share_on_mastodon":{"url":"https:\/\/pubeurope.com\/@de\/116148740216188737","error":""},"_links":{"self":[{"href":"https:\/\/www.europesays.com\/de\/wp-json\/wp\/v2\/posts\/832492","targetHints":{"allow":["GET"]}}],"collection":[{"href":"https:\/\/www.europesays.com\/de\/wp-json\/wp\/v2\/posts"}],"about":[{"href":"https:\/\/www.europesays.com\/de\/wp-json\/wp\/v2\/types\/post"}],"author":[{"embeddable":true,"href":"https:\/\/www.europesays.com\/de\/wp-json\/wp\/v2\/users\/2"}],"replies":[{"embeddable":true,"href":"https:\/\/www.europesays.com\/de\/wp-json\/wp\/v2\/comments?post=832492"}],"version-history":[{"count":0,"href":"https:\/\/www.europesays.com\/de\/wp-json\/wp\/v2\/posts\/832492\/revisions"}],"wp:featuredmedia":[{"embeddable":true,"href":"https:\/\/www.europesays.com\/de\/wp-json\/wp\/v2\/media\/832493"}],"wp:attachment":[{"href":"https:\/\/www.europesays.com\/de\/wp-json\/wp\/v2\/media?parent=832492"}],"wp:term":[{"taxonomy":"category","embeddable":true,"href":"https:\/\/www.europesays.com\/de\/wp-json\/wp\/v2\/categories?post=832492"},{"taxonomy":"post_tag","embeddable":true,"href":"https:\/\/www.europesays.com\/de\/wp-json\/wp\/v2\/tags?post=832492"}],"curies":[{"name":"wp","href":"https:\/\/api.w.org\/{rel}","templated":true}]}}