{"id":832688,"date":"2026-02-28T16:18:19","date_gmt":"2026-02-28T16:18:19","guid":{"rendered":"https:\/\/www.europesays.com\/de\/832688\/"},"modified":"2026-02-28T16:18:19","modified_gmt":"2026-02-28T16:18:19","slug":"bundesliga-heute-borussia-dortmund-bayern-muenchen-im-live-ticker-fussball","status":"publish","type":"post","link":"https:\/\/www.europesays.com\/de\/832688\/","title":{"rendered":"Bundesliga heute: Borussia Dortmund \u2013 Bayern M\u00fcnchen im Live-Ticker | Fu\u00dfball"},"content":{"rendered":"<p><img loading=\"lazy\" decoding=\"async\" src=\"https:\/\/www.europesays.com\/de\/wp-content\/uploads\/2026\/02\/vgzm.2150080-69a018ea753c96d25224448e.gif\" width=\"1\" height=\"1\" alt=\"\" class=\"vgwort-pixel\"\/>Der Klassiker heute: BVB \u2013\u00a0Bayern hier im Live-Ticker<img fetchpriority=\"high\" decoding=\"async\" width=\"992\" height=\"558\" alt=\"Kann sich der BVB nach seinem CL-Aus wieder berappeln?\" src=\"https:\/\/www.europesays.com\/de\/wp-content\/uploads\/2026\/02\/266def1affc6fe121a65d8e4958adfdb,4f1de8b4.jpeg\"   class=\"landscape\" loading=\"eager\"\/><\/p>\n<p class=\"fig__caption__text\">Kann sich der BVB nach seinem CL-Aus wieder berappeln?<\/p>\n<p>Foto: picture alliance\/dpa<\/p>\n<p>28.02.2026 &#8211; 16:30 Uhr <a class=\"skip-content skip-content--link\" href=\"#in-content-skip-link-target-v-0-0\">TTS-Player \u00fcberspringen\u21b5<\/a><a id=\"in-content-skip-link-target-v-0-0\" class=\"skip-content--target-link-hidden skip-content skip-content--target-link\" href=\"#in-content-skip-link-target-v-0-0\">Artikel weiterlesen<\/a><\/p>\n<p><b>Klassiker mit Meister-Druck!<\/b><\/p>\n<p>Acht Punkte liegt Borussia Dortmund hinter Tabellenf\u00fchrer Bayern M\u00fcnchen \u2013 am heutigen Samstag um 18.30 Uhr steigt im Signal Iduna Park der \u201eKlassiker\u201c. Verfolgen Sie das Duell hier im Live-Ticker bei SPORT BILD. <\/p>\n<p>F\u00fcr den BVB ist es die wom\u00f6glich letzte Chance, im <a href=\"https:\/\/sportbild.bild.de\/bundesliga\/startseite\/1-bundesliga\/home-33207854.sport.html\" class=\"text-link\" rel=\"nofollow noopener\" target=\"_blank\">Bundesliga<\/a>-Titelrennen noch einmal Druck zu machen. Insbesondere nach dem Champions-League-Aus unter der Woche w\u00e4re ein Sieg f\u00fcr die Moral enorm wichtig. Bayern hingegen kann mit einem Sieg einen gro\u00dfen Schritt Richtung Meisterschaft machen.<\/p>\n<p>Ex-<a href=\"https:\/\/sportbild.bild.de\/bundesliga\/vereine\/bayern-muenchen\/home-33283572.sport.html\" class=\"text-link\" rel=\"nofollow noopener\" target=\"_blank\">Bayern<\/a>-Star Stefan Effenberg (57) sagte zuletzt im \u201eDoppelpass\u201c: \u201eEntscheidend ist nat\u00fcrlich das Spiel Dortmund gegen Bayern M\u00fcnchen. Wenn Dortmund das Spiel gewinnen sollte, k\u00f6nnte es noch einmal spannend werden.\u201c Andernfalls, so Effenberg, \u201ewar es das.\u201c F\u00e4llt die Meisterentscheidung heute?<\/p>\n<p>1. Bundesliga: BVB gegen Bayern im Live-Ticker<\/p>\n<p class=\"article-content-user-report\"><a href=\"https:\/\/sportbild.bild.de\/bundesliga\/2022\/bundesliga\/alle-spiele-alle-sender-die-fussball-bundesliga-heute-im-tv-livestream-81657810.sport.html\" target=\"_blank\" rel=\"noopener nofollow\" class=\"anchor anchor--external\">TV-Programm: So sehen Sie die Bundesliga live im TV<\/a><\/p>\n","protected":false},"excerpt":{"rendered":"Der Klassiker heute: BVB \u2013\u00a0Bayern hier im Live-Ticker Kann sich der BVB nach seinem CL-Aus wieder berappeln? Foto:&hellip;\n","protected":false},"author":2,"featured_media":832689,"comment_status":"","ping_status":"","sticky":false,"template":"","format":"standard","meta":{"footnotes":"","_share_on_mastodon":"0"},"categories":[1833],"tags":[888,3364,29,217,538,458,347,30,11709,5131,5426,7721,1209,126193,62906,1927,45],"class_list":["post-832688","post","type-post","status-publish","format-standard","has-post-thumbnail","category-dortmund","tag-borussia-dortmund","tag-de","tag-deutschland","tag-dortmund","tag-erste-bundesliga","tag-fc-bayern-muenchen","tag-fussball","tag-germany","tag-harry-kane","tag-kovac-niko","tag-live-ticker","tag-nofeed","tag-nordrhein-westfalen","tag-spobi-bundesliga","tag-spobi-fussball","tag-sport-standard","tag-texttospeech"],"share_on_mastodon":{"url":"https:\/\/pubeurope.com\/@de\/116149165649443543","error":""},"_links":{"self":[{"href":"https:\/\/www.europesays.com\/de\/wp-json\/wp\/v2\/posts\/832688","targetHints":{"allow":["GET"]}}],"collection":[{"href":"https:\/\/www.europesays.com\/de\/wp-json\/wp\/v2\/posts"}],"about":[{"href":"https:\/\/www.europesays.com\/de\/wp-json\/wp\/v2\/types\/post"}],"author":[{"embeddable":true,"href":"https:\/\/www.europesays.com\/de\/wp-json\/wp\/v2\/users\/2"}],"replies":[{"embeddable":true,"href":"https:\/\/www.europesays.com\/de\/wp-json\/wp\/v2\/comments?post=832688"}],"version-history":[{"count":0,"href":"https:\/\/www.europesays.com\/de\/wp-json\/wp\/v2\/posts\/832688\/revisions"}],"wp:featuredmedia":[{"embeddable":true,"href":"https:\/\/www.europesays.com\/de\/wp-json\/wp\/v2\/media\/832689"}],"wp:attachment":[{"href":"https:\/\/www.europesays.com\/de\/wp-json\/wp\/v2\/media?parent=832688"}],"wp:term":[{"taxonomy":"category","embeddable":true,"href":"https:\/\/www.europesays.com\/de\/wp-json\/wp\/v2\/categories?post=832688"},{"taxonomy":"post_tag","embeddable":true,"href":"https:\/\/www.europesays.com\/de\/wp-json\/wp\/v2\/tags?post=832688"}],"curies":[{"name":"wp","href":"https:\/\/api.w.org\/{rel}","templated":true}]}}