{"id":832698,"date":"2026-02-28T16:23:12","date_gmt":"2026-02-28T16:23:12","guid":{"rendered":"https:\/\/www.europesays.com\/de\/832698\/"},"modified":"2026-02-28T16:23:12","modified_gmt":"2026-02-28T16:23:12","slug":"hans-ulrich-ruelkes-herzliche-gruesse-an-die-ig-metall","status":"publish","type":"post","link":"https:\/\/www.europesays.com\/de\/832698\/","title":{"rendered":"Hans-Ulrich R\u00fclkes \u201eherzliche Gr\u00fc\u00dfe\u201c an die IG Metall"},"content":{"rendered":"<p><strong>Stuttgart. <\/strong> Wer am letzten Februarsamstag \u00fcber den Stuttgarter Schlossplatz geht, hat die Qual der Wahl. Am s\u00fcdlichen Ende, kurz vor der Buchhandlung, dem \u201eWittwer\u201c, der jetzt Thalia hei\u00dft, demonstrieren Verdi und IG Metall. Die Gewerkschafter haben einen Musik-Truck dabei und beschallen den gesamten Platz. Irgendwann beschlie\u00dfen sie, in Richtung Charlottenplatz zu ziehen. Das ist die liberale Chance.<\/p>\n<p>Denn wer es noch nicht wusste, erf\u00e4hrt es am n\u00f6rdlichen Ende des Schlossplatzes. Dort findet an diesem Samstag die zentrale Kundgebung des bundesweiten Aktionstags der FDP statt. Gut 100 Menschen sind gegen\u00fcber vom Gloria-Kino zusammengekommen, viele von ihnen tragen einen gelben Schal. Je n\u00e4her man der B\u00fchne kommt, desto h\u00f6rbarer wird: Die FDP gibt es noch.<\/p>\n<p>Kurzzeitig ist nicht klar, wer akustisch die Oberhand beh\u00e4lt<\/p>\n<p>Dieser labile Zustand ger\u00e4t erneut in Gefahr, als der gewerkschaftliche Demonstrationszug auf seinem Weg zum Landtag zwischen Kino und FDP-B\u00fchne vorbeizieht. Kurzzeitig ist nicht klar, wer akustisch die Oberhand beh\u00e4lt. Doch Hans-Ulrich R\u00fclke h\u00e4lt das Versprechen, das er eine halbe Stunde zuvor dem Reporter gegeben hat. Der baden-w\u00fcrttembergische Spitzenkandidat spricht so laut, dass er zumindest in den ersten beiden Reihen die Gewerkschaftsraver \u00fcbert\u00f6nt.<\/p>\n<p>Trotzdem sind die Schwierigkeiten des liberalen Wahlkampfs nicht zu \u00fcberh\u00f6ren. Wen interessiert schon die FDP, wenn anderswo auf der Welt der n\u00e4chste Krieg aufzieht und im S\u00fcdwesten alles nur noch von einem <a data-mce-href=\"https:\/\/www.staatsanzeiger.de\/nachrichten\/politik-und-verwaltung\/gruene-im-umfragehoch-eva-und-entenleber\/\" href=\"https:\/\/www.staatsanzeiger.de\/nachrichten\/politik-und-verwaltung\/gruene-im-umfragehoch-eva-und-entenleber\/\" target=\"_blank\" rel=\"nofollow noopener\">Herzschlagfinale zwischen Hagel und \u00d6zdemir <\/a> spricht? R\u00fclke wiederholt, was er in den vergangenen Wochen und Monaten schon x-mal gesagt hat: dass er die B\u00fcrokratie abbauen will, dass die Realschule \u00fcberleben muss und dass man \u00d6zdemirs Versprechungen nicht trauen k\u00f6nne.<\/p>\n<p>\u201eUnd jetzt schaut euch mal die Umfragen von der SPD an!\u201c<\/p>\n<p>Der FDP-Bundesvorsitzende <a data-mce-href=\"https:\/\/www.staatsanzeiger.de\/nachrichten\/politik-und-verwaltung\/schrullige-altliberale-und-ein-ueberraschungsgast-aus-argentinien\/\" href=\"https:\/\/www.staatsanzeiger.de\/nachrichten\/politik-und-verwaltung\/schrullige-altliberale-und-ein-ueberraschungsgast-aus-argentinien\/\" target=\"_blank\" rel=\"nofollow noopener\">Christian D\u00fcrr<\/a> ruft den Industriearbeitern zu, dass die FDP auch f\u00fcr ihre Arbeitspl\u00e4tze k\u00e4mpfe und nicht nur f\u00fcr ihre Chefs. Und tats\u00e4chlich halten einige der Gewerkschafter kurz bei den Liberalen an. R\u00fclke nutzt die Gelegenheit, den Genossen von der IG Metall \u201eherzliche Gr\u00fc\u00dfe\u201c auszurichten. Die h\u00e4tten ihn n\u00e4mlich mit der Begr\u00fcndung, der FDP werde keine Rolle spielen, von einer Podiumsdiskussion ausgeladen. \u201eUnd jetzt schaut euch mal die Umfragen von der SPD an!\u201c Bald haben die Gewerkschafter genug und gehen ihres Weges.<\/p>\n","protected":false},"excerpt":{"rendered":"Stuttgart. Wer am letzten Februarsamstag \u00fcber den Stuttgarter Schlossplatz geht, hat die Qual der Wahl. Am s\u00fcdlichen Ende,&hellip;\n","protected":false},"author":2,"featured_media":832699,"comment_status":"","ping_status":"","sticky":false,"template":"","format":"standard","meta":{"footnotes":"","_share_on_mastodon":"0"},"categories":[1830],"tags":[1634,109774,3364,29,187,30,161211,47137,1441],"class_list":["post-832698","post","type-post","status-publish","format-standard","has-post-thumbnail","category-stuttgart","tag-baden-wuerttemberg","tag-christian-duerr","tag-de","tag-deutschland","tag-fdp","tag-germany","tag-hans-ulrich-ruelke","tag-landtagswahl-2026","tag-stuttgart"],"share_on_mastodon":{"url":"https:\/\/pubeurope.com\/@de\/116149184512729574","error":""},"_links":{"self":[{"href":"https:\/\/www.europesays.com\/de\/wp-json\/wp\/v2\/posts\/832698","targetHints":{"allow":["GET"]}}],"collection":[{"href":"https:\/\/www.europesays.com\/de\/wp-json\/wp\/v2\/posts"}],"about":[{"href":"https:\/\/www.europesays.com\/de\/wp-json\/wp\/v2\/types\/post"}],"author":[{"embeddable":true,"href":"https:\/\/www.europesays.com\/de\/wp-json\/wp\/v2\/users\/2"}],"replies":[{"embeddable":true,"href":"https:\/\/www.europesays.com\/de\/wp-json\/wp\/v2\/comments?post=832698"}],"version-history":[{"count":0,"href":"https:\/\/www.europesays.com\/de\/wp-json\/wp\/v2\/posts\/832698\/revisions"}],"wp:featuredmedia":[{"embeddable":true,"href":"https:\/\/www.europesays.com\/de\/wp-json\/wp\/v2\/media\/832699"}],"wp:attachment":[{"href":"https:\/\/www.europesays.com\/de\/wp-json\/wp\/v2\/media?parent=832698"}],"wp:term":[{"taxonomy":"category","embeddable":true,"href":"https:\/\/www.europesays.com\/de\/wp-json\/wp\/v2\/categories?post=832698"},{"taxonomy":"post_tag","embeddable":true,"href":"https:\/\/www.europesays.com\/de\/wp-json\/wp\/v2\/tags?post=832698"}],"curies":[{"name":"wp","href":"https:\/\/api.w.org\/{rel}","templated":true}]}}