{"id":832823,"date":"2026-02-28T17:34:12","date_gmt":"2026-02-28T17:34:12","guid":{"rendered":"https:\/\/www.europesays.com\/de\/832823\/"},"modified":"2026-02-28T17:34:12","modified_gmt":"2026-02-28T17:34:12","slug":"fans-erleben-ihre-dresdner-olympia-helden-kreher-und-jungk-ganz-persoenlich","status":"publish","type":"post","link":"https:\/\/www.europesays.com\/de\/832823\/","title":{"rendered":"Fans erleben ihre Dresdner Olympia\u2011Helden Kreher und Jungk ganz pers\u00f6nlich"},"content":{"rendered":"<p class=\"timestamp\">28. Februar 2026,<br \/>\n17:47 Uhr<\/p>\n<p>Die Stadt Dresden und viele Fans haben die beiden Skeleton-Sportler und <a href=\"https:\/\/www.mdr.de\/sport\/andere_sportarten\/olympische-spiele-skeleton-mixed-team-100~amp.html\" title=\"Olympia: Silber und Bronze f\u00fcr deutsche Skeleton-Teams\" rel=\"nofollow noopener\" target=\"_blank\">Olympioniken Susanne Kreher und Axel Jungk<\/a> am Freitag feierlich begr\u00fc\u00dft. Mit jeweils zwei Silbermedaillen im Gep\u00e4ck kehrten die beiden Athleten vom Dresdner SC aus Italien zur\u00fcck.<\/p>\n<p>Die <a href=\"https:\/\/www.mdr.de\/sport\/andere_sportarten\/olympische-winterspiele-skeleton-susanne-kreher-jacqueline-pfeifer-100~amp.html\" title=\"Silber f\u00fcr Skeleton-Pilotin Susanne Kreher - Bronze f\u00fcr Pfeifer\" rel=\"nofollow noopener\" target=\"_blank\">Olympiasieger<\/a> durften sich ins Goldene Buch der Stadt eintragen und wurden geb\u00fchrend bejubelt. Anschlie\u00dfend gab es eine \u00f6ffentliche Gespr\u00e4chsrunde und eine Autogrammstunde mit beiden.<\/p>\n<p>\t\tFelix und Mama Katrin fanden es klasse, den Olympiastars einmal ganz nahe zu sein.<br \/>\nBildrechte: MDR\/Adam Beyer<\/p>\n<p>F\u00fcr Felix und Mama Katrin sei es klasse gewesen die Olympioniken einmal live zu sehen. &#8222;Das ist ja nicht so h\u00e4ufig, dass wir Olympia-Medaillentr\u00e4ger in Dresden haben&#8220;, sagte Katrin. Trotz ihres Welterfolgs h\u00e4tten die beiden Sportler einen bescheidenen Eindruck gemacht &#8211; das finde sie sympathisch. &#8222;Ich finde es cool hier zu sein&#8220;, sagte Felix. Er freute sich \u00fcber ein Autogramm auf seiner Karte.<\/p>\n<p>\t\tDie Freundinnenn Barbara (links) und Michelle wollten die Chance nicht verpassen, echte Olympioniken einmal live zu sehen.<br \/>\nBildrechte: MDR\/Adam Beyer<\/p>\n<p>Barbara wollte mit ihrer Freundin Michelle nicht die Chance verpassen, die Olympiasieger einmal kennenzulernen. &#8222;Ich habe mich ultra gefreut, dass die beiden Silber geholt haben&#8220;, erkl\u00e4rt Barbara. Es sei &#8222;unglaublich&#8220;, den Sportlern einmal direkt gegen\u00fcber zu stehen. F\u00fcr Michelle sei es auch das erste Mal, echte Olympioniken zu sehen: &#8222;Es ist so spannend hier.&#8220;<\/p>\n<p class=\"broadcastHint\"><strong class=\"title\">Dieses Thema im Programm:<\/strong>MDR SACHSEN | SACHSENSPIEGEL | 27. Februar 2026 | 19:00 Uhr<\/p>\n","protected":false},"excerpt":{"rendered":"28. Februar 2026, 17:47 Uhr Die Stadt Dresden und viele Fans haben die beiden Skeleton-Sportler und Olympioniken Susanne&hellip;\n","protected":false},"author":2,"featured_media":832824,"comment_status":"","ping_status":"","sticky":false,"template":"","format":"standard","meta":{"footnotes":"","_share_on_mastodon":"0"},"categories":[1835],"tags":[3364,29,2386,30,859],"class_list":["post-832823","post","type-post","status-publish","format-standard","has-post-thumbnail","category-dresden","tag-de","tag-deutschland","tag-dresden","tag-germany","tag-sachsen"],"share_on_mastodon":{"url":"https:\/\/pubeurope.com\/@de\/116149463781651156","error":""},"_links":{"self":[{"href":"https:\/\/www.europesays.com\/de\/wp-json\/wp\/v2\/posts\/832823","targetHints":{"allow":["GET"]}}],"collection":[{"href":"https:\/\/www.europesays.com\/de\/wp-json\/wp\/v2\/posts"}],"about":[{"href":"https:\/\/www.europesays.com\/de\/wp-json\/wp\/v2\/types\/post"}],"author":[{"embeddable":true,"href":"https:\/\/www.europesays.com\/de\/wp-json\/wp\/v2\/users\/2"}],"replies":[{"embeddable":true,"href":"https:\/\/www.europesays.com\/de\/wp-json\/wp\/v2\/comments?post=832823"}],"version-history":[{"count":0,"href":"https:\/\/www.europesays.com\/de\/wp-json\/wp\/v2\/posts\/832823\/revisions"}],"wp:featuredmedia":[{"embeddable":true,"href":"https:\/\/www.europesays.com\/de\/wp-json\/wp\/v2\/media\/832824"}],"wp:attachment":[{"href":"https:\/\/www.europesays.com\/de\/wp-json\/wp\/v2\/media?parent=832823"}],"wp:term":[{"taxonomy":"category","embeddable":true,"href":"https:\/\/www.europesays.com\/de\/wp-json\/wp\/v2\/categories?post=832823"},{"taxonomy":"post_tag","embeddable":true,"href":"https:\/\/www.europesays.com\/de\/wp-json\/wp\/v2\/tags?post=832823"}],"curies":[{"name":"wp","href":"https:\/\/api.w.org\/{rel}","templated":true}]}}