{"id":832825,"date":"2026-02-28T17:35:13","date_gmt":"2026-02-28T17:35:13","guid":{"rendered":"https:\/\/www.europesays.com\/de\/832825\/"},"modified":"2026-02-28T17:35:13","modified_gmt":"2026-02-28T17:35:13","slug":"erhaltung-alter-haustierrassen-treffen-im-arche-park-borgfeld","status":"publish","type":"post","link":"https:\/\/www.europesays.com\/de\/832825\/","title":{"rendered":"Erhaltung alter Haustierrassen: Treffen im Arche-Park Borgfeld"},"content":{"rendered":"<p>Die Regionalgruppe Elbe-Weser-Dreieck der Gesellschaft zur Erhaltung alter und gef\u00e4hrdeter Haustierrassen (GEH) l\u00e4dt am Sonntag, 15. M\u00e4rz, um 14 Uhr zu ihrem Treffen nach Borgfeld ein. Treffpunkt ist der Arche-Park auf der Kinder- und Jugendfarm der Hans-Wendt-Stiftung, wo alte und gef\u00e4hrdete Haustierrassen gezeigt und gez\u00fcchtet werden. Das Treffen dient dem Erfahrungsaustausch von Halterinnen und Haltern sowie Interessenten aus sechs Landkreisen und dem Land Bremen im Elbe-Weser-Dreieck.<\/p>\n<p>Rasse des Jahres 2026 sind die Schnucken und die Altdeutschen H\u00fctehunde, darunter die Graue geh\u00f6rnte Heidschnucke, die Wei\u00dfe geh\u00f6rnte Heidschnucke und die Wei\u00dfe hornlose Heidschnucke \u2013 auch Moorschnucke genannt. &#8222;Eine Rasse, die hervorragend zu unserer Region passt und vor allem f\u00fcr Naturschutzzwecke eingesetzt werden kann&#8220;, sagt der Leiter der Regionalgruppe, Wolfgang Sch\u00fc\u00dfler.<\/p>\n<p>Thema werden auch die Wolfsrisse in der Region sein sowie die Fragen zum Schutz der Herden. Zudem wird die neue Rote Liste vorgestellt, auf der mittlerweile 218 Nutztierrassen stehen, deren Best\u00e4nde von extrem gef\u00e4hrdet bis zur Vorwarnstufe eingeordnet sind.<\/p>\n<p>                Info<\/p>\n<p>Weitere Informationen beim Sprecher der GEH-Regionalgruppe Wolfgang Sch\u00fc\u00dfler, Telefon 0471\/92 92 29 50 oder per E-Mail: meckelstedt44@ewe.net.<\/p>\n<p>                        <a href=\"https:\/\/www.weser-kurier.de\/\" id=\"home\" class=\"button primary-primary font-size-15_1 m-0a customEvent\" data-layer-event-name=\"customEvent\" data-layer-trigger=\"click\" data-layer-category=\"artikelscoring\" data-layer-action=\"startseite_button\" data-layer-label=\"doc84pa99dps6siqbm5eg7\" data-layer-value=\"https:\/\/www.weser-kurier.de\/bremen\/stadtteil-borgfeld\/1\" rel=\"nofollow noopener\" target=\"_blank\">Zur Startseite<\/a><\/p>\n","protected":false},"excerpt":{"rendered":"Die Regionalgruppe Elbe-Weser-Dreieck der Gesellschaft zur Erhaltung alter und gef\u00e4hrdeter Haustierrassen (GEH) l\u00e4dt am Sonntag, 15. M\u00e4rz, um&hellip;\n","protected":false},"author":2,"featured_media":832826,"comment_status":"","ping_status":"","sticky":false,"template":"","format":"standard","meta":{"footnotes":"","_share_on_mastodon":"0"},"categories":[1824],"tags":[2420,3364,29,30],"class_list":["post-832825","post","type-post","status-publish","format-standard","has-post-thumbnail","category-bremen","tag-bremen","tag-de","tag-deutschland","tag-germany"],"share_on_mastodon":{"url":"https:\/\/pubeurope.com\/@de\/116149467727443856","error":""},"_links":{"self":[{"href":"https:\/\/www.europesays.com\/de\/wp-json\/wp\/v2\/posts\/832825","targetHints":{"allow":["GET"]}}],"collection":[{"href":"https:\/\/www.europesays.com\/de\/wp-json\/wp\/v2\/posts"}],"about":[{"href":"https:\/\/www.europesays.com\/de\/wp-json\/wp\/v2\/types\/post"}],"author":[{"embeddable":true,"href":"https:\/\/www.europesays.com\/de\/wp-json\/wp\/v2\/users\/2"}],"replies":[{"embeddable":true,"href":"https:\/\/www.europesays.com\/de\/wp-json\/wp\/v2\/comments?post=832825"}],"version-history":[{"count":0,"href":"https:\/\/www.europesays.com\/de\/wp-json\/wp\/v2\/posts\/832825\/revisions"}],"wp:featuredmedia":[{"embeddable":true,"href":"https:\/\/www.europesays.com\/de\/wp-json\/wp\/v2\/media\/832826"}],"wp:attachment":[{"href":"https:\/\/www.europesays.com\/de\/wp-json\/wp\/v2\/media?parent=832825"}],"wp:term":[{"taxonomy":"category","embeddable":true,"href":"https:\/\/www.europesays.com\/de\/wp-json\/wp\/v2\/categories?post=832825"},{"taxonomy":"post_tag","embeddable":true,"href":"https:\/\/www.europesays.com\/de\/wp-json\/wp\/v2\/tags?post=832825"}],"curies":[{"name":"wp","href":"https:\/\/api.w.org\/{rel}","templated":true}]}}