{"id":832935,"date":"2026-02-28T18:38:15","date_gmt":"2026-02-28T18:38:15","guid":{"rendered":"https:\/\/www.europesays.com\/de\/832935\/"},"modified":"2026-02-28T18:38:15","modified_gmt":"2026-02-28T18:38:15","slug":"usa-greifen-iran-an-am-abend-signale-der-entspannung-am-morgen-bomben-politik","status":"publish","type":"post","link":"https:\/\/www.europesays.com\/de\/832935\/","title":{"rendered":"USA greifen Iran an! Am Abend Signale der Entspannung, am Morgen Bomben | Politik"},"content":{"rendered":"<p><a class=\"skip-content skip-content--link\" href=\"#in-content-skip-link-target-v-0-0\">TTS-Player \u00fcberspringen\u21b5<\/a><a id=\"in-content-skip-link-target-v-0-0\" class=\"skip-content--target-link-hidden skip-content skip-content--target-link\" href=\"#in-content-skip-link-target-v-0-0\">Artikel weiterlesen<\/a><\/p>\n<p>Washington\/Jerusalem \u2013 <b>Die Anzeichen f\u00fcr einen US-Pr\u00e4ventivschlag im Iran nahmen seit Monaten zu, zuletzt lie\u00df Donald Trump (79) massiv Milit\u00e4r in der Region zusammenziehen. Und doch kam der Zeitpunkt des Schlags f\u00fcr viele Beobachter \u00fcberraschend. Auch, weil es zuvor Signale der Einigung im Streit um das iranische Atomprogramm gab. BILD dokumentiert die widerspr\u00fcchlichen Anzeichen kurz vor dem Krieg. <\/b><\/p>\n<p>Die Drohkulisse der <a href=\"https:\/\/www.bild.de\/news\/ausland\/usa\/thema-usa-alle-infos-80032950.bild.html\" class=\"text-link\" rel=\"nofollow noopener\" target=\"_blank\">USA<\/a> war gewaltig: Erst Freitag erreichte ein weiterer US-Flugzeugtr\u00e4ger, die USS Gerald R. Ford, das \u00f6stliche Mittelmeer. Die USA verlegten zudem rund 200 Kampfjets und 100 Tankflugzeuge in die Region, zusammen die wohl gr\u00f6\u00dfte US-Streitmacht im Nahen Osten seit dem Irak-Krieg 2003.<\/p>\n<p>Passend dazu verst\u00e4rkte US-Pr\u00e4sident <a href=\"https:\/\/www.bild.de\/politik\/leute\/donald-trump\/thema-donald-trump-alle-infos-80018378.bild.html\" class=\"text-link\" rel=\"nofollow noopener\" target=\"_blank\">Trump<\/a> seine Drohungen gegen\u00fcber dem Mullah-Regime, einem Atom-Deal zuzustimmen. Bis Anfang M\u00e4rz m\u00fcsste das geschehen \u2013 \u201eandernfalls passieren schlechte Dinge\u201c, so Trump. Auch Israel schickte Warnungen \u2013 die F\u00fchrung in Teheran konterte, man werde mit \u201evoller H\u00e4rte\u201c zur\u00fcckschlagen. Gespr\u00e4che am Donnerstag zwischen dem <a href=\"https:\/\/www.bild.de\/news\/ausland\/iran\/thema-iran-alle-infos-80032832.bild.html\" class=\"text-link\" rel=\"nofollow noopener\" target=\"_blank\">Iran<\/a> und den USA in Genf (Schweiz) brachten keinen Fortschritt. <\/p>\n<p><img decoding=\"async\" width=\"992\" height=\"558\" alt=\"Durchbruch im Atom-Streit? Omans Au\u00dfenminister Badr Albusaidi (65) im CBS-Interview Freitagabend\" src=\"https:\/\/www.europesays.com\/de\/wp-content\/uploads\/2026\/02\/b643d46c522621888cdc31ab47610ad2,fa334f47.jpeg\"   class=\"landscape\" loading=\"lazy\"\/><\/p>\n<p class=\"fig__caption__text\">Durchbruch im Atom-Streit? Omans Au\u00dfenminister Badr Albusaidi (65) im CBS-Interview am Freitagabend<\/p>\n<p>Foto: CBS\/Face The Nation<\/p>\n<p>Vermittler: Teheran pl\u00f6tzlich doch zu einem Deal bereit<\/p>\n<p>Auf dem H\u00f6hepunkt der Anspannung, kurz vor Auslaufen des Trump-Ultimatums, dann scheinbar der Durchbruch: Laut Vermittler Oman <a href=\"https:\/\/www.bild.de\/politik\/ausland-und-internationales\/drohender-us-schlag-vermittler-spricht-von-durchbruch-mit-dem-iran-69a246d24b8f567f12fccf28\" class=\"text-link\" rel=\"nofollow noopener\" target=\"_blank\">sei Teheran zu einem Deal<\/a> bereit, so Au\u00dfenminister Badr Albusaidi (65) Freitagabend deutscher Zeit im Interview mit dem US-Sender CBS. Der Iran habe demnach zugesichert, dass das Land niemals \u00fcber nukleares Material zur Herstellung einer Atombombe verf\u00fcgen wird. Das stelle einen \u201esehr wichtigen Durchbruch\u201c dar, der zuvor \u201enoch nie erreicht\u201c worden sein, so Albusaidi, der zuvor offenbar auch mit US-Vizepr\u00e4sident JD Vance (41) gesprochen hatte.<\/p>\n<p>Mehr zum Thema<\/p>\n<p>Als Streitpunkt blieb wohl noch die zivile Nutzung f\u00fcr nuklearen Brennstoff. Trump sagte bei einem Besuch in Texas, er verlange, dass im Iran keinerlei Urananreicherung stattfinde, auch nicht zur zivilen Nutzung. Mit Blick auf einen Milit\u00e4rschlag sagte er, es w\u00e4re netter, wenn ein Einsatz nicht n\u00f6tig sei \u2013 \u201eaber manchmal muss man es auf diesem Weg machen\u201c. Wenige Stunden sp\u00e4ter schlugen <a href=\"https:\/\/www.bild.de\/news\/ausland\/israel\/thema-israel-alle-infos-80028948.bild.html\" class=\"text-link\" rel=\"nofollow noopener\" target=\"_blank\">Israel<\/a> und die USA zu.  <\/p>\n","protected":false},"excerpt":{"rendered":"TTS-Player \u00fcberspringen\u21b5Artikel weiterlesen Washington\/Jerusalem \u2013 Die Anzeichen f\u00fcr einen US-Pr\u00e4ventivschlag im Iran nahmen seit Monaten zu, zuletzt lie\u00df&hellip;\n","protected":false},"author":2,"featured_media":832936,"comment_status":"","ping_status":"","sticky":false,"template":"","format":"standard","meta":{"footnotes":"","_share_on_mastodon":"0"},"categories":[3977],"tags":[331,332,65130,13,345,411,14,19741,15,15643,12,9976,45,1017,4017,4018,4016,64,4019,4020],"class_list":["post-832935","post","type-post","status-publish","format-standard","has-post-thumbnail","category-usa","tag-aktuelle-nachrichten","tag-aktuelle-news","tag-atomprogramm-iran","tag-headlines","tag-iran","tag-israel","tag-nachrichten","tag-netanjahu-benjamin","tag-news","tag-oman","tag-schlagzeilen","tag-teheran","tag-texttospeech","tag-trump-donald","tag-united-states","tag-united-states-of-america","tag-us","tag-usa","tag-vereinigte-staaten","tag-vereinigte-staaten-von-amerika"],"share_on_mastodon":{"url":"https:\/\/pubeurope.com\/@de\/116149715325313121","error":""},"_links":{"self":[{"href":"https:\/\/www.europesays.com\/de\/wp-json\/wp\/v2\/posts\/832935","targetHints":{"allow":["GET"]}}],"collection":[{"href":"https:\/\/www.europesays.com\/de\/wp-json\/wp\/v2\/posts"}],"about":[{"href":"https:\/\/www.europesays.com\/de\/wp-json\/wp\/v2\/types\/post"}],"author":[{"embeddable":true,"href":"https:\/\/www.europesays.com\/de\/wp-json\/wp\/v2\/users\/2"}],"replies":[{"embeddable":true,"href":"https:\/\/www.europesays.com\/de\/wp-json\/wp\/v2\/comments?post=832935"}],"version-history":[{"count":0,"href":"https:\/\/www.europesays.com\/de\/wp-json\/wp\/v2\/posts\/832935\/revisions"}],"wp:featuredmedia":[{"embeddable":true,"href":"https:\/\/www.europesays.com\/de\/wp-json\/wp\/v2\/media\/832936"}],"wp:attachment":[{"href":"https:\/\/www.europesays.com\/de\/wp-json\/wp\/v2\/media?parent=832935"}],"wp:term":[{"taxonomy":"category","embeddable":true,"href":"https:\/\/www.europesays.com\/de\/wp-json\/wp\/v2\/categories?post=832935"},{"taxonomy":"post_tag","embeddable":true,"href":"https:\/\/www.europesays.com\/de\/wp-json\/wp\/v2\/tags?post=832935"}],"curies":[{"name":"wp","href":"https:\/\/api.w.org\/{rel}","templated":true}]}}