{"id":833391,"date":"2026-02-28T23:01:32","date_gmt":"2026-02-28T23:01:32","guid":{"rendered":"https:\/\/www.europesays.com\/de\/833391\/"},"modified":"2026-02-28T23:01:32","modified_gmt":"2026-02-28T23:01:32","slug":"eskalation-im-nahost-konflikt-besorgnis-in-niedersachsen","status":"publish","type":"post","link":"https:\/\/www.europesays.com\/de\/833391\/","title":{"rendered":"Eskalation im Nahost-Konflikt: Besorgnis in Niedersachsen"},"content":{"rendered":"<p>\n                Stand: 28.02.2026 17:09 Uhr<\/p>\n<p class=\"preface\">Die Lage in Nahost spitzt sich zu. Innenministerin Daniela Behrens (SPD) sorgt sich um m\u00f6gliche Gefahren f\u00fcr j\u00fcdisches Leben in Niedersachsen. Eine Demo in Hannover machte auf die Bev\u00f6lkerung im Iran aufmerksam.<\/p>\n<p class=\"\">In einer Stellungnahme bezeichnete Behrens die aktuelle Lage im Iran als &#8222;\u00e4u\u00dferst besorgniserregend&#8220;. Der Fokus liege auf der Sicherheit j\u00fcdischer und israelischer Einrichtungen und Menschen. Das Innenministerium sei im st\u00e4ndigen Austausch mit den zust\u00e4ndigen Sicherheitsbeh\u00f6rden der L\u00e4nder und des Bundes, so Behrens. Die Polizei in Niedersachsen sei seit dem \u00dcberfall der Hamas im Oktober 2023 hochgradig sensibilisiert. Schutzkonzepte sind eingerichtet, wie auch die Polizei best\u00e4tigte.<\/p>\n<p>        <img decoding=\"async\" src=\"https:\/\/www.europesays.com\/de\/wp-content\/uploads\/2026\/02\/teheran-210.webp.webp\" alt=\"Teheran: Rauch steigt nach einer Explosion \u00fcber der iranischen Hauptstadt auf.\" title=\"Teheran: Rauch steigt nach einer Explosion \u00fcber der iranischen Hauptstadt auf. | Vahid Salemi\/AP\/dpa\" class=\"responsive\" loading=\"lazy\"\/><\/p>\n<p>USA und Israel greifen den Iran an &#8211; dieser reagiert mit Gegenschl\u00e4gen. Die neuesten Entwicklungen dazu bei tagesschau.de.<\/p>\n<p>    Bischof Wilmer zweifelt an milit\u00e4rischer Auseinandersetzung<\/p>\n<p class=\"\">Der Vorsitzende der katholischen Deutschen Bischofskonferenz, Heiner Wilmer, sorgt sich um die Bev\u00f6lkerung der betroffenen L\u00e4nder. Er bezweifle, dass eine milit\u00e4rische Auseinandersetzung Frieden und Freiheit in den Nahen Osten bringe, erkl\u00e4rte der Hildesheimer Bischof am Samstag. &#8222;Ich bete in dieser Stunde f\u00fcr die Menschen in Iran und Israel, die einmal mehr Opfer der Gewalt werden&#8220;, sagte Willmer<\/p>\n<p>    Demos in Hannover und Hamburg<\/p>\n<p class=\"\">Am Samstagmorgen hatten die <a href=\"https:\/\/www.tagesschau.de\/ausland\/asien\/israel-usa-iran-angriff-100.html\" title=\"Was \u00fcber den Angriff auf Iran bekannt ist\" rel=\"nofollow noopener\" target=\"_blank\">USA und Israel den Iran angegriffen<\/a>. Dieser hatte mit Gegenangriffen auf Israel geantwortet. Am Nachmittag fand in Hannover eine Iran-Kundgebung statt, um auf die Situation der Zivilbev\u00f6lkerung im Iran aufmerksam zu machen. Vertreten waren verschiedene Gruppen, wie Amnesty International oder Omas gegen Rechts. In Hamburg wurde auf einer <a href=\"https:\/\/www.ndr.de\/nachrichten\/hamburg\/hamburg-veranstalter-erwarten-20000-teilnehmer-bei-iran-demo,irandemo-104.html\" title=\"Hamburg: Tausende Iran-Demonstranten feiern in der Innenstadt\" rel=\"nofollow noopener\" target=\"_blank\">Demo von Exil-Iranern<\/a> mit tausenden Teilnehmern der Angriff auf das iranische Regime begr\u00fc\u00dft. Man hoffe auf ein Ende des Regimes, hie\u00df es von den Veranstaltern.<\/p>\n<p>Dieses Thema im Programm:<\/p>\n<p>                NDR 1 Niedersachsen | Aktuell | 28.02.2026 | 17:00 Uhr<\/p>\n","protected":false},"excerpt":{"rendered":"Stand: 28.02.2026 17:09 Uhr Die Lage in Nahost spitzt sich zu. Innenministerin Daniela Behrens (SPD) sorgt sich um&hellip;\n","protected":false},"author":2,"featured_media":833392,"comment_status":"","ping_status":"","sticky":false,"template":"","format":"standard","meta":{"footnotes":"","_share_on_mastodon":"0"},"categories":[1836],"tags":[2140,94213,3364,3387,29,30,46,345,411,1411,64,186231],"class_list":["post-833391","post","type-post","status-publish","format-standard","has-post-thumbnail","category-hannover","tag-angriff","tag-behrens","tag-de","tag-demo","tag-deutschland","tag-germany","tag-hannover","tag-iran","tag-israel","tag-niedersachsen","tag-usa","tag-wilmer"],"share_on_mastodon":{"url":"https:\/\/pubeurope.com\/@de\/116150749520208116","error":""},"_links":{"self":[{"href":"https:\/\/www.europesays.com\/de\/wp-json\/wp\/v2\/posts\/833391","targetHints":{"allow":["GET"]}}],"collection":[{"href":"https:\/\/www.europesays.com\/de\/wp-json\/wp\/v2\/posts"}],"about":[{"href":"https:\/\/www.europesays.com\/de\/wp-json\/wp\/v2\/types\/post"}],"author":[{"embeddable":true,"href":"https:\/\/www.europesays.com\/de\/wp-json\/wp\/v2\/users\/2"}],"replies":[{"embeddable":true,"href":"https:\/\/www.europesays.com\/de\/wp-json\/wp\/v2\/comments?post=833391"}],"version-history":[{"count":0,"href":"https:\/\/www.europesays.com\/de\/wp-json\/wp\/v2\/posts\/833391\/revisions"}],"wp:featuredmedia":[{"embeddable":true,"href":"https:\/\/www.europesays.com\/de\/wp-json\/wp\/v2\/media\/833392"}],"wp:attachment":[{"href":"https:\/\/www.europesays.com\/de\/wp-json\/wp\/v2\/media?parent=833391"}],"wp:term":[{"taxonomy":"category","embeddable":true,"href":"https:\/\/www.europesays.com\/de\/wp-json\/wp\/v2\/categories?post=833391"},{"taxonomy":"post_tag","embeddable":true,"href":"https:\/\/www.europesays.com\/de\/wp-json\/wp\/v2\/tags?post=833391"}],"curies":[{"name":"wp","href":"https:\/\/api.w.org\/{rel}","templated":true}]}}