{"id":833471,"date":"2026-02-28T23:45:24","date_gmt":"2026-02-28T23:45:24","guid":{"rendered":"https:\/\/www.europesays.com\/de\/833471\/"},"modified":"2026-02-28T23:45:24","modified_gmt":"2026-02-28T23:45:24","slug":"buergerrechtlerin-kolesnikowa-holt-karlspreis-nachtraeglich-ab","status":"publish","type":"post","link":"https:\/\/www.europesays.com\/de\/833471\/","title":{"rendered":"B\u00fcrgerrechtlerin Kolesnikowa holt Karlspreis nachtr\u00e4glich ab"},"content":{"rendered":"<p>Festakt im Aachener Rathaus <\/p>\n<p>Belarussische Oppositionelle holt pers\u00f6nlich Karlspreis ab<\/p>\n<p>28.02.2026 &#8211; 11:08 UhrLesedauer: 1 Min.<\/p>\n<p><a href=\"#focus-0\" class=\"transition-colors duration-200 block text-current relative\" data-sctrack=\"FocusGalleryImage.Reference\"><img fetchpriority=\"high\" data-testid=\"Opener.Image\" style=\"--lqipURL:url('https:\/\/images.t-online.de\/2026\/02\/xVzSP3lnlwnH\/0x75:800x450\/fit-in\/150x0\/filters:blur(25)\/maria-kolesnikowa-aus-belarus-sie-nimmt-nachtraeglich-den-karlspreis-in-empfang.jpg')\"   loading=\"eager\" src=\"https:\/\/www.europesays.com\/de\/wp-content\/uploads\/2026\/02\/maria-kolesnikowa-aus-belarus-sie-nimmt-nachtraeglich-den-karlspreis-in-empfang.jpg\" alt=\"Maria Kolesnikowa aus Belarus: Sie nimmt nachtr\u00e4glich den Karlspreis in Empfang.\" title=\"Maria Kolesnikowa aus Belarus: Sie nimmt nachtr\u00e4glich den Karlspreis in Empfang.\" width=\"800\" height=\"450\" class=\"bg-[url:var(--lqipURL)] bg-cover bg-center flex h-full w-full max-w-full\" decoding=\"async\"\/><img style=\"--width:32;--height:32\" loading=\"lazy\" src=\"https:\/\/aachen.t-online.de\/s\/paper\/_next\/static\/media\/zoom-in.f7dae02f.svg\" alt=\"Vergr\u00f6\u00dfern des Bildes\" title=\"Vergr\u00f6\u00dfern des Bildes\" class=\"block h-[calc(var(--height)_\/_16_*_1rem)] w-[calc(var(--width)_\/_16_*_1rem)] max-w-none absolute bottom-8 right-8 rounded-4 bg-snow p-8\" decoding=\"async\"\/><\/a><\/p>\n<p>Maria Kolesnikowa aus Belarus: Sie nimmt nachtr\u00e4glich den Karlspreis in Empfang. (Quelle: Kay Nietfeld\/dpa)<\/p>\n<p class=\"font-bold text-18 leading-17 user-text-lg:text-22 user-text-xl:text-24\">Jahrelang war Maria Kolesnikowa politische Gefangene in Belarus. In dieser Zeit wurde ihr der Karlspreis verliehen, den sie aber nicht entgegennehmen konnte. Jetzt soll alles nachgeholt werden.<\/p>\n<p class=\"text-18 leading-17 user-text-lg:text-22 user-text-xl:text-24\">Die belarussische Oppositionelle Maria Kolesnikowa hat nach ihrer Freilassung aus der Haft die M\u00f6glichkeit erhalten, den ihr 2022 verliehenen Karlspreis pers\u00f6nlich entgegenzunehmen. Die 43-J\u00e4hrige wird am 14. M\u00e4rz in Aachen zur Preisverleihung erwartet.<\/p>\n<p class=\"text-18 leading-17 user-text-lg:text-22 user-text-xl:text-24\">Bei der urspr\u00fcnglichen Verleihung konnte Kolesnikowa nicht anwesend sein. Sie war zu diesem Zeitpunkt in Belarus inhaftiert. Ihre Schwester vertrat sie damals bei der Zeremonie.<\/p>\n<p class=\"text-18 leading-17 user-text-lg:text-22 user-text-xl:text-24\">Wie die Stadt Aachen mitteilte, soll die Preisverleihung in einem Festakt im Kr\u00f6nungssaal des Rathauses nachgeholt werden. Der Vorsitzende des Karlspreisdirektoriums, Armin Laschet, bezeichnete dies als &#8222;ein starkes Signal an alle, die in Europa f\u00fcr Freiheit und Demokratie eintreten&#8220;.<\/p>\n<p class=\"text-18 leading-17 user-text-lg:text-22 user-text-xl:text-24\">Kolesnikowa geh\u00f6rte zu den f\u00fchrenden Pers\u00f6nlichkeiten der Massenproteste in Belarus nach der Pr\u00e4sidentenwahl von 2020. Im September 2020 wurde sie festgenommen und blieb bis zu ihrer Freilassung in Haft. Der Karlspreis wurde ihr zusammen mit zwei weiteren B\u00fcrgerrechtlerinnen aus dem autorit\u00e4r regierten Belarus zuerkannt.<\/p>\n<p class=\"text-18 leading-17 user-text-lg:text-22 user-text-xl:text-24\">Machthaber Alexander Lukaschenko hatte im Dezember mehr als 120 politische Gefangene freigelassen, unter ihnen auch Kolesnikowa. Seit ihrer Freilassung lebt die Oppositionelle in Berlin.<\/p>\n","protected":false},"excerpt":{"rendered":"Festakt im Aachener Rathaus Belarussische Oppositionelle holt pers\u00f6nlich Karlspreis ab 28.02.2026 &#8211; 11:08 UhrLesedauer: 1 Min. Maria Kolesnikowa&hellip;\n","protected":false},"author":2,"featured_media":833472,"comment_status":"","ping_status":"","sticky":false,"template":"","format":"standard","meta":{"footnotes":"","_share_on_mastodon":"0"},"categories":[1853],"tags":[722,17161,1424,506,916,3364,29,548,663,3934,6544,30,13,44514,151594,14,15,1209,21058,12],"class_list":["post-833471","post","type-post","status-publish","format-standard","has-post-thumbnail","category-aachen","tag-722","tag-17161","tag-aachen","tag-armin-laschet","tag-belarus","tag-de","tag-deutschland","tag-eu","tag-europa","tag-europe","tag-festakt","tag-germany","tag-headlines","tag-karlspreis","tag-maria-kolesnikova","tag-nachrichten","tag-news","tag-nordrhein-westfalen","tag-rom","tag-schlagzeilen"],"share_on_mastodon":{"url":"https:\/\/pubeurope.com\/@de\/116150922606372699","error":""},"_links":{"self":[{"href":"https:\/\/www.europesays.com\/de\/wp-json\/wp\/v2\/posts\/833471","targetHints":{"allow":["GET"]}}],"collection":[{"href":"https:\/\/www.europesays.com\/de\/wp-json\/wp\/v2\/posts"}],"about":[{"href":"https:\/\/www.europesays.com\/de\/wp-json\/wp\/v2\/types\/post"}],"author":[{"embeddable":true,"href":"https:\/\/www.europesays.com\/de\/wp-json\/wp\/v2\/users\/2"}],"replies":[{"embeddable":true,"href":"https:\/\/www.europesays.com\/de\/wp-json\/wp\/v2\/comments?post=833471"}],"version-history":[{"count":0,"href":"https:\/\/www.europesays.com\/de\/wp-json\/wp\/v2\/posts\/833471\/revisions"}],"wp:featuredmedia":[{"embeddable":true,"href":"https:\/\/www.europesays.com\/de\/wp-json\/wp\/v2\/media\/833472"}],"wp:attachment":[{"href":"https:\/\/www.europesays.com\/de\/wp-json\/wp\/v2\/media?parent=833471"}],"wp:term":[{"taxonomy":"category","embeddable":true,"href":"https:\/\/www.europesays.com\/de\/wp-json\/wp\/v2\/categories?post=833471"},{"taxonomy":"post_tag","embeddable":true,"href":"https:\/\/www.europesays.com\/de\/wp-json\/wp\/v2\/tags?post=833471"}],"curies":[{"name":"wp","href":"https:\/\/api.w.org\/{rel}","templated":true}]}}