{"id":833557,"date":"2026-03-01T00:34:00","date_gmt":"2026-03-01T00:34:00","guid":{"rendered":"https:\/\/www.europesays.com\/de\/833557\/"},"modified":"2026-03-01T00:34:00","modified_gmt":"2026-03-01T00:34:00","slug":"urlaub-fuer-einen-tag-ein-besuch-in-duesseldorf-urdenbach","status":"publish","type":"post","link":"https:\/\/www.europesays.com\/de\/833557\/","title":{"rendered":"Urlaub f\u00fcr einen Tag &#8211; ein Besuch in D\u00fcsseldorf-Urdenbach"},"content":{"rendered":"<p class=\"text_ohne_einzug richtext text-em-55 !leading-serif mx-6 desktop:mx-0\">Ein bisschen f\u00fchlt sich ein Besuch in D\u00fcsseldorf-Urdenbach wie Urlaub an. Solch ein Urlaub, bei dem man die Gro\u00dfeltern oder andere Familienmitglieder auf dem Land besucht. Beschaulich geht es dann meist zu &#8211; gerne mit Fachwerk- und Bauernh\u00e4usern, die den Charme l\u00e4ngst vergangener Tage verspr\u00fchen. Nachbarn, die sich auf der Stra\u00dfe gr\u00fc\u00dfen und kurz miteinander plauschen. Kinder, die lachend auf ihren Fahrr\u00e4dern vorbeiziehen. Wenn dann noch das Wetter stimmt, ist der Urlaubstag doch eigentlich perfekt.<\/p>\n","protected":false},"excerpt":{"rendered":"Ein bisschen f\u00fchlt sich ein Besuch in D\u00fcsseldorf-Urdenbach wie Urlaub an. Solch ein Urlaub, bei dem man die&hellip;\n","protected":false},"author":2,"featured_media":833558,"comment_status":"","ping_status":"","sticky":false,"template":"","format":"standard","meta":{"footnotes":"","_share_on_mastodon":"0"},"categories":[1831],"tags":[34885,3364,29,3405,30,1209,1598,13180,107474],"class_list":["post-833557","post","type-post","status-publish","format-standard","has-post-thumbnail","category-duesseldorf","tag-auswahl","tag-de","tag-deutschland","tag-duesseldorf","tag-germany","tag-nordrhein-westfalen","tag-restaurant","tag-urdenbach","tag-urdenbacher"],"share_on_mastodon":{"url":"https:\/\/pubeurope.com\/@de\/116151114959839911","error":""},"_links":{"self":[{"href":"https:\/\/www.europesays.com\/de\/wp-json\/wp\/v2\/posts\/833557","targetHints":{"allow":["GET"]}}],"collection":[{"href":"https:\/\/www.europesays.com\/de\/wp-json\/wp\/v2\/posts"}],"about":[{"href":"https:\/\/www.europesays.com\/de\/wp-json\/wp\/v2\/types\/post"}],"author":[{"embeddable":true,"href":"https:\/\/www.europesays.com\/de\/wp-json\/wp\/v2\/users\/2"}],"replies":[{"embeddable":true,"href":"https:\/\/www.europesays.com\/de\/wp-json\/wp\/v2\/comments?post=833557"}],"version-history":[{"count":0,"href":"https:\/\/www.europesays.com\/de\/wp-json\/wp\/v2\/posts\/833557\/revisions"}],"wp:featuredmedia":[{"embeddable":true,"href":"https:\/\/www.europesays.com\/de\/wp-json\/wp\/v2\/media\/833558"}],"wp:attachment":[{"href":"https:\/\/www.europesays.com\/de\/wp-json\/wp\/v2\/media?parent=833557"}],"wp:term":[{"taxonomy":"category","embeddable":true,"href":"https:\/\/www.europesays.com\/de\/wp-json\/wp\/v2\/categories?post=833557"},{"taxonomy":"post_tag","embeddable":true,"href":"https:\/\/www.europesays.com\/de\/wp-json\/wp\/v2\/tags?post=833557"}],"curies":[{"name":"wp","href":"https:\/\/api.w.org\/{rel}","templated":true}]}}