{"id":834304,"date":"2026-03-01T07:54:13","date_gmt":"2026-03-01T07:54:13","guid":{"rendered":"https:\/\/www.europesays.com\/de\/834304\/"},"modified":"2026-03-01T07:54:13","modified_gmt":"2026-03-01T07:54:13","slug":"alle-termine-wann-ist-der-naechste-feiertag-12","status":"publish","type":"post","link":"https:\/\/www.europesays.com\/de\/834304\/","title":{"rendered":"Alle Termine \u2013 Wann ist der n\u00e4chste Feiertag?"},"content":{"rendered":"<p class=\"mb-6 text-xs md:text-m lg:text-l font-serif group-[.font-sans]:font-sans \">\n    Welche Feiertage hat Berlin 2026 und 2027? Hier geben wir einen \u00dcberblick \u00fcber die Termine in der deutschen Hauptstadt, an denen die Menschen frei haben und die Gesch\u00e4fte geschlossen sind.\n  <\/p>\n<p class=\"mb-6 text-xs md:text-m lg:text-l font-serif group-[.font-sans]:font-sans \">\n    Au\u00dferdem finden Sie hier Angaben zu weiteren besonderen Terminen wie Heilige Drei K\u00f6nige, Fronleichnam oder Allerheiligen. Zu allen Feiertagen bieten wir ausf\u00fchrliche Hintergr\u00fcnde zu Bedeutung und Br\u00e4uchen. Klicken Sie f\u00fcr mehr Infos einfach auf die Links.\n  <\/p>\n<p>            Welche und wie viele gesetzliche Feiertage gibt es in Berlin?<\/p>\n<p class=\"mb-6 text-xs md:text-m lg:text-l font-serif group-[.font-sans]:font-sans \">\n    In Berlin gibt es zehn Feiertage, an denen die meisten Menschen nicht zur Arbeit oder zur Schule m\u00fcssen. In der Hauptstadt gilt auch ein Feiertag, den andere Bundesl\u00e4nder nicht vorweisen k\u00f6nnen: Am 8. M\u00e4rz wird der Internationale Frauentag gefeiert. Dazu kommen die neun Feiertage, die in allen Bundesl\u00e4ndern in Deutschland gelten. Hier ein \u00dcberblick:\n  <\/p>\n<p class=\"mb-6 text-xs md:text-m lg:text-l font-serif group-[.font-sans]:font-sans \">\n    Zum Beispiel Heilige Drei K\u00f6nige am 6. Januar, Fronleichnam oder Allerheiligen am 1. November sind hingegen keine Feiertage in Berlin. Die Menschen haben an diesen Terminen also weder arbeitsfrei noch schulfrei. Die Gesch\u00e4fte sind ge\u00f6ffnet. Das sind die konkreten Feiertag-Termine:\n  <\/p>\n<p>            Feiertage in Berlin 2026<\/p>\n<ul rel=\"\" class=\"[&amp;&gt;li]:relative list-none  [&amp;&gt;li]:pl-[1.2em] [&amp;&gt;li]:marker:text-[0] [&amp;&gt;li]:relative [&amp;&gt;li]:before:absolute [&amp;&gt;li]:before:w-3 [&amp;&gt;li]:before:h-3 [&amp;&gt;li]:before:bg-brand [&amp;&gt;li]:before:left-0 [&amp;&gt;li]:before:top-[8px] [&amp;&gt;li]:before:rounded-full  my-5\">\n<li class=\" mb-3 text-xs md:text-m lg:text-l\">Neujahr: 01.01.2026 (Donnerstag)<\/li>\n<li class=\" mb-3 text-xs md:text-m lg:text-l\">Internationaler Frauentag: 08.03.2026 (Sonntag)<\/li>\n<li class=\" mb-3 text-xs md:text-m lg:text-l\">Karfreitag: 03.04.2026 (Freitag)<\/li>\n<li class=\" mb-3 text-xs md:text-m lg:text-l\">Ostern \u2013 Ostermontag: 06.04.2026 (Montag)<\/li>\n<li class=\" mb-3 text-xs md:text-m lg:text-l\">1. Mai \u2013 Tag der Arbeit: 01.05.2026 (Freitag)<\/li>\n<li class=\" mb-3 text-xs md:text-m lg:text-l\">Christi Himmelfahrt: 14.05.2026 (Donnerstag)<\/li>\n<li class=\" mb-3 text-xs md:text-m lg:text-l\">Pfingsten \u2013 Pfingstmontag: 25.05.2026 (Montag)<\/li>\n<li class=\" mb-3 text-xs md:text-m lg:text-l\">Tag der Deutschen Einheit: 03.10.2026 (Samstag)<\/li>\n<li class=\" mb-3 text-xs md:text-m lg:text-l\">1. Weihnachtsfeiertag: 25.12.2026 (Freitag)<\/li>\n<li class=\" mb-3 text-xs md:text-m lg:text-l\">2. Weihnachtsfeiertag: 26.12.2026 (Samstag)<\/li>\n<\/ul>\n<p class=\"mb-6 text-xs md:text-m lg:text-l font-serif group-[.font-sans]:font-sans \">\n    Neun <a href=\"https:\/\/www.augsburger-allgemeine.de\/panorama\/feiertage-in-deutschland-2025-und-2026-alle-termine-wann-ist-der-naechste-feiertag-104053676\" target=\"_blank\" class=\"underline \" rel=\"nofollow noopener\">Feiertage 2026 und 2027 in Deutschland<\/a> gelten bundesweit.\n  <\/p>\n<p>            Feiertage in Berlin 2027<\/p>\n<ul rel=\"\" class=\"[&amp;&gt;li]:relative list-none  [&amp;&gt;li]:pl-[1.2em] [&amp;&gt;li]:marker:text-[0] [&amp;&gt;li]:relative [&amp;&gt;li]:before:absolute [&amp;&gt;li]:before:w-3 [&amp;&gt;li]:before:h-3 [&amp;&gt;li]:before:bg-brand [&amp;&gt;li]:before:left-0 [&amp;&gt;li]:before:top-[8px] [&amp;&gt;li]:before:rounded-full  my-5\">\n<li class=\" mb-3 text-xs md:text-m lg:text-l\">Neujahr: 01.01.2027 (Freitag)<\/li>\n<li class=\" mb-3 text-xs md:text-m lg:text-l\">Internationaler Frauentag: 08.03.2027 (Montag)<\/li>\n<li class=\" mb-3 text-xs md:text-m lg:text-l\">Karfreitag: 26.03.2027 (Freitag)<\/li>\n<li class=\" mb-3 text-xs md:text-m lg:text-l\">Ostern \u2013 Ostermontag: 29.03.2027 (Montag)<\/li>\n<li class=\" mb-3 text-xs md:text-m lg:text-l\">1. Mai \u2013 Tag der Arbeit: 01.05.2027 (Samstag)<\/li>\n<li class=\" mb-3 text-xs md:text-m lg:text-l\">Christi Himmelfahrt: 06.05.2027 (Donnerstag)<\/li>\n<li class=\" mb-3 text-xs md:text-m lg:text-l\">Pfingsten \u2013 Pfingstmontag: 17.05.2027 (Montag)<\/li>\n<li class=\" mb-3 text-xs md:text-m lg:text-l\">Tag der Deutschen Einheit: 03.10.2027 (Sonntag)<\/li>\n<li class=\" mb-3 text-xs md:text-m lg:text-l\">1. Weihnachtsfeiertag: 25.12.2027 (Samstag)<\/li>\n<li class=\" mb-3 text-xs md:text-m lg:text-l\">2. Weihnachtsfeiertag: 26.12.2027 (Sonntag)<\/li>\n<\/ul>\n<p>            Weitere besondere Termine in Berlin 2026 und 2027<\/p>\n<p class=\"mb-6 text-xs md:text-m lg:text-l font-serif group-[.font-sans]:font-sans \">\n    Hier folgt die \u00dcbersicht \u00fcber weitere Termine in Berlin, die im Kalender eine besondere Rolle einnehmen:\n  <\/p>\n<ul rel=\"\" class=\"[&amp;&gt;li]:relative list-none  [&amp;&gt;li]:pl-[1.2em] [&amp;&gt;li]:marker:text-[0] [&amp;&gt;li]:relative [&amp;&gt;li]:before:absolute [&amp;&gt;li]:before:w-3 [&amp;&gt;li]:before:h-3 [&amp;&gt;li]:before:bg-brand [&amp;&gt;li]:before:left-0 [&amp;&gt;li]:before:top-[8px] [&amp;&gt;li]:before:rounded-full  my-5\">\n<li class=\" mb-3 text-xs md:text-m lg:text-l\"><a href=\"https:\/\/www.augsburger-allgemeine.de\/panorama\/heilige-drei-koenige-2024-wo-feiertag-namen-geschichte-am-6-januar-frei-in-bayern-baden-wuerttemberg-sachsen-anhalt-sowie-nrw-102381546\" target=\"_self\" class=\"underline \" rel=\"nofollow noopener\">Heilige Drei K\u00f6nige<\/a>: 06.01.2026, 06.01.2027<\/li>\n<li class=\" mb-3 text-xs md:text-m lg:text-l\"><a href=\"https:\/\/www.augsburger-allgemeine.de\/augsburg\/augsburg-holocaust-gedenktag-soll-ns-opfer-in-augsburg-sichtbar-machen-id65280956.html\" target=\"_self\" class=\"underline \" rel=\"nofollow noopener\">Holocaust-Gedenktag:<\/a> 27.01.2026, 27.01.2027<\/li>\n<li class=\" mb-3 text-xs md:text-m lg:text-l\"><a href=\"https:\/\/www.augsburger-allgemeine.de\/panorama\/valentinstag-2023-bedeutung-feiertag-wer-war-valentin-datum-26-02-23-102056187\" target=\"_self\" class=\"underline \" rel=\"nofollow noopener\">Valentinstag<\/a>: 14.02.2026, 14.02.2027<\/li>\n<li class=\" mb-3 text-xs md:text-m lg:text-l\"><a href=\"https:\/\/www.augsburger-allgemeine.de\/panorama\/weiberfastnacht-2024-datum-bedeutung-traditionen-gumpiger-lumpiger-oder-schmutziger-donnerstag-101887301\" target=\"_self\" class=\"underline \" rel=\"nofollow noopener\">Weiberfastnacht<\/a>: 12.02.2026, 04.02.2027<\/li>\n<li class=\" mb-3 text-xs md:text-m lg:text-l\"><a href=\"https:\/\/www.augsburger-allgemeine.de\/panorama\/rosenmontag-2024-ist-rosenmontag-feiertag-datum-bedeutung-und-name-101954044\" target=\"_self\" class=\"underline \" rel=\"nofollow noopener\">Rosenmontag<\/a>: 16.02.2026, 08.02.2027<\/li>\n<li class=\" mb-3 text-xs md:text-m lg:text-l\"><a href=\"https:\/\/www.augsburger-allgemeine.de\/panorama\/ist-aschermittwoch-ein-feiertag-wann-datum-bedeutung-102160502\" target=\"_self\" class=\"underline \" rel=\"nofollow noopener\">Aschermittwoch<\/a>: 18.02.2026, 10.02.2027<\/li>\n<li class=\" mb-3 text-xs md:text-m lg:text-l\"><a href=\"https:\/\/www.augsburger-allgemeine.de\/panorama\/wann-ist-fruehlingsanfang-kalendarisch-meteorologisch-09-1-24-102311642\" target=\"_self\" class=\"underline \" rel=\"nofollow noopener\">Fr\u00fchlingsanfang (meteorologisch)<\/a>: 01.03.2026, 01.03.2027<\/li>\n<li class=\" mb-3 text-xs md:text-m lg:text-l\"><a href=\"https:\/\/www.augsburger-allgemeine.de\/panorama\/st-patrick-s-day-2024-wann-ist-saint-patrick-s-day-datum-und-bedeutung-102105864\" target=\"_self\" class=\"underline \" rel=\"nofollow noopener\">St. Patrick\u2019s Day<\/a>: 17.03.2026, 17.03.2027<\/li>\n<li class=\" mb-3 text-xs md:text-m lg:text-l\"><a href=\"https:\/\/www.augsburger-allgemeine.de\/panorama\/josefstag-2024-ist-er-ein-feiertag-datum-bauernregel-brauchtum-102040445\" target=\"_self\" class=\"underline \" rel=\"nofollow noopener\">Josefstag<\/a>: 19.03.2026, 19.03.2027<\/li>\n<li class=\" mb-3 text-xs md:text-m lg:text-l\"><a href=\"https:\/\/www.augsburger-allgemeine.de\/panorama\/wann-ist-fruehlingsanfang-kalendarisch-meteorologisch-09-1-24-102311642\" target=\"_self\" class=\"underline \" rel=\"nofollow noopener\">Fr\u00fchlingsanfang (kalendarisch)<\/a>: 20.03.2026, 20.03.2027<\/li>\n<li class=\" mb-3 text-xs md:text-m lg:text-l\"><a href=\"https:\/\/www.augsburger-allgemeine.de\/panorama\/zeitumstellung-auf-sommerzeit-2024-uhr-vor-oder-zurueck-stellen-101982474\" target=\"_self\" class=\"underline \" rel=\"nofollow noopener\">Zeitumstellung auf Sommerzeit<\/a>: 29.03.2026, 28.03.2027<\/li>\n<li class=\" mb-3 text-xs md:text-m lg:text-l\"><a href=\"https:\/\/www.augsburger-allgemeine.de\/panorama\/palmsonntag-2024-feiertag-bedeutung-braeuche-und-datum-101907784\" target=\"_self\" class=\"underline \" rel=\"nofollow noopener\">Palmsonntag<\/a>: 29.03.2026, 21.03.2027<\/li>\n<li class=\" mb-3 text-xs md:text-m lg:text-l\"><a href=\"https:\/\/www.augsburger-allgemeine.de\/panorama\/gruendonnerstag-2024-name-datum-bedeutung-feiertag-arbeitsfrei-oder-geschaefte-offen-102062182\" target=\"_self\" class=\"underline \" rel=\"nofollow noopener\">Gr\u00fcndonnerstag<\/a>: 02.04.2026, 25.03.2027<\/li>\n<li class=\" mb-3 text-xs md:text-m lg:text-l\"><a href=\"https:\/\/www.augsburger-allgemeine.de\/panorama\/walpurgisnacht-2024-datum-bedeutung-ursprung-brauchtum-ein-feiertag-102274383\" target=\"_self\" class=\"underline \" rel=\"nofollow noopener\">Walpurgisnacht<\/a>: 30.04.2026, 30.04.2027<\/li>\n<li class=\" mb-3 text-xs md:text-m lg:text-l\"><a href=\"https:\/\/www.augsburger-allgemeine.de\/panorama\/-101854982\" target=\"_self\" class=\"underline \" rel=\"nofollow noopener\">Tag der Befreiung<\/a>: 08.05.2026, 08.05.2027<\/li>\n<li class=\" mb-3 text-xs md:text-m lg:text-l\"><a href=\"https:\/\/www.augsburger-allgemeine.de\/panorama\/eisheilige-2024-wann-datum-namen-bauernregeln-und-bedeutung-fuers-wetter-102310689\" target=\"_self\" class=\"underline \" rel=\"nofollow noopener\">Eisheilige<\/a>: ab 11.05.2026, ab 11.05.2027<\/li>\n<li class=\" mb-3 text-xs md:text-m lg:text-l\"><a href=\"https:\/\/www.augsburger-allgemeine.de\/panorama\/muttertag-2024-wann-ist-muttertag-datum-bedeutung-ursprung-geschenke-in-deutschland-101925728\" target=\"_self\" class=\"underline \" rel=\"nofollow noopener\">Muttertag<\/a>: 10.05.2026, 09.05.2027<\/li>\n<li class=\" mb-3 text-xs md:text-m lg:text-l\"><a href=\"https:\/\/www.augsburger-allgemeine.de\/panorama\/vatertag-2024-wann-ist-vatertag-datum-die-bedeutung-feiertag-deutschland-102045912\" target=\"_self\" class=\"underline \" rel=\"nofollow noopener\">Vatertag<\/a>: 14.05.2026, 06.05.2027<\/li>\n<li class=\" mb-3 text-xs md:text-m lg:text-l\"><a href=\"https:\/\/www.augsburger-allgemeine.de\/panorama\/feiertage\/internationaler-kindertag-feiertag-datum-geschichte-bedeutung-29-6-25-102129634\" target=\"_self\" class=\"underline \" rel=\"nofollow noopener\">Internationaler Kindertag<\/a>: 01.06.2026, 01.06.2027<\/li>\n<li class=\" mb-3 text-xs md:text-m lg:text-l\"><a href=\"https:\/\/www.augsburger-allgemeine.de\/panorama\/sommeranfang-2024-wann-ist-sommeranfang-meteorologisch-kalendarisch-datum-fuer-sommersonnenwende-102326851\" target=\"_self\" class=\"underline \" rel=\"nofollow noopener\">Sommeranfang (meteorologisch)<\/a>: 01.06.2026, 01.06.2027<\/li>\n<li class=\" mb-3 text-xs md:text-m lg:text-l\"><a href=\"https:\/\/www.augsburger-allgemeine.de\/panorama\/fronleichnam-2024-wo-ist-fronleichnam-feiertag-bayern-nrw-berlin-bw-hessen-datum-bedeutung-101816498\" target=\"_self\" class=\"underline \" rel=\"nofollow noopener\">Fronleichnam<\/a>: 04.06.2026, 27.05.2027<\/li>\n<li class=\" mb-3 text-xs md:text-m lg:text-l\"><a href=\"https:\/\/www.augsburger-allgemeine.de\/panorama\/sommeranfang-2024-wann-ist-sommeranfang-meteorologisch-kalendarisch-datum-fuer-sommersonnenwende-102326851\" target=\"_self\" class=\"underline \" rel=\"nofollow noopener\">Sommeranfang (kalendarisch) \/ Sommersonnenwende<\/a>: 21.06.2026, 21.06.2027<\/li>\n<li class=\" mb-3 text-xs md:text-m lg:text-l\"><a href=\"https:\/\/www.augsburger-allgemeine.de\/panorama\/feiertage\/wann-und-was-ist-der-johannistag-2026-bedeutung-und-bauernregeln-22-7-25-102223963\" target=\"_self\" class=\"underline \" rel=\"nofollow noopener\">Johannistag<\/a>: 24.06.2026, 24.06.2027<\/li>\n<li class=\" mb-3 text-xs md:text-m lg:text-l\"><a href=\"https:\/\/www.augsburger-allgemeine.de\/panorama\/feiertage\/siebenschlaefertag-2025-wann-ist-er-und-welche-bedeutung-steckt-dahinter-24-7-25-101918211\" target=\"_self\" class=\"underline \" rel=\"nofollow noopener\">Siebenschl\u00e4fer-Tag<\/a>: 27.06.2026, 27.06.2027<\/li>\n<li class=\" mb-3 text-xs md:text-m lg:text-l\"><a href=\"https:\/\/www.augsburger-allgemeine.de\/bayern\/peter-und-paul-2024-bedeutung-datum-petersfeuer-bauernregel-und-feiertag-102044931\" target=\"_self\" class=\"underline \" rel=\"nofollow noopener\">Peter und Paul<\/a>: 29.06.2026, 29.06.2027<\/li>\n<li class=\" mb-3 text-xs md:text-m lg:text-l\"><a href=\"https:\/\/www.augsburger-allgemeine.de\/bayern\/mariae-himmelfahrt-in-welchen-bundeslaendern-ist-mariae-himmelfahrt-feiertag-bayern-nrw-saarland-datum-bedeutung-102014445\" target=\"_self\" class=\"underline \" rel=\"nofollow noopener\">Mari\u00e4 Himmelfahrt<\/a>: 15.08.2026, 15.08.2027<\/li>\n<li class=\" mb-3 text-xs md:text-m lg:text-l\"><a href=\"https:\/\/www.augsburger-allgemeine.de\/panorama\/herbstanfang-2024-wann-ist-der-herbstanfang-meteorlogisch-kalendarisch-datum-uhrzeit-fuer-herbstbeginn-101985559\" target=\"_self\" class=\"underline \" rel=\"nofollow noopener\">Herbstanfang (meteorologisch)<\/a>: 01.09.2026, 01.09.2027<\/li>\n<li class=\" mb-3 text-xs md:text-m lg:text-l\"><a href=\"https:\/\/www.augsburger-allgemeine.de\/panorama\/kindertag-2024-wo-ist-der-weltkindertag-feiertag-datum-bedeutung-des-20-september-in-deutschland-101821949\" target=\"_self\" class=\"underline \" rel=\"nofollow noopener\">Weltkindertag<\/a>: 20.09.2026, 20.09.2027<\/li>\n<li class=\" mb-3 text-xs md:text-m lg:text-l\"><a href=\"https:\/\/www.augsburger-allgemeine.de\/panorama\/herbstanfang-2024-wann-ist-der-herbstanfang-meteorlogisch-kalendarisch-datum-uhrzeit-fuer-herbstbeginn-101985559\" target=\"_self\" class=\"underline \" rel=\"nofollow noopener\">Herbstanfang (kalendarisch)<\/a>: 23.09.2026, 23.09.2027<\/li>\n<li class=\" mb-3 text-xs md:text-m lg:text-l\"><a href=\"https:\/\/www.augsburger-allgemeine.de\/panorama\/erntedankfest-2024-wann-wird-erntedank-gefeiert-datum-und-bedeutung-102296847\" target=\"_self\" class=\"underline \" rel=\"nofollow noopener\">Erntedank<\/a>: 04.10.2026, 03.10.2027<\/li>\n<li class=\" mb-3 text-xs md:text-m lg:text-l\"><a href=\"https:\/\/www.augsburger-allgemeine.de\/panorama\/zeitumstellung-winterzeit-2024-wann-uhr-16-9-24-102251604\" target=\"_self\" class=\"underline \" rel=\"nofollow noopener\">Zeitumstellung auf Winterzeit<\/a>: 25.10.2026, 31.10.2027<\/li>\n<li class=\" mb-3 text-xs md:text-m lg:text-l\"><a href=\"https:\/\/www.augsburger-allgemeine.de\/panorama\/halloween-2024-101839119\" target=\"_self\" class=\"underline \" rel=\"nofollow noopener\">Halloween<\/a>: 31.10.2026, 31.10.2027<\/li>\n<li class=\" mb-3 text-xs md:text-m lg:text-l\"><a href=\"https:\/\/www.augsburger-allgemeine.de\/panorama\/reformationstag-2023-101912118\" target=\"_self\" class=\"underline \" rel=\"nofollow noopener\">Reformationstag<\/a>: 31.10.2026, 31.10.2027<\/li>\n<li class=\" mb-3 text-xs md:text-m lg:text-l\"><a href=\"https:\/\/www.augsburger-allgemeine.de\/panorama\/allerheiligen-1-11-2024-101921473\" target=\"_self\" class=\"underline \" rel=\"nofollow noopener\">Allerheiligen<\/a>: 01.11.2026, 01.11.2027<\/li>\n<li class=\" mb-3 text-xs md:text-m lg:text-l\"><a href=\"https:\/\/www.augsburger-allgemeine.de\/panorama\/allerseelen-2023-102187073\" target=\"_self\" class=\"underline \" rel=\"nofollow noopener\">Allerseelen<\/a>: 02.11.2026, 02.11.2027<\/li>\n<li class=\" mb-3 text-xs md:text-m lg:text-l\"><a href=\"https:\/\/www.augsburger-allgemeine.de\/panorama\/feiertage\/warum-ist-11-11-um-11-11-uhr-faschingsbeginn-2026-09-12-25-101935878\" target=\"_self\" class=\"underline \" rel=\"nofollow noopener\">Faschingsbeginn<\/a>: 11.11.2026, 11.11.2027<\/li>\n<li class=\" mb-3 text-xs md:text-m lg:text-l\"><a href=\"https:\/\/www.augsburger-allgemeine.de\/panorama\/sankt-martin-bedeutung-lied-21-12-24-101947810\" target=\"_self\" class=\"underline \" rel=\"nofollow noopener\">Martinstag<\/a>: 11.11.2026, 11.11.2027<\/li>\n<li class=\" mb-3 text-xs md:text-m lg:text-l\"><a href=\"https:\/\/www.augsburger-allgemeine.de\/panorama\/volkstrauertag-2024-101914955\" target=\"_self\" class=\"underline \" rel=\"nofollow noopener\">Volkstrauertag<\/a>: 15.11.2026, 14.11.2027<\/li>\n<li class=\" mb-3 text-xs md:text-m lg:text-l\"><a href=\"https:\/\/www.augsburger-allgemeine.de\/panorama\/buss-und-bettag-2024-101869125\" target=\"_self\" class=\"underline \" rel=\"nofollow noopener\">Bu\u00df- und Bettag<\/a>: 18.11.2026, 17.11.2027<\/li>\n<li class=\" mb-3 text-xs md:text-m lg:text-l\"><a href=\"https:\/\/www.augsburger-allgemeine.de\/panorama\/totensonntag-2024-bedeutung-wann-datum-stiller-feiertag-gilt-ein-tanzverbot-101841587\" target=\"_self\" class=\"underline \" rel=\"nofollow noopener\">Totensonntag<\/a>: 22.11.2026, 21.11.2027<\/li>\n<li class=\" mb-3 text-xs md:text-m lg:text-l\"><a href=\"https:\/\/www.augsburger-allgemeine.de\/panorama\/winteranfang-2023-wann-ist-winteranfang-kalendarisch-meteorologisch-21-12-24-102031982\" target=\"_self\" class=\"underline \" rel=\"nofollow noopener\">Winteranfang (meteorologisch)<\/a>: 01.12.2026, 01.12.2027<\/li>\n<li class=\" mb-3 text-xs md:text-m lg:text-l\"><a href=\"https:\/\/www.augsburger-allgemeine.de\/panorama\/wann-ist-advent-2024-datum-und-bedeutung-101974613\" target=\"_self\" class=\"underline \" rel=\"nofollow noopener\">1. Advent<\/a>: 29.11.2026, 28.11.2027<\/li>\n<li class=\" mb-3 text-xs md:text-m lg:text-l\"><a href=\"https:\/\/www.augsburger-allgemeine.de\/panorama\/barbaratag-2024-wann-datum-bedeutung-feiertag-zweige-101988995\" target=\"_self\" class=\"underline \" rel=\"nofollow noopener\">Barbaratag<\/a>: 04.12.2026, 04.12.2027<\/li>\n<li class=\" mb-3 text-xs md:text-m lg:text-l\"><a href=\"https:\/\/www.augsburger-allgemeine.de\/panorama\/nikolaustag-2024-bedeutung-feiertag-nikolaus-6-12-24-101931771\" target=\"_self\" class=\"underline \" rel=\"nofollow noopener\">Nikolaustag<\/a>: 06.12.2026, 06.12.2027<\/li>\n<li class=\" mb-3 text-xs md:text-m lg:text-l\"><a href=\"https:\/\/www.augsburger-allgemeine.de\/panorama\/wann-ist-advent-2024-datum-und-bedeutung-101974613\" target=\"_self\" class=\"underline \" rel=\"nofollow noopener\">2. Advent<\/a>: 06.12.2026, 05.12.2027<\/li>\n<li class=\" mb-3 text-xs md:text-m lg:text-l\"><a href=\"https:\/\/www.augsburger-allgemeine.de\/panorama\/wann-ist-advent-2024-datum-und-bedeutung-101974613\" target=\"_self\" class=\"underline \" rel=\"nofollow noopener\">3. Advent<\/a>: 13.12.2026, 12.12.2027<\/li>\n<li class=\" mb-3 text-xs md:text-m lg:text-l\"><a href=\"https:\/\/www.augsburger-allgemeine.de\/panorama\/winteranfang-2023-wann-ist-winteranfang-kalendarisch-meteorologisch-21-12-24-102031982\" target=\"_self\" class=\"underline \" rel=\"nofollow noopener\">Winteranfang (kalendarisch) \u2013 Wintersonnenwende<\/a>: 21.12.2026, 22.12.2027<\/li>\n<li class=\" mb-3 text-xs md:text-m lg:text-l\"><a href=\"https:\/\/www.augsburger-allgemeine.de\/panorama\/wann-ist-advent-2024-datum-und-bedeutung-101974613\" target=\"_self\" class=\"underline \" rel=\"nofollow noopener\">4. Advent<\/a>: 20.12.2026, 19.12.2027<\/li>\n<li class=\" mb-3 text-xs md:text-m lg:text-l\"><a href=\"https:\/\/www.augsburger-allgemeine.de\/panorama\/heiligabend-2024-feiertag-die-bedeutung-die-geschichte-das-essen-102342813\" target=\"_self\" class=\"underline \" rel=\"nofollow noopener\">Heiligabend<\/a>: 24.12.2026 24.12.2027<\/li>\n<li class=\" mb-3 text-xs md:text-m lg:text-l\"><a href=\"https:\/\/www.augsburger-allgemeine.de\/panorama\/rauhnaechte-2024-2025-termine-bedeutung-und-braeuche-101880642\" target=\"_self\" class=\"underline \" rel=\"nofollow noopener\">Rauhn\u00e4chte<\/a>: ab 25.12.2026, ab 21.12.2027<\/li>\n<li class=\" mb-3 text-xs md:text-m lg:text-l\"><a href=\"https:\/\/www.augsburger-allgemeine.de\/panorama\/silvester-2024-bedeutung-name-wochentag-und-feiertag-warum-feiert-man-eigentlich-silvester-102352688\" target=\"_self\" class=\"underline \" rel=\"nofollow noopener\">Silvester<\/a>: 31.12.2026, 31.12.2027<\/li>\n<\/ul>\n<p>            Feiertage in Berlin mit dem Internationalen Frauentag<\/p>\n<p class=\"mb-6 text-xs md:text-m lg:text-l font-serif group-[.font-sans]:font-sans \">\n    Im Vergleich zu anderen Bundesl\u00e4ndern hat Berlin eher wenig Feiertage. Zu den neun bundesweiten kommt nur noch der Internationale Frauentag am 8. M\u00e4rz &#8211; der daf\u00fcr aber auch nur in Berlin ein Feiertag ist. Hier haben die Menschen an dem Tag arbeitsfrei und schulfrei.\n  <\/p>\n<p class=\"mb-6 text-xs md:text-m lg:text-l font-serif group-[.font-sans]:font-sans \">\n    Der Internationale Frauentag ist ein relativ junger Feiertag: Ihn gibt es erst seit 2019. Seinen historischen Ursprung hat der Tag aber schon im Jahr 1911. Damals wurde in Deutschland, \u00d6sterreich-Ungarn, D\u00e4nemark und der Schweiz daf\u00fcr demonstriert, dass Frauen w\u00e4hlen und \u00c4mter \u00fcbernehmen d\u00fcrfen. Seitdem hat sich viel gewandelt, aber auch heute geht es am 8. M\u00e4rz noch um die Gleichstellung von Frauen und M\u00e4nnern.\n  <\/p>\n<p>            Vergangene gesetzliche Feiertage in Berlin<\/p>\n<p class=\"mb-6 text-xs md:text-m lg:text-l font-serif group-[.font-sans]:font-sans \">\n    2025\n  <\/p>\n<ul rel=\"\" class=\"[&amp;&gt;li]:relative list-none  [&amp;&gt;li]:pl-[1.2em] [&amp;&gt;li]:marker:text-[0] [&amp;&gt;li]:relative [&amp;&gt;li]:before:absolute [&amp;&gt;li]:before:w-3 [&amp;&gt;li]:before:h-3 [&amp;&gt;li]:before:bg-brand [&amp;&gt;li]:before:left-0 [&amp;&gt;li]:before:top-[8px] [&amp;&gt;li]:before:rounded-full  my-5\">\n<li class=\" mb-3 text-xs md:text-m lg:text-l\">Neujahr: 01.01.2025 (Mittwoch)<\/li>\n<li class=\" mb-3 text-xs md:text-m lg:text-l\">Internationaler Frauentag: 08.03.2025 (Samstag)<\/li>\n<li class=\" mb-3 text-xs md:text-m lg:text-l\">Karfreitag: 18.04.2025 (Freitag)<\/li>\n<li class=\" mb-3 text-xs md:text-m lg:text-l\">Ostern &#8211; Ostermontag: 21.04.2025 (Montag)<\/li>\n<li class=\" mb-3 text-xs md:text-m lg:text-l\">1. Mai &#8211; Tag der Arbeit: 01.05.2025 (Donnerstag)<\/li>\n<li class=\" mb-3 text-xs md:text-m lg:text-l\">Christi Himmelfahrt: 29.05.2025 (Donnerstag)<\/li>\n<li class=\" mb-3 text-xs md:text-m lg:text-l\">Pfingsten &#8211; Pfingstmontag: 09.06.2025 (Montag)<\/li>\n<li class=\" mb-3 text-xs md:text-m lg:text-l\">Tag der Deutschen Einheit: 03.10.2025 (Freitag)<\/li>\n<li class=\" mb-3 text-xs md:text-m lg:text-l\">1. Weihnachtsfeiertag: 25.12.2025 (Donnerstag)<\/li>\n<li class=\" mb-3 text-xs md:text-m lg:text-l\">2. Weihnachtsfeiertag: 26.12.2025 (Freitag)<\/li>\n<\/ul>\n<p class=\"mb-6 text-xs md:text-m lg:text-l font-serif group-[.font-sans]:font-sans \">\n    2024\n  <\/p>\n<ul rel=\"\" class=\"[&amp;&gt;li]:relative list-none  [&amp;&gt;li]:pl-[1.2em] [&amp;&gt;li]:marker:text-[0] [&amp;&gt;li]:relative [&amp;&gt;li]:before:absolute [&amp;&gt;li]:before:w-3 [&amp;&gt;li]:before:h-3 [&amp;&gt;li]:before:bg-brand [&amp;&gt;li]:before:left-0 [&amp;&gt;li]:before:top-[8px] [&amp;&gt;li]:before:rounded-full  my-5\">\n<li class=\" mb-3 text-xs md:text-m lg:text-l\">Neujahr: 01.01.2024 (Montag)<\/li>\n<li class=\" mb-3 text-xs md:text-m lg:text-l\">Internationaler Frauentag: 08.03.2024 (Freitag)<\/li>\n<li class=\" mb-3 text-xs md:text-m lg:text-l\">Karfreitag: 29.03.2024 (Freitag)<\/li>\n<li class=\" mb-3 text-xs md:text-m lg:text-l\">Ostern &#8211; Ostermontag: 01.04.2024 (Montag)<\/li>\n<li class=\" mb-3 text-xs md:text-m lg:text-l\">1. Mai &#8211; Tag der Arbeit: 01.05.2024 (Mittwoch)<\/li>\n<li class=\" mb-3 text-xs md:text-m lg:text-l\">Christi Himmelfahrt: 09.05.2024 (Donnerstag)<\/li>\n<li class=\" mb-3 text-xs md:text-m lg:text-l\">Pfingsten &#8211; Pfingstmontag: 20.05.2024 (Montag)<\/li>\n<li class=\" mb-3 text-xs md:text-m lg:text-l\">Tag der Deutschen Einheit: 03.10.2024 (Donnerstag)<\/li>\n<li class=\" mb-3 text-xs md:text-m lg:text-l\">1. Weihnachtsfeiertag: 25.12.2024 (Mittwoch)<\/li>\n<li class=\" mb-3 text-xs md:text-m lg:text-l\">2. Weihnachtsfeiertag: 26.12.2024 (Donnerstag)<\/li>\n<\/ul>\n<p class=\"mb-6 text-xs md:text-m lg:text-l font-serif group-[.font-sans]:font-sans \">\n    2023\n  <\/p>\n<ul rel=\"\" class=\"[&amp;&gt;li]:relative list-none  [&amp;&gt;li]:pl-[1.2em] [&amp;&gt;li]:marker:text-[0] [&amp;&gt;li]:relative [&amp;&gt;li]:before:absolute [&amp;&gt;li]:before:w-3 [&amp;&gt;li]:before:h-3 [&amp;&gt;li]:before:bg-brand [&amp;&gt;li]:before:left-0 [&amp;&gt;li]:before:top-[8px] [&amp;&gt;li]:before:rounded-full  my-5\">\n<li class=\" mb-3 text-xs md:text-m lg:text-l\">Neujahr: 01.01.2023 (Sonntag)<\/li>\n<li class=\" mb-3 text-xs md:text-m lg:text-l\">Internationaler Frauentag: 08.03.2023 (Mittwoch)<\/li>\n<li class=\" mb-3 text-xs md:text-m lg:text-l\">Karfreitag: 07.04.2023 (Freitag)<\/li>\n<li class=\" mb-3 text-xs md:text-m lg:text-l\">Ostern &#8211; Ostermontag: 10.04.2023 (Montag)<\/li>\n<li class=\" mb-3 text-xs md:text-m lg:text-l\">1. Mai &#8211; Tag der Arbeit: 01.05.2023 (Montag)<\/li>\n<li class=\" mb-3 text-xs md:text-m lg:text-l\">Christi Himmelfahrt: 18.05.2023 (Donnerstag)<\/li>\n<li class=\" mb-3 text-xs md:text-m lg:text-l\">Pfingsten &#8211; Pfingstmontag: 29.05.2023 (Montag)<\/li>\n<li class=\" mb-3 text-xs md:text-m lg:text-l\">Tag der Deutschen Einheit: 03.10.2023 (Dienstag)<\/li>\n<li class=\" mb-3 text-xs md:text-m lg:text-l\">1. Weihnachtsfeiertag: 25.12.2023 (Montag)<\/li>\n<li class=\" mb-3 text-xs md:text-m lg:text-l\">2. Weihnachtsfeiertag: 26.12.2023 (Dienstag)<\/li>\n<\/ul>\n<p class=\"mb-6 text-xs md:text-m lg:text-l font-serif group-[.font-sans]:font-sans \">\n    2022\n  <\/p>\n<ul rel=\"\" class=\"[&amp;&gt;li]:relative list-none  [&amp;&gt;li]:pl-[1.2em] [&amp;&gt;li]:marker:text-[0] [&amp;&gt;li]:relative [&amp;&gt;li]:before:absolute [&amp;&gt;li]:before:w-3 [&amp;&gt;li]:before:h-3 [&amp;&gt;li]:before:bg-brand [&amp;&gt;li]:before:left-0 [&amp;&gt;li]:before:top-[8px] [&amp;&gt;li]:before:rounded-full  my-5\">\n<li class=\" mb-3 text-xs md:text-m lg:text-l\">Neujahr: 01.01.2022 (Samstag)<\/li>\n<li class=\" mb-3 text-xs md:text-m lg:text-l\">Internationaler Frauentag: 08.03.2022 (Dienstag)<\/li>\n<li class=\" mb-3 text-xs md:text-m lg:text-l\">Karfreitag: 15.04.2022 (Freitag)<\/li>\n<li class=\" mb-3 text-xs md:text-m lg:text-l\">Ostern &#8211; Ostermontag: 18.04.2022 (Montag)<\/li>\n<li class=\" mb-3 text-xs md:text-m lg:text-l\">1. Mai &#8211; Tag der Arbeit: 01.05.2022 (Sonntag)<\/li>\n<li class=\" mb-3 text-xs md:text-m lg:text-l\">Christi Himmelfahrt: 26.05.2022 (Donnerstag)<\/li>\n<li class=\" mb-3 text-xs md:text-m lg:text-l\">Pfingsten &#8211; Pfingstmontag: 06.06.2022 (Montag)<\/li>\n<li class=\" mb-3 text-xs md:text-m lg:text-l\">Tag der Deutschen Einheit: 03.10.2022 (Montag)<\/li>\n<li class=\" mb-3 text-xs md:text-m lg:text-l\">1. Weihnachtsfeiertag: 25.12.2022 (Sonntag)<\/li>\n<li class=\" mb-3 text-xs md:text-m lg:text-l\">2. Weihnachtsfeiertag: 26.12.2022 (Montag)<\/li>\n<\/ul>\n<ul data-module-id=\"DragDropModule\" class=\"flex flex-wrap justify-start group-[.no-bookmarks]:hidden\">\n<li class=\"mb-3 mr-3\">\n    Sascha Geldermann<\/p>\n<p>      Icon Haken im Kreis gesetzt<\/p>\n<p>      Icon Plus im Kreis<\/p>\n<\/li>\n<li class=\"mb-3 mr-3\">\n    Feiertag<\/p>\n<p>      Icon Haken im Kreis gesetzt<\/p>\n<p>      Icon Plus im Kreis<\/p>\n<\/li>\n<li class=\"mb-3 mr-3\">\n    Berlin<\/p>\n<p>      Icon Haken im Kreis gesetzt<\/p>\n<p>      Icon Plus im Kreis<\/p>\n<\/li>\n<\/ul>\n","protected":false},"excerpt":{"rendered":"Welche Feiertage hat Berlin 2026 und 2027? Hier geben wir einen \u00dcberblick \u00fcber die Termine in der deutschen&hellip;\n","protected":false},"author":2,"featured_media":75361,"comment_status":"","ping_status":"","sticky":false,"template":"","format":"standard","meta":{"footnotes":"","_share_on_mastodon":"0"},"categories":[1825],"tags":[125899,296,1160,29,2415,51596,30,146015,2662,966,293],"class_list":["post-834304","post","type-post","status-publish","format-standard","has-post-thumbnail","category-berlin","tag-allerheiligen","tag-berlin","tag-daenemark","tag-deutschland","tag-feiertag","tag-fronleichnam","tag-germany","tag-heilige-drei-koenige","tag-internationaler-frauentag","tag-schule","tag-schweiz"],"share_on_mastodon":{"url":"https:\/\/pubeurope.com\/@de\/116152845235690411","error":""},"_links":{"self":[{"href":"https:\/\/www.europesays.com\/de\/wp-json\/wp\/v2\/posts\/834304","targetHints":{"allow":["GET"]}}],"collection":[{"href":"https:\/\/www.europesays.com\/de\/wp-json\/wp\/v2\/posts"}],"about":[{"href":"https:\/\/www.europesays.com\/de\/wp-json\/wp\/v2\/types\/post"}],"author":[{"embeddable":true,"href":"https:\/\/www.europesays.com\/de\/wp-json\/wp\/v2\/users\/2"}],"replies":[{"embeddable":true,"href":"https:\/\/www.europesays.com\/de\/wp-json\/wp\/v2\/comments?post=834304"}],"version-history":[{"count":0,"href":"https:\/\/www.europesays.com\/de\/wp-json\/wp\/v2\/posts\/834304\/revisions"}],"wp:featuredmedia":[{"embeddable":true,"href":"https:\/\/www.europesays.com\/de\/wp-json\/wp\/v2\/media\/75361"}],"wp:attachment":[{"href":"https:\/\/www.europesays.com\/de\/wp-json\/wp\/v2\/media?parent=834304"}],"wp:term":[{"taxonomy":"category","embeddable":true,"href":"https:\/\/www.europesays.com\/de\/wp-json\/wp\/v2\/categories?post=834304"},{"taxonomy":"post_tag","embeddable":true,"href":"https:\/\/www.europesays.com\/de\/wp-json\/wp\/v2\/tags?post=834304"}],"curies":[{"name":"wp","href":"https:\/\/api.w.org\/{rel}","templated":true}]}}