{"id":834494,"date":"2026-03-01T09:42:26","date_gmt":"2026-03-01T09:42:26","guid":{"rendered":"https:\/\/www.europesays.com\/de\/834494\/"},"modified":"2026-03-01T09:42:26","modified_gmt":"2026-03-01T09:42:26","slug":"eminem-eingebuergert-alles-muenster","status":"publish","type":"post","link":"https:\/\/www.europesays.com\/de\/834494\/","title":{"rendered":"Eminem eingeb\u00fcrgert! | ALLES M\u00dcNSTER"},"content":{"rendered":"<p>\t\t<a href=\"https:\/\/www.allesmuenster.de\/cms\/wp-content\/uploads\/Linus-Twents-mit-seinem-Eminem-Graffiti-DSC04132-2.jpg\" rel=\"nofollow noopener\" target=\"_blank\"><img loading=\"lazy\" decoding=\"async\" class=\"wp-image-130331 size-medium\" src=\"data:image\/svg+xml,%3Csvg%20xmlns=\" http:=\"\" alt=\"\" width=\"300\" height=\"200\" data-lazy- data-lazy- data-lazy-src=\"https:\/\/www.europesays.com\/de\/wp-content\/uploads\/2026\/03\/Linus-Twents-mit-seinem-Eminem-Graffiti-DSC04132-2-300x200.jpg\"\/><\/a>Designstudent Linus Twents vor seinem wahrscheinlich bekanntestem Graffiti in M\u00fcnster- Eminem hat er 2024 in der N\u00e4he vom Skaters Palace gemalt. (Foto: Bastian E.)<\/p>\n<p><strong>Die Graffiti-Szene in M\u00fcnster ist f\u00fcr die meisten Laien nur eine bunte Unbekannte. Sp\u00e4testens seit November 2024 jedoch ist zumindest ein prominentes Gesicht, das man nach wie vor am Industrieweg an der Br\u00fccke Ecke Skaters Palace bewundern kann, vielen im Ged\u00e4chtnis geblieben: Marshall Mathers, besser bekannt als Eminem. ALLES M\u00dcNSTER hat mit seinem Sch\u00f6pfer, dem Designstudenten Linus Twents, gesprochen.<\/strong><\/p>\n<p>An dieser Stelle sei gesagt, dass ALLES M\u00dcNSTER sich ganz klar von illegaler Sachbesch\u00e4digung durch Graffiti distanziert und der Graffiti-K\u00fcnstler in unserem Interview seine Kunst auf legalen Fl\u00e4chen verewigt und selbst daf\u00fcr haftet. Eine von der Stadt M\u00fcnster freigegebene Fl\u00e4che ist derzeit die St\u00fctzmauer am Industrieweg, wo wir uns zum Interview treffen.<\/p>\n<p style=\"text-align: left;\"><strong>\u00a0<\/strong><strong style=\"font-size: 1.0625rem;\">ALLES M\u00dcNSTER: Moin Linus, sch\u00f6n dass du dich bereit erkl\u00e4rst, uns einen kleinen Einblick in die Graffiti-Szene in M\u00fcnster zu geben. Es herrschen heute zwar null Grad Au\u00dfentemperatur, aber du bist trotzdem gerade dabei, dein ganz neues Kunstwerk fertigzustellen und wir d\u00fcrfen ein bisschen dabei zusehen. Wenn ich das richtig sehe, malst du gerade Tai Lung den Schneeleoparden aus Kung Fu Panda. Woher stammen die Ideen, wie suchst du dir die Motive aus?<\/strong><\/p>\n<p><strong>Linus:<\/strong> Also, ich glaube viel von dem, was ich so male, sind Dinge aus meinem Leben oder was mich im Alltag irgendwie begleitet. Oft h\u00f6re ich zum Beispiel einen Rapper \u00fcber l\u00e4ngere Zeit und \u00fcberlege dann, wie so eine Hommage durch Graffiti aussehen k\u00f6nnte. Die Gedanken werden dann zunehmend verbindlicher: \u201eWas gef\u00e4llt mir, was k\u00f6nnte cool aussehen?\u201c<\/p>\n<p><strong>Also du machst jetzt nicht so auf \u201eFishing for Compliments\u201c weil du wei\u00dft, Eminem kommt auf jeden Fall super an?<\/strong><\/p>\n<p>Ich muss sagen, als ich meine ersten Sachen auf Social Media geteilt hatte, die so ein bisschen viraler gegangen sind, da habe ich dann schon kurz \u00fcberlegt: Okay, was k\u00f6nntest du jetzt als n\u00e4chstes machen? Aber nicht mit dem Gedanken, was bringt dir Likes, sondern was ist authentisch.<\/p>\n<p><strong>Wie darf man sich die Vorgeschichte rein technisch f\u00fcr eins deiner Kunstwerke vorstellen? Erstellst du eine Skizze am Computer vorab, misst du vor Ort die jeweilige Fl\u00e4che der Wand aus?<\/strong><\/p>\n<p>Wenn ich Comic-Style oder ein bisschen eigenes Zeug mache, dann skizziere ich das entweder auf Papier, oder auf meinem iPad. Auf die Wand selber ziehe ich dann mit der Dose ein Raster, quasi wie ein Schachbrett.<\/p>\n<p>Ich mache davon ein Foto und in Procreate kann man ein Bild was man gemacht hat, \u00fcber ein anderes dr\u00fcber legen und das dann verd\u00fcnnen.\u00a0Das hei\u00dft, ich sehe dann sozusagen, okay, der Umriss von meinem Kopf schneidet zum Beispiel Feld 4 von oben rechts, und so kann ich dann die Proportion genau auf die Wand bringen.<\/p>\n<p>Weil, wenn man realistisch malt, dann sieht man es wirklich sofort, wenn ein Zentimeter \u201eoff ist\u201c, zum Beispiel am Auge oder so, das sieht man.<\/p>\n<p><strong>Was entstehen eigentlich f\u00fcr Materialkosten f\u00fcr so ein Kunstwerk? Du hast endlos viele Spraydosen mitgebracht, die du f\u00fcr dein aktuelles Graffiti ben\u00f6tigst. Gibt es auch Farben mit besonderen Eigenschaften, zum Beispiel \u201eglow in the dark\u201c w\u00fcrde mir jetzt spontan einfallen?<\/strong><\/p>\n<p>Beim Character-Malen braucht man viele Farben, aber man macht die Dosen meistens gar nicht komplett leer. Es gibt ja auch unterschiedliche Spr\u00fchst\u00e4rken, und wie du mit \u201eglow in the dark\u201c ansprichst, auch Farben mit besonderen Eigenschaften. Verschiedene Caps erm\u00f6glichen dir dicke Linie oder d\u00fcnne Linie und es gibt Dosen, da ist mehr Druck drauf als auf anderen. Sprich, mehr Druck erm\u00f6glicht schnelles Spr\u00fchen und gro\u00dfe Linien, weniger Druck erm\u00f6glicht dir mehr Details und kleine Linien. Also wenn ich bisschen gr\u00f6\u00dfer male, liegt der Kostenpunkt bei ca. 150 Euro pro Bild, die Dose etwas unter 5 Euro. Es h\u00e4ngt generell vom Bild und der Dauer ab.<\/p>\n<p><strong>Du sprichst von Bild und von malen. Ist das dann auch so der Terminus, den man benutzt?<\/strong><\/p>\n<p>Ja, ich sage schon Bild. Malen und Spr\u00fchen finde ich beides okay. Man muss sich da, finde ich, jetzt nicht einen besonderen Sprachgebrauch aneignen, nur um auszudr\u00fccken, dass man Teil der Graffiti-Szene ist.<\/p>\n<p><a href=\"https:\/\/www.europesays.com\/de\/wp-content\/uploads\/2026\/03\/Eminem-alias-Marshall-Mathers-DSC04131-2.jpg\"><img loading=\"lazy\" decoding=\"async\" class=\"size-full wp-image-130344\" src=\"data:image\/svg+xml,%3Csvg%20xmlns=\" http:=\"\" alt=\"\" width=\"1200\" height=\"800\" data-lazy- data-lazy- data-lazy-src=\"https:\/\/www.europesays.com\/de\/wp-content\/uploads\/2026\/03\/Eminem-alias-Marshall-Mathers-DSC04131-2.jpg\"\/><\/a>Eminem alias Marshall Mathers (Foto: Bastian E.)<\/p>\n<p><strong>Lass uns mal auf dein bekanntestes Kunstwerk zu sprechen kommen, den M\u00fcnster Marshall Mathers \u2013 Eminem! Seit November 2024 wird dein Kunstwerk hier bewundert, tats\u00e4chlich auch von Kids. Der kleine Junge, der hier gerade w\u00e4hrend unseres Gespr\u00e4chs dazukam, hat dir direkt mal ein gro\u00dfes Lob ausgesprochen. Wie lange hast du f\u00fcr Eminem von Skizze bis zur Fertigstellung gebraucht?<\/strong><\/p>\n<p>Die Skizze hat in dem Fall nicht so lange gedauert, weil es da einfach eine Fotovorlage ist. Gemalt habe ich zwei Tage, ca. 6 bis 8 Stunden. So ein Kunstwerk ist schon sehr zeitintensiv.<\/p>\n<p><strong>Ist das eigentlich vom Copyright okay, wenn man eine Person des \u00f6ffentlichen Lebens einfach so an die Wand bringt?<\/strong><\/p>\n<p>Ich bin mir schon ziemlich sicher, dass es eigentlich geht. Es ist ja auch nicht kommerziell, kein Arbeitsauftrag. Ich glaube es wird jetzt nur einer schimpfen, wenn er durch dich h\u00e4sslich getroffen wird.<\/p>\n<p><strong>Gibt es einen Ehrenkodex in der Graffiti-Szene, was so die Halbwertzeit betrifft von den Kunstwerken? Wann darf man zum Beispiel die Kunst eines anderen \u00fcbermalen? Eminem ist zum Beispiel jetzt fast 1 \u00bd Jahre zu sehen und tats\u00e4chlich hat er bisher nur von einem Unbekannten rote Augen angemalt bekommen, ansonsten ist das Bild unbeschadet.<\/strong><\/p>\n<p>Ja, Eminem hat lange gehalten. Da war keiner dran, au\u00dfer Wind- und Wetter. Was das \u00dcbermalen betrifft: Man sieht sich halt immer die Kunstwerke der anderen unter verschiedenen Gesichtspunkten an. Wie viel Farbe wurde da verwendet? Ist das Bild vielleicht besser als mein geplantes? Wie aufwendig war das Bild, wie aufwendig wird mein Bild sein? Da m\u00fcsste man dann den Vergleich ziehen.<\/p>\n<p>Man muss auch Respekt zollen und sagen k\u00f6nnen, das Kunstwerk ist so geil, das l\u00e4sst du einfach l\u00e4nger stehen.\u00a0Die Ur-Regel ist eigentlich, \u00fcber einen Tag darf ein Throw up dr\u00fcber, \u00fcber ein Throw up darf ein Color Piece dr\u00fcber. Klar ist aber, irgendwann wird dein Kunstwerk \u00fcbermalt, das passiert sowieso. Wichtig ist nur, wenn du ein Kunstwerk \u00fcbermalst, dass du es komplett \u00fcbermalst und nicht einen Bereich einfach stehen l\u00e4sst.<\/p>\n<p><a href=\"https:\/\/www.europesays.com\/de\/wp-content\/uploads\/2026\/03\/Hawerkamp-Urbane-Kunst-DSC07741-2.jpg\"><img loading=\"lazy\" decoding=\"async\" class=\"wp-image-130350 size-full\" src=\"data:image\/svg+xml,%3Csvg%20xmlns=\" http:=\"\" alt=\"\" width=\"1200\" height=\"800\" data-lazy- data-lazy- data-lazy-src=\"https:\/\/www.europesays.com\/de\/wp-content\/uploads\/2026\/03\/Hawerkamp-Urbane-Kunst-DSC07741-2.jpg\"\/><\/a>Urbane Kunst am Hawerkamp. (Foto: Bastian E.)<\/p>\n<p><strong>Wie lange malst du jetzt eigentlich schon Graffiti?<\/strong><\/p>\n<p>Seitdem ich 13 bin. Ich bin jetzt 22, also ich bin schon eine Weile dabei. Anfangs habe ich nur so Buchstaben gemalt, bin dann aber zu Figuren \u00fcbergegangen von Comics bis Manga.<\/p>\n<p><strong>Tauscht man sich eigentlich auf Social Media \u00fcber die Kunst aus? Und wie gut ist M\u00fcnster in der Graffiti-Szene aufgestellt? Gibt es da wom\u00f6glich Hate aus anderen St\u00e4dten, so nach dem Motto \u201eOh je, M\u00fcnster. Wir k\u00f6nnen es besser!\u201c?<\/strong><\/p>\n<p>Ich w\u00fcrde auf jeden Fall sagen, dass M\u00fcnster von der Graffiti-Szene her sehr gut dasteht. Viel Qualit\u00e4t, auch so im Vergleich zu anderen St\u00e4dten. In anderen St\u00e4dten wird vielleicht ein bisschen \u201erotziger\u201c gemalt, voll viel Chromschwarz und so. Hier in M\u00fcnster herrscht aber schon ein hoher Standard und es gibt viele Full-Color-Pieces. Der Austausch \u00fcber Social Media findet definitiv statt.<\/p>\n<p><strong>Wie sieht es mit der Anonymit\u00e4t in der Szene aus? Dich zum Beispiel d\u00fcrfen wir mit Klarnamen nennen, worauf wir uns vorher geeinigt haben.<\/strong><\/p>\n<p>Ich trete mit vollem Namen auf, weil ich ja nichts Illegales mache. Ich studiere zudem Design an der FH M\u00fcnster. Daher zeige ich meine Kunst auch gerne auf Social Media und nutze das als Plattform. Ich hoffe auf jeden Fall, dass ich irgendwann mit Auftr\u00e4gen mein Geld verdienen kann, dass sich sch\u00f6ne Projekte ergeben.<\/p>\n<p><strong>Linus, vielen Dank f\u00fcr das nette Gespr\u00e4ch und weiterhin viel Erfolg.<\/strong><\/p>\n<p><strong>Mehr Infos \u00fcber die Ordnungspartnerschaft Graffiti und die\u00a0Fl\u00e4chen f\u00fcr legale Graffiti in M\u00fcnster k\u00f6nnt ihr unter <a href=\"https:\/\/www.stadt-muenster.de\/ordnungsamt\/allgemeines-ordnungswesen\/graffiti\" target=\"_blank\" rel=\"noopener nofollow\">https:\/\/www.stadt-muenster.de\/ordnungsamt\/allgemeines-ordnungswesen\/graffiti<\/a> finden.<\/strong><\/p>\n<p style=\"text-align: center;\"><strong>*****<\/strong><\/p>\n<p>Hier folgt noch eine kleine Werkschau von Graffitis unterschiedlicher K\u00fcnstler in M\u00fcnster:<\/p>\n<p>                         <a href=\"https:\/\/www.allesmuenster.de\/author\/be\/\" class=\"fn url\" target=\"_blank\" title=\"Bastian E.\" rel=\"nofollow noopener\"> <img loading=\"lazy\" decoding=\"async\" width=\"250\" height=\"250\" alt=\"\" src=\"data:image\/svg+xml,%3Csvg%20xmlns=\" http:=\"\" class=\"avatar avatar-250 photo\" style=\"max-width:250px\" data-lazy-src=\"https:\/\/www.europesays.com\/de\/wp-content\/uploads\/2025\/05\/basti-borkum-2022-img_4132-2.jpg\"\/><\/a> <\/p>\n<p>M\u00fcnsteraner, Cineast und Fotograf mit ausgepr\u00e4gtem Hang zur Musik (80s, Breakbeat, House, Techno). Liebt Kino, K\u00fcnstlerinterviews, Sound von Vinyl.<\/p>\n<p> <a href=\"https:\/\/www.allesmuenster.de\/author\/be\/\" class=\"url\" target=\"_blank\" title=\"Bastian E.\" rel=\"nofollow noopener\"><img loading=\"lazy\" decoding=\"async\" width=\"250\" height=\"250\" alt=\"\" src=\"data:image\/svg+xml,%3Csvg%20xmlns=\" http:=\"\" class=\"avatar avatar-250 photo\" style=\"max-width:250px\" data-lazy-src=\"https:\/\/www.europesays.com\/de\/wp-content\/uploads\/2025\/05\/basti-borkum-2022-img_4132-2.jpg\"\/><\/a>  <\/p>\n","protected":false},"excerpt":{"rendered":"Designstudent Linus Twents vor seinem wahrscheinlich bekanntestem Graffiti in M\u00fcnster- Eminem hat er 2024 in der N\u00e4he vom&hellip;\n","protected":false},"author":2,"featured_media":834495,"comment_status":"","ping_status":"","sticky":false,"template":"","format":"standard","meta":{"footnotes":"","_share_on_mastodon":"0"},"categories":[1843],"tags":[3364,29,30,12530,186406,186407,186408,8970,1209,29612,186409],"class_list":["post-834494","post","type-post","status-publish","format-standard","has-post-thumbnail","category-muenster","tag-de","tag-deutschland","tag-germany","tag-graffiti","tag-graffiti-muenster","tag-hawerkamp","tag-linus-twents","tag-muenster","tag-nordrhein-westfalen","tag-street-art","tag-urbane-kunst"],"share_on_mastodon":{"url":"https:\/\/pubeurope.com\/@de\/116153270123004703","error":""},"_links":{"self":[{"href":"https:\/\/www.europesays.com\/de\/wp-json\/wp\/v2\/posts\/834494","targetHints":{"allow":["GET"]}}],"collection":[{"href":"https:\/\/www.europesays.com\/de\/wp-json\/wp\/v2\/posts"}],"about":[{"href":"https:\/\/www.europesays.com\/de\/wp-json\/wp\/v2\/types\/post"}],"author":[{"embeddable":true,"href":"https:\/\/www.europesays.com\/de\/wp-json\/wp\/v2\/users\/2"}],"replies":[{"embeddable":true,"href":"https:\/\/www.europesays.com\/de\/wp-json\/wp\/v2\/comments?post=834494"}],"version-history":[{"count":0,"href":"https:\/\/www.europesays.com\/de\/wp-json\/wp\/v2\/posts\/834494\/revisions"}],"wp:featuredmedia":[{"embeddable":true,"href":"https:\/\/www.europesays.com\/de\/wp-json\/wp\/v2\/media\/834495"}],"wp:attachment":[{"href":"https:\/\/www.europesays.com\/de\/wp-json\/wp\/v2\/media?parent=834494"}],"wp:term":[{"taxonomy":"category","embeddable":true,"href":"https:\/\/www.europesays.com\/de\/wp-json\/wp\/v2\/categories?post=834494"},{"taxonomy":"post_tag","embeddable":true,"href":"https:\/\/www.europesays.com\/de\/wp-json\/wp\/v2\/tags?post=834494"}],"curies":[{"name":"wp","href":"https:\/\/api.w.org\/{rel}","templated":true}]}}