{"id":834542,"date":"2026-03-01T10:11:24","date_gmt":"2026-03-01T10:11:24","guid":{"rendered":"https:\/\/www.europesays.com\/de\/834542\/"},"modified":"2026-03-01T10:11:24","modified_gmt":"2026-03-01T10:11:24","slug":"drei-interaktive-kinderbuchlesungen-gewinnen-neustadt-gefluester","status":"publish","type":"post","link":"https:\/\/www.europesays.com\/de\/834542\/","title":{"rendered":"Drei interaktive Kinderbuchlesungen gewinnen &#8211; Neustadt-Gefl\u00fcster"},"content":{"rendered":"<p>Enna Miau ist Kinderbuchautorin und Musikerin aus der Dresdner Neustadt1. F\u00fcnf \u201eBienenabenteuer\u201c-B\u00fccher hat sie seit 2019 herausgebracht und ist mit ihrem interaktiven Leseprogramm in Kitas, Grundschulen und Bibliotheken in ganz Sachsen unterwegs.\n<\/p>\n<p>Die Stiftung der Osts\u00e4chsischen Sparkasse Dresden und das Stadtteilhaus Dresden \u2013 \u00c4u\u00dfere Neustadt e.V. sind begeistert von der musikalischen Vorlesek\u00fcnstlerin und schicken Enna Miau bis Juni 2026 auf eine kleine gef\u00f6rderte Tour in Dresden.<br \/>\n<img fetchpriority=\"high\" decoding=\"async\" class=\"wp-image-235797 size-full\" style=\"font-size: 1.0625rem\" src=\"https:\/\/www.europesays.com\/de\/wp-content\/uploads\/2026\/03\/2026-02-25-Enna-Miau-in-01099-auf-Tour-Foto-Ludwig-Schmutzler.jpg\" alt=\"Kinderbuchautorin &amp; Musikerin Enna Miau auf Tour in 01099 mit ihren &quot;Bienenabenteuern&quot;\" width=\"1920\" height=\"1080\"  \/>Kinderbuchautorin &amp; Musikerin Enna Miau auf Tour in 01099 mit ihren \u201eBienenabenteuern\u201c\n<\/p>\n<p>Was zeichnet die Lesungen aus?<\/p>\n<p> \u201eGemeinsam mit Millie lernt ihr Besonderheiten der heimischen Natur, Tiere und Pflanzen kennen. Die farbenfrohen Illustrationen begeistern Kinder ebenso wie Erwachsene und sind erfrischend detailverliebt\u201c, beschreibt Enna die Lesungen.\n<\/p>\n<p>Mit Beamer, Ukulele und Biene Millie liest Enna eine zur Jahreszeit passende Abenteuergeschichte der kleinen Biene vor und bespricht mit den Kindern interaktiv, was auf den Bildern passiert.<\/p>\n<p>Die Lesungen dauern 45 Minuten, sind f\u00fcr eine Gruppenst\u00e4rke von circa 40 Kindern im Alter von drei bis acht Jahren geeignet.\n<\/p>\n<p>Verlosung &amp; Teilnahmebedingungen<\/p>\n<p>Das Neustadt-Gefl\u00fcster verlost drei Lesungen. Der Rechtsweg ist ausgeschlossen. Mitmachen k\u00f6nnen alle, die ein Kind\/Enkel\/Nichte\/Neffe in einer Kindereinrichtung in 01099 haben oder in einer solchen Einrichtung arbeiten. Bei Interesse bitte eine eindeutige Erg\u00e4nzung schreiben. Die Verlosung endet am 15. M\u00e4rz 2026 kurz vor Mitternacht.\n<\/p>\n<p>Informationen zur Autorin, ihren B\u00fcchern und Leseprogramm:<\/p>\n<p><img loading=\"lazy\" decoding=\"async\" class=\"wp-image-235798 size-full\" src=\"https:\/\/www.europesays.com\/de\/wp-content\/uploads\/2026\/03\/2026-02-25-Enna-Miau-Interaktive-Lesung-Bienenabenteuer_-Foto-Ludwig-Schmutzler.jpg\" alt=\"Interaktive Lesungen mit Bilderbuchkino - im Bild eine Seite aus &quot;Die kleine Winterbiene&quot;\" width=\"1920\" height=\"1080\"  \/>Interaktive Lesungen mit Bilderbuchkino \u2013 im Bild eine Seite aus \u201eDie kleine Winterbiene\u201c<\/p>\n<p>1 Seit diesem Jahr schreibt <a href=\"https:\/\/www.neustadt-ticker.de\/author\/enna-miau\" rel=\"nofollow noopener\" target=\"_blank\">Enna Miau<\/a> auch f\u00fcr das Neustadt-Gefl\u00fcster.\n<\/p>\n<p>Anzeige<a href=\"https:\/\/www.humorzone.de\/programm\/2026\" class=\"gofollow\" data-track=\"MTg2LDMsNjA=\" target=\"_blank\" rel=\"noopener nofollow\"><img loading=\"lazy\" decoding=\"async\" src=\"https:\/\/www.europesays.com\/de\/wp-content\/uploads\/2026\/01\/2025-11-05-Humorzone-Agentour.jpeg\" alt=\"Humorzone\" width=\"300\" height=\"250\"\/><\/a><br \/>Anzeige<a href=\"https:\/\/gerhard-richter-archiv.skd.museum\/ausstellungen\/20-jahre-gerhard-richter-archiv-werke-materialien-kuriosa\/\" class=\"gofollow\" data-track=\"MjAsMyw2MA==\" target=\"_blank\" rel=\"noopener nofollow\"><img loading=\"lazy\" decoding=\"async\" src=\"https:\/\/www.europesays.com\/de\/wp-content\/uploads\/2026\/02\/2026-02-13-Anzeige-20-Jahre-GRA.jpg\" alt=\"Mythos Handwerk\" width=\"300\" height=\"250\"\/><\/a><br \/>Anzeige<a href=\"https:\/\/www.neustadt-ticker.de\/kieferorthopaedie-dresden-dr-manuela-beltz\" class=\"gofollow\" data-track=\"MjQsMyw2MA==\" target=\"_blank\" rel=\"noopener nofollow\"><img loading=\"lazy\" decoding=\"async\" src=\"https:\/\/www.europesays.com\/de\/wp-content\/uploads\/2025\/12\/2025-11-18-Manuela-Beltz-56-Anzeige.jpg\" alt=\"Kieferorthop\u00e4die Dr. Manuela Beltz\" width=\"300\" height=\"250\"\/><\/a><br \/>Anzeige<a href=\"https:\/\/www.aust-konzerte.com\/konzerte\/4093\/Mo-Torres\" class=\"gofollow\" data-track=\"MTkzLDMsNjA=\" target=\"_blank\" rel=\"noopener nofollow\"><img loading=\"lazy\" decoding=\"async\" src=\"https:\/\/www.europesays.com\/de\/wp-content\/uploads\/2026\/02\/2026-01-05-Anzeige-Aust-Mo-Torres.png\" alt=\"Mo Torres am 8. M\u00e4rz in Dresden, Blauer Salon\" width=\"300\" height=\"250\"\/><\/a><\/p>\n","protected":false},"excerpt":{"rendered":"Enna Miau ist Kinderbuchautorin und Musikerin aus der Dresdner Neustadt1. F\u00fcnf \u201eBienenabenteuer\u201c-B\u00fccher hat sie seit 2019 herausgebracht und&hellip;\n","protected":false},"author":2,"featured_media":834543,"comment_status":"","ping_status":"","sticky":false,"template":"","format":"standard","meta":{"footnotes":"","_share_on_mastodon":"0"},"categories":[1835],"tags":[3364,29,2386,186414,30,11706,101,186415,859],"class_list":["post-834542","post","type-post","status-publish","format-standard","has-post-thumbnail","category-dresden","tag-de","tag-deutschland","tag-dresden","tag-enna","tag-germany","tag-kinderbuch","tag-lesung","tag-miau","tag-sachsen"],"share_on_mastodon":{"url":"https:\/\/pubeurope.com\/@de\/116153384426444920","error":""},"_links":{"self":[{"href":"https:\/\/www.europesays.com\/de\/wp-json\/wp\/v2\/posts\/834542","targetHints":{"allow":["GET"]}}],"collection":[{"href":"https:\/\/www.europesays.com\/de\/wp-json\/wp\/v2\/posts"}],"about":[{"href":"https:\/\/www.europesays.com\/de\/wp-json\/wp\/v2\/types\/post"}],"author":[{"embeddable":true,"href":"https:\/\/www.europesays.com\/de\/wp-json\/wp\/v2\/users\/2"}],"replies":[{"embeddable":true,"href":"https:\/\/www.europesays.com\/de\/wp-json\/wp\/v2\/comments?post=834542"}],"version-history":[{"count":0,"href":"https:\/\/www.europesays.com\/de\/wp-json\/wp\/v2\/posts\/834542\/revisions"}],"wp:featuredmedia":[{"embeddable":true,"href":"https:\/\/www.europesays.com\/de\/wp-json\/wp\/v2\/media\/834543"}],"wp:attachment":[{"href":"https:\/\/www.europesays.com\/de\/wp-json\/wp\/v2\/media?parent=834542"}],"wp:term":[{"taxonomy":"category","embeddable":true,"href":"https:\/\/www.europesays.com\/de\/wp-json\/wp\/v2\/categories?post=834542"},{"taxonomy":"post_tag","embeddable":true,"href":"https:\/\/www.europesays.com\/de\/wp-json\/wp\/v2\/tags?post=834542"}],"curies":[{"name":"wp","href":"https:\/\/api.w.org\/{rel}","templated":true}]}}