{"id":834556,"date":"2026-03-01T10:19:21","date_gmt":"2026-03-01T10:19:21","guid":{"rendered":"https:\/\/www.europesays.com\/de\/834556\/"},"modified":"2026-03-01T10:19:21","modified_gmt":"2026-03-01T10:19:21","slug":"wie-die-schulnot-im-leipziger-westen-mit-der-finanznot-der-stadt-zusammehaengt-%c2%b7-leipziger-zeitung","status":"publish","type":"post","link":"https:\/\/www.europesays.com\/de\/834556\/","title":{"rendered":"Wie die Schulnot im Leipziger Westen mit der Finanznot der Stadt zusammeh\u00e4ngt \u00b7 Leipziger Zeitung"},"content":{"rendered":"<p>\u201eWir sind noch nicht laut genug\u201c, sagte Linke-Stadtr\u00e4tin Cornelia Falken am 25. Februar in der Ratsversammlung, als ein Antrag aus dem Stadtbezirksbeirat West mit dem eher blassen Titel \u201eSchulstandorte und Sporthallenkapazit\u00e4ten im Stadtbezirk West nachhaltig sichern\u201c zum Aufruf kam. Doch was Sebastian Petrick f\u00fcr den Stadtbezirksbeirat dann alles aufz\u00e4hlte, war im Grunde die Bilanz einer schleichenden Katastrophe. Es geht um Schulen, die dringend saniert werden m\u00fcssen, \u00fcbervolle Klassen und Sporthallen, die fehlen. Und am Ende um Geld. Nat\u00fcrlich um Geld.<\/p>\n<p>Geld, das die Stadt Leipzig schon in den vergangenen Jahren nicht hatte, weil Sachsens Regierung bei der F\u00f6rderung von Schulbauma\u00dfnahmen bereits vor dem <a href=\"https:\/\/www.l-iz.de\/tag\/doppelhaushalt-2025-2026\" target=\"_blank\" rel=\"noopener nofollow\">Sparhaushalt 2025\/2026<\/a> angefangen hatte, zu sparen und die F\u00f6rderung f\u00fcr Schulen und Sporthallen zu kappen. W\u00e4hrend gleichzeitig die Schulbaukosten geradezu explodierten und Leipzig seit zehn Jahren in einem Wettrennen mit steigenden Sch\u00fclerzahlen war.<img decoding=\"async\" src=\"https:\/\/www.europesays.com\/de\/wp-content\/uploads\/2026\/03\/0afe572e2ab347b4ace1a7d602992f85.gif\" width=\"https:\/\/www.l-iz.de\/politik\/leipzig\/2026\/03\/1\" height=\"https:\/\/www.l-iz.de\/politik\/leipzig\/2026\/03\/1\" alt=\"\"\/><\/p>\n<p>Daf\u00fcr, dass gen\u00fcgend Pl\u00e4tze f\u00fcr Sch\u00fcler und Sch\u00fclerinnen zur Verf\u00fcgung stehen, ist die Stadt verantwortlich. Es ist eine Pflichtaufgabe. Genauso wie das Bereitstellen von Sporthallen f\u00fcr den Schulsport. Doch daf\u00fcr gab es vom Freistaat erst recht kein Geld. Darunter litt und leidet der Stadtbezirk West besonders.<\/p>\n<p>Insgesamt fehlen 5.700 Quadratmeter Sporthallenfl\u00e4chen. Die \u00fcberalterten Sporthallen fallen oft \u00fcber Monate aus, weil Baum\u00e4ngel festgestellt werden. Die Stadt kommt mit Flicken und Reparieren nicht hinterher.<\/p>\n<p>Logisch, dass sich<a href=\"http:\/\/ratsinformation.leipzig.de\/allris_leipzig_public\/vo020?VOLFDNR=2026026&amp;refresh=false&amp;TOLFDNR=2189112\" target=\"_blank\" rel=\"noopener nofollow\"> der Stadtbezirksbeirat West mit seinem Antrag<\/a> jetzt w\u00fcnschte, dass das Drama endlich abgestellt wird. Und er bezog sich dabei auf den Schulentwicklungsplan von 2024, der f\u00fcr den Westen deutlich mehr Sch\u00fcler prognostizierte, als in der Schulbaustrategie ber\u00fccksichtigt sind. Es m\u00fcsste dringend gebaut und saniert werden.<\/p>\n<p>Schulen und Sporthallen im Stau<\/p>\n<p>Doch dann verschob sich auch noch <a href=\"http:\/\/www.l-iz.de\/politik\/brennpunkt\/2025\/12\/stadtrat-tagte-neue-grundschule-karlsruher-strasse-wird-gebaut-video-640582\" target=\"_blank\" rel=\"noopener nofollow\">das wichtige Bauprojekt Karlsruher Stra\u00dfe<\/a>, das nun erst 2029 zur Verf\u00fcgung stehen wird. Erst dann k\u00f6nnten die dringend ben\u00f6tigten Sanierungen in den anderen Gr\u00fcnauer Schulen beginnen. Mal abgesehen davon, dass der Freistaat Leipzig auch in der Karlsruher Stra\u00dfe auf dem L\u00f6wenanteil der 50 Millionen Euro Baukosten sitzen l\u00e4sst. Und dass schon seit 2024 eine \u00dcberbelegung der Gr\u00fcnauer Schulen vermeldet wurde.<\/p>\n<p><a href=\"https:\/\/www.europesays.com\/de\/wp-content\/uploads\/2026\/03\/Stadtrat-Sebastian_Petrick-CDU-SBB_West-00000522.jpg\"><img loading=\"lazy\" decoding=\"async\" class=\"wp-image-649085 size-full\" src=\"https:\/\/www.europesays.com\/de\/wp-content\/uploads\/2026\/03\/Stadtrat-Sebastian_Petrick-CDU-SBB_West-00000522.jpg\" alt=\"Sebastian Petrick (SBB West\/ CDU) im Leipziger Stadtrat am 25.02.2026. Foto: Jan Kaefer\" width=\"5472\" height=\"3648\"  \/><\/a>Sebastian Petrick (SBB West\/CDU) im Leipziger Stadtrat am 25.02.2026. Foto: Jan Kaefer<\/p>\n<p>So entsteht ein regelrechter Stau, teilweise noch durch Bauverz\u00f6gerungen an laufenden Schulprojekten befeuert. Nur ist das Problem nicht \u00fcber den Schulentwicklungsplan zu beheben, wie der Stadtbezirksbeirat West in seinem Antrag formulierte. In dem geht es tats\u00e4chlich nur um die Bedarfe, nicht um die Baustrategie der Stadt. Die auch immer wieder angepasst wird, wie auch <a href=\"https:\/\/ratsinformation.leipzig.de\/allris_leipzig_public\/vo020?VOLFDNR=2026741&amp;refresh=false\" target=\"_blank\" rel=\"noopener nofollow\">das Amt f\u00fcr Schule in seiner Stellungnahme<\/a> erkl\u00e4rte.<\/p>\n<p>Worin auch betont wird, wie wichtig der Neubau in der Karlsruher Stra\u00dfe ist: \u201eMit dem Neubau der Schule Karlsruher Stra\u00dfe steht in Gr\u00fcnau das bisherige Schulgeb\u00e4ude der Friedrich-Fr\u00f6bel-Schule als Auslagerungsstandort zur Verf\u00fcgung. Mit dem Schulneubau entsteht perspektivisch eine zus\u00e4tzliche Sporthalle mit zwei Sportfeldern. Dies erm\u00f6glicht eine strukturierte Abfolge von Sanierungen im Einzugsbereich. Die Sanierungskette wird bei der Aktualisierung der Schulbaustrategie priorit\u00e4r ber\u00fccksichtigt.\u201c<\/p>\n<p>Das klingt nach geregelten Abl\u00e4ufen. Aber die Wahrheit ist: Es erz\u00e4hlt von einem enormen Stau, der sich \u00fcber Jahre gerade im Westen der Stadt aufgebaut hat. Die Stadt h\u00e4tte viel fr\u00fcher mit Sanierungen beginnen m\u00fcssen, meinte am 25. Februar Cornelia Falken.<\/p>\n<p><a href=\"https:\/\/www.europesays.com\/de\/wp-content\/uploads\/2026\/03\/Stadtrat-Ute_Koehler-Siegel-SPD-00000445.jpg\"><img loading=\"lazy\" decoding=\"async\" class=\"wp-image-649074 size-full\" src=\"https:\/\/www.europesays.com\/de\/wp-content\/uploads\/2026\/03\/Stadtrat-Ute_Koehler-Siegel-SPD-00000445.jpg\" alt=\"Ute K\u00f6hler-Siegel (SPD) im Leipziger Stadtrat am 25.02.2026. Foto: Jan Kaefer\" width=\"5472\" height=\"3648\"  \/><\/a>Ute K\u00f6hler-Siegel (SPD) im Leipziger Stadtrat am 25.02.2026. Foto: Jan Kaefer<\/p>\n<p>Doch auch hier geht es um Geld. Und der Druck, neue Schulkapazit\u00e4ten zu schaffen, bestimmte zehn Jahre lang die Schulbaustrategie. Geld f\u00fcr Sanierungen war genauso wenig vorhanden wie Kapazit\u00e4ten f\u00fcr Ausweichschulen. Und da ist man wieder bei der Unterfinanzierung der Stadt, die sich schon vor Jahren andeutete, inzwischen aber katastrophale Ausma\u00dfe angenommen hat. Und deswegen sagte Falken: \u201eWir sind noch nicht laut genug.\u201c<\/p>\n<p>Denn es ist der Freistaat, der die Kommunen beim Schulbau kurz gehalten hat. Und nicht nur beim Schulbau: Er l\u00e4sst St\u00e4dte wie Leipzig mit den ausufernden Sozialkosten regelrecht allein, spart sich eine Schwarze Null zurecht, w\u00e4hrend gleichzeitig jedes Jahr 1 Milliarde Euro in den Generationenfonds abflie\u00dfen.<\/p>\n<p>So hungert man ein ganzes Land aus, l\u00e4sst Kommunen in Schulden ersaufen und sorgt so ganz beil\u00e4ufig eben auch daf\u00fcr, dass Leipzig beim Bauen von Schulen und Sporthallen nur im Kleckertempo vorankommt, weil das Geld im \u00fcberschuldeten Haushalt nicht vorhanden ist.<\/p>\n<p>Damit besch\u00e4ftige man sich im Fachausschuss Jugend, Schule und Demokratie ausgiebig, erkl\u00e4rte SPD-Stadtr\u00e4tin Ute K\u00f6hler-Siegel. Man habe die zunehmenden Probleme im Stadtbezirk West im Blick und suche dort nach L\u00f6sungen. Aber die gibt es eben nur \u00fcber die knappen Spielr\u00e4ume in der Schulbaustrategie. Der Schulentwicklungsplan hilft da nicht weiter. Sie stellte deshalb den Standpunkt der Verwaltung zur Abstimmung, der dann von der Ratsmehrheit auch mit 46:15 Stimmen bei 4 Enthaltungen positiv votiert wurde.<\/p>\n<p>Das Problem ist nicht gel\u00f6st. Und es wird nicht das einzige bleiben, das die Stadt immer weiter \u00fcberfordert, weil die Stadt mit Pflichtaufgaben von Bund und Land regelrecht im Stich gelassen wird.<\/p>\n","protected":false},"excerpt":{"rendered":"\u201eWir sind noch nicht laut genug\u201c, sagte Linke-Stadtr\u00e4tin Cornelia Falken am 25. Februar in der Ratsversammlung, als ein&hellip;\n","protected":false},"author":2,"featured_media":834557,"comment_status":"","ping_status":"","sticky":false,"template":"","format":"standard","meta":{"footnotes":"","_share_on_mastodon":"0"},"categories":[1832],"tags":[15561,3364,29,30,16112,71,859,42262,1108],"class_list":["post-834556","post","type-post","status-publish","format-standard","has-post-thumbnail","category-leipzig","tag-schulneubau","tag-de","tag-deutschland","tag-germany","tag-gruenau","tag-leipzig","tag-sachsen","tag-schulentwicklungsplan","tag-stadtrat"],"share_on_mastodon":{"url":"https:\/\/pubeurope.com\/@de\/116153415963354121","error":""},"_links":{"self":[{"href":"https:\/\/www.europesays.com\/de\/wp-json\/wp\/v2\/posts\/834556","targetHints":{"allow":["GET"]}}],"collection":[{"href":"https:\/\/www.europesays.com\/de\/wp-json\/wp\/v2\/posts"}],"about":[{"href":"https:\/\/www.europesays.com\/de\/wp-json\/wp\/v2\/types\/post"}],"author":[{"embeddable":true,"href":"https:\/\/www.europesays.com\/de\/wp-json\/wp\/v2\/users\/2"}],"replies":[{"embeddable":true,"href":"https:\/\/www.europesays.com\/de\/wp-json\/wp\/v2\/comments?post=834556"}],"version-history":[{"count":0,"href":"https:\/\/www.europesays.com\/de\/wp-json\/wp\/v2\/posts\/834556\/revisions"}],"wp:featuredmedia":[{"embeddable":true,"href":"https:\/\/www.europesays.com\/de\/wp-json\/wp\/v2\/media\/834557"}],"wp:attachment":[{"href":"https:\/\/www.europesays.com\/de\/wp-json\/wp\/v2\/media?parent=834556"}],"wp:term":[{"taxonomy":"category","embeddable":true,"href":"https:\/\/www.europesays.com\/de\/wp-json\/wp\/v2\/categories?post=834556"},{"taxonomy":"post_tag","embeddable":true,"href":"https:\/\/www.europesays.com\/de\/wp-json\/wp\/v2\/tags?post=834556"}],"curies":[{"name":"wp","href":"https:\/\/api.w.org\/{rel}","templated":true}]}}