{"id":834733,"date":"2026-03-01T12:02:19","date_gmt":"2026-03-01T12:02:19","guid":{"rendered":"https:\/\/www.europesays.com\/de\/834733\/"},"modified":"2026-03-01T12:02:19","modified_gmt":"2026-03-01T12:02:19","slug":"5000-menschen-wollen-sonntag-erneut-fuer-freiheit-im-iran-auf-die-strasse-gehen","status":"publish","type":"post","link":"https:\/\/www.europesays.com\/de\/834733\/","title":{"rendered":"5000 Menschen wollen Sonntag erneut f\u00fcr \u201eFreiheit im Iran\u201c auf die Stra\u00dfe gehen"},"content":{"rendered":"<p class=\"tspCCnp tspCCnq\">Nach dem israelisch-amerikanischen Angriff auf den Iran am Samstag wollen auch am Sonntag Tausende Menschen in Berlin auf die Stra\u00dfe gehen. Die Polizei rechnet mit 5000 Teilnehmern bei einer entsprechenden Demonstration, die um 15 Uhr am Pariser Platz beginnen soll.<\/p>\n<p class=\"tspCCnp\"><a href=\"https:\/\/www.tagesspiegel.de\/berlin\/demonstration-in-berlin-nach-angriffen-im-iran-wir-danken-trump-wir-danken-bibi-netanjahu-15303916.html?icid=in-text-link_15304846\" class=\"link link--internal\" data-gtm-class=\"article-text-link\" data-gtm-val=\"internal\" rel=\"nofollow noopener\" target=\"_blank\">Bereits am Samstag demonstrierten Hunderte Menschen f\u00fcr die \u201eFreiheit im Iran\u201c<\/a>. Bei dem Demozug, der vom Potsdamer Platz zum Brandenburger Tor verlief, waren allerdings weitaus weniger Menschen gekommen als die 3000 angemeldeten Personen. Die Polizei sch\u00e4tzte die Teilnehmerzahl gegen Ende der Demo am Brandenburger Tor auf 1600 Menschen. Der Protest am Sonntag wurde unter demselben Namen angemeldet.<\/p>\n<p>Tagesspiegel Checkpoint: Berlins beliebtester Newsletter<\/p>\n<p><img decoding=\"async\" src=\"https:\/\/www.europesays.com\/de\/wp-content\/uploads\/2025\/04\/cp-icon.png\" alt=\"\" class=\"tspC2ho\"\/><\/p>\n<p class=\"tspC2p7\"> Der schnellste Berlin-\u00dcberblick von Montag bis Samstag. <\/p>\n<p class=\"tspCCnp\">Die Teilnehmenden der Demonstration am Samstag <a href=\"https:\/\/www.tagesspiegel.de\/berlin\/demonstration-in-berlin-nach-angriffen-im-iran-wir-danken-trump-wir-danken-bibi-netanjahu-15303916.html?icid=in-text-link_15304846\" class=\"link link--internal\" data-gtm-class=\"article-text-link\" data-gtm-val=\"internal\" rel=\"nofollow noopener\" target=\"_blank\">begr\u00fc\u00dften den Milit\u00e4rschlag<\/a> auf das iranische Regime. Eine Frau sprach dem Tagesspiegel gegen\u00fcber etwa von einer \u201eletzten Hoffnung\u201c, dass \u201edie Amerikaner unser Land jetzt befreien\u201c. Andere \u00e4u\u00dferten sich \u00e4hnlich. Trotz der Freudenstimmung unter allen Teilnehmenden, gab es aber auch Demonstrierende, die nicht mit dem Tagesspiegel sprechen wollten. Zu gro\u00df war die Angst vor Repressalien im Iran.<\/p>\n<p class=\"tspCCnp\">Am Samstagabend wurde bekannt, dass Irans oberster F\u00fchrer Ajatollah Ali\u00a0Chamenei tot ist. In der Nacht gab es nach Angaben von RBB Inforadio in Berlin spontane Zusammenk\u00fcnfte. Menschen jubelten unter anderem vor der iranischen Botschaft und dem Breitscheidplatz. Die Versammlungen verliefen friedlich.<\/p>\n<p>Fl\u00fcge in den Nahen Osten gestrichen<\/p>\n<p class=\"tspCCnp\">Alle Abfl\u00fcge und alle Ank\u00fcnfte aus dem Nahen Osten am <strong>Flughafen Berlin-Brandenburg (BER)<\/strong> sind am Sonntag gestrichen worden. Der Luftraum ist geschlossen.<\/p>\n<p class=\"tspCCnp\">Es handelt sich um zwei Ank\u00fcnfte und zwei Abfl\u00fcge aus Doha, jeweils drei Abfl\u00fcge und Ank\u00fcnfte aus Tel Aviv und zwei Ank\u00fcnfte und drei Abfl\u00fcge nach Dubai. Nach Einsch\u00e4tzung eines Flughafensprechers ist es wahrscheinlich, dass weitere Fl\u00fcge gestrichen werden, sollte der <strong>Luftraum geschlossen<\/strong> bleiben. <\/p>\n<p class=\"tspCCnp\">Inzwischen betrifft das auch das Ziel Dschidda. Die Fluggesellschaften h\u00e4tten alle Verbindungen <strong>bis mindestens Montagvormittag<\/strong> abgesagt, so der BER-Sprecher. Betroffene Passagiere sollten sich \u00fcber die Webseiten ihrer Fluglinien informieren. (mit dpa)<\/p>\n<p class=\"tspCCnp\">Israel hat am Samstag nach eigenen Angaben einen <a href=\"https:\/\/www.tagesspiegel.de\/internationales\/militarschlage-von-israel-und-den-usa-was-wir-uber-den-grossangriff-auf-den-iran-wissen--und-was-nicht-15303156.html?icid=in-text-link_15304846\" class=\"link link--internal\" data-gtm-class=\"article-text-link\" data-gtm-val=\"internal\" rel=\"nofollow noopener\" target=\"_blank\">Pr\u00e4ventivschlag gegen den Iran gestartet<\/a>, um Bedrohungen f\u00fcr Israel zu beseitigen. Die USA begannen parallel umfangreiche Luft- und Seeangriffe, die mehrere Tage dauern k\u00f6nnten. In Teheran wurden am Samstag Explosionen und dichte Rauchs\u00e4ulen gemeldet, auch in der N\u00e4he zentraler Regierungs- und F\u00fchrungseinrichtungen.<\/p>\n<p>Mehr zum Thema:<a href=\"https:\/\/www.tagesspiegel.de\/berlin\/das-sagen-iraner-in-berlin-uber-den-angriff-reza-pahlavi-ist-die-einzige-opposition-15304184.html?icid=topic-list_15304846___\" data-gtm-class=\"article-mzt-link\" data-hydrate-fingerprint=\"09740a54944caac75fd2c0c63fd5c5df\" data-hydrate-props=\"{&amp;escapedquot;element&amp;escapedquot;:{&amp;escapedquot;type&amp;escapedquot;:&amp;escapedquot;relatedContent&amp;escapedquot;,&amp;escapedquot;fieldMap&amp;escapedquot;:{},&amp;escapedquot;relation&amp;escapedquot;:{&amp;escapedquot;fields&amp;escapedquot;:{&amp;escapedquot;isPaid&amp;escapedquot;:true},&amp;escapedquot;href&amp;escapedquot;:&amp;escapedquot;\/berlin\/das-sagen-iraner-in-berlin-uber-den-angriff-reza-pahlavi-ist-die-einzige-opposition-15304184.html&amp;escapedquot;,&amp;escapedquot;teaserTitle&amp;escapedquot;:{&amp;escapedquot;kicker&amp;escapedquot;:&amp;escapedquot;Das sagen Iraner in Berlin \u00fcber den Angriff&amp;escapedquot;,&amp;escapedquot;headline&amp;escapedquot;:&amp;escapedquot;\u201eReza Pahlavi ist die einzige Opposition\u201c&amp;escapedquot;},&amp;escapedquot;id&amp;escapedquot;:&amp;escapedquot;15304184&amp;escapedquot;,&amp;escapedquot;type&amp;escapedquot;:&amp;escapedquot;story&amp;escapedquot;},&amp;escapedquot;isPartOfList&amp;escapedquot;:true,&amp;escapedquot;topicListType&amp;escapedquot;:&amp;escapedquot;topic-list&amp;escapedquot;},&amp;escapedquot;showArrow&amp;escapedquot;:true}\" data-hydrate-slots=\"{&#039;default&#039;:[]}\" class=\"tspCVpa tspCWph\" rel=\"nofollow noopener\" target=\"_blank\">Das sagen Iraner in Berlin \u00fcber den Angriff \u201eReza Pahlavi ist die einzige Opposition\u201c <\/a><a href=\"https:\/\/www.tagesspiegel.de\/berlin\/demonstration-in-berlin-nach-angriffen-im-iran-wir-danken-trump-wir-danken-bibi-netanjahu-15303916.html?icid=topic-list_15304846___\" data-gtm-class=\"article-mzt-link\" data-hydrate-fingerprint=\"09740a54944caac75fd2c0c63fd5c5df\" data-hydrate-props=\"{&amp;escapedquot;element&amp;escapedquot;:{&amp;escapedquot;type&amp;escapedquot;:&amp;escapedquot;relatedContent&amp;escapedquot;,&amp;escapedquot;fieldMap&amp;escapedquot;:{},&amp;escapedquot;relation&amp;escapedquot;:{&amp;escapedquot;fields&amp;escapedquot;:{&amp;escapedquot;isPaid&amp;escapedquot;:null},&amp;escapedquot;href&amp;escapedquot;:&amp;escapedquot;\/berlin\/demonstration-in-berlin-nach-angriffen-im-iran-wir-danken-trump-wir-danken-bibi-netanjahu-15303916.html&amp;escapedquot;,&amp;escapedquot;teaserTitle&amp;escapedquot;:{&amp;escapedquot;kicker&amp;escapedquot;:&amp;escapedquot;Demonstration in Berlin nach Angriffen im Iran&amp;escapedquot;,&amp;escapedquot;headline&amp;escapedquot;:&amp;escapedquot;\u201eWir danken Trump, wir danken Bibi Netanjahu\u201c&amp;escapedquot;},&amp;escapedquot;id&amp;escapedquot;:&amp;escapedquot;15303916&amp;escapedquot;,&amp;escapedquot;type&amp;escapedquot;:&amp;escapedquot;story&amp;escapedquot;},&amp;escapedquot;isPartOfList&amp;escapedquot;:true,&amp;escapedquot;topicListType&amp;escapedquot;:&amp;escapedquot;topic-list&amp;escapedquot;},&amp;escapedquot;showArrow&amp;escapedquot;:true}\" data-hydrate-slots=\"{&#039;default&#039;:[]}\" class=\"tspCVpa tspCWph\" rel=\"nofollow noopener\" target=\"_blank\">Demonstration in Berlin nach Angriffen im Iran \u201eWir danken Trump, wir danken Bibi Netanjahu\u201c <\/a><a href=\"https:\/\/www.tagesspiegel.de\/berlin\/israel-und-usa-greifen-iran-an-berliner-polizei-bereitet-sich-auf-mehr-teilnehmer-bei-demo-vor--auswirkungen-auf-flughafen-ber-15303524.html?icid=topic-list_15304846___\" data-gtm-class=\"article-mzt-link\" data-hydrate-fingerprint=\"09740a54944caac75fd2c0c63fd5c5df\" data-hydrate-props=\"{&amp;escapedquot;element&amp;escapedquot;:{&amp;escapedquot;type&amp;escapedquot;:&amp;escapedquot;relatedContent&amp;escapedquot;,&amp;escapedquot;fieldMap&amp;escapedquot;:{},&amp;escapedquot;relation&amp;escapedquot;:{&amp;escapedquot;fields&amp;escapedquot;:{&amp;escapedquot;isPaid&amp;escapedquot;:null},&amp;escapedquot;href&amp;escapedquot;:&amp;escapedquot;\/berlin\/israel-und-usa-greifen-iran-an-berliner-polizei-bereitet-sich-auf-mehr-teilnehmer-bei-demo-vor--auswirkungen-auf-flughafen-ber-15303524.html&amp;escapedquot;,&amp;escapedquot;teaserTitle&amp;escapedquot;:{&amp;escapedquot;kicker&amp;escapedquot;:&amp;escapedquot;Israel und USA greifen Iran an&amp;escapedquot;,&amp;escapedquot;headline&amp;escapedquot;:&amp;escapedquot;Berliner Polizei bereitet sich auf mehr Teilnehmer bei Demo vor\u00a0\u2013 Auswirkungen auf Flughafen BER&amp;escapedquot;},&amp;escapedquot;id&amp;escapedquot;:&amp;escapedquot;15303524&amp;escapedquot;,&amp;escapedquot;type&amp;escapedquot;:&amp;escapedquot;story&amp;escapedquot;},&amp;escapedquot;isPartOfList&amp;escapedquot;:true,&amp;escapedquot;topicListType&amp;escapedquot;:&amp;escapedquot;topic-list&amp;escapedquot;},&amp;escapedquot;showArrow&amp;escapedquot;:true}\" data-hydrate-slots=\"{&#039;default&#039;:[]}\" class=\"tspCVpa tspCWph\" rel=\"nofollow noopener\" target=\"_blank\">Israel und USA greifen Iran an Berliner Polizei bereitet sich auf mehr Teilnehmer bei Demo vor\u00a0\u2013 Auswirkungen auf Flughafen BER <\/a><\/p>\n<p class=\"tspCCnp\">Direkt nach Beginn\u00a0der israelisch-amerikanischen Angriffe auf den Iran\u00a0drohte dessen Milit\u00e4r bereits mit Gegenschl\u00e4gen. In vielen Teilen\u00a0Israels und des\u00a0Westjordanlands gab es immer wieder\u00a0Luftalarm wegen anfliegender Raketen und Geschosse. Sirenen heulten in Tel Aviv, in Jerusalem und in der Negev-W\u00fcste, wie die Nachrichtenseite Ynet berichtete.<\/p>\n","protected":false},"excerpt":{"rendered":"Nach dem israelisch-amerikanischen Angriff auf den Iran am Samstag wollen auch am Sonntag Tausende Menschen in Berlin auf&hellip;\n","protected":false},"author":2,"featured_media":834734,"comment_status":"","ping_status":"","sticky":false,"template":"","format":"standard","meta":{"footnotes":"","_share_on_mastodon":"0"},"categories":[1825],"tags":[296,82679,29,30,345,525],"class_list":["post-834733","post","type-post","status-publish","format-standard","has-post-thumbnail","category-berlin","tag-berlin","tag-der-berliner-flughafen-ber","tag-deutschland","tag-germany","tag-iran","tag-mitte"],"share_on_mastodon":{"url":"https:\/\/pubeurope.com\/@de\/116153820619397285","error":""},"_links":{"self":[{"href":"https:\/\/www.europesays.com\/de\/wp-json\/wp\/v2\/posts\/834733","targetHints":{"allow":["GET"]}}],"collection":[{"href":"https:\/\/www.europesays.com\/de\/wp-json\/wp\/v2\/posts"}],"about":[{"href":"https:\/\/www.europesays.com\/de\/wp-json\/wp\/v2\/types\/post"}],"author":[{"embeddable":true,"href":"https:\/\/www.europesays.com\/de\/wp-json\/wp\/v2\/users\/2"}],"replies":[{"embeddable":true,"href":"https:\/\/www.europesays.com\/de\/wp-json\/wp\/v2\/comments?post=834733"}],"version-history":[{"count":0,"href":"https:\/\/www.europesays.com\/de\/wp-json\/wp\/v2\/posts\/834733\/revisions"}],"wp:featuredmedia":[{"embeddable":true,"href":"https:\/\/www.europesays.com\/de\/wp-json\/wp\/v2\/media\/834734"}],"wp:attachment":[{"href":"https:\/\/www.europesays.com\/de\/wp-json\/wp\/v2\/media?parent=834733"}],"wp:term":[{"taxonomy":"category","embeddable":true,"href":"https:\/\/www.europesays.com\/de\/wp-json\/wp\/v2\/categories?post=834733"},{"taxonomy":"post_tag","embeddable":true,"href":"https:\/\/www.europesays.com\/de\/wp-json\/wp\/v2\/tags?post=834733"}],"curies":[{"name":"wp","href":"https:\/\/api.w.org\/{rel}","templated":true}]}}