{"id":834801,"date":"2026-03-01T12:43:27","date_gmt":"2026-03-01T12:43:27","guid":{"rendered":"https:\/\/www.europesays.com\/de\/834801\/"},"modified":"2026-03-01T12:43:27","modified_gmt":"2026-03-01T12:43:27","slug":"merz-in-china-vier-jahre-ukraine-krieg-und-der-us-israelische-angriff-auf-den-iran","status":"publish","type":"post","link":"https:\/\/www.europesays.com\/de\/834801\/","title":{"rendered":"Merz in China, vier Jahre Ukraine-Krieg und der US-israelische Angriff auf den Iran"},"content":{"rendered":"<p><img decoding=\"async\" src=\"https:\/\/www.europesays.com\/de\/wp-content\/uploads\/2026\/03\/iran-israel-us-conflict.jpeg\" alt=\"Residents watch from the roofs of their houses as plumes of smoke rise following reported explosions in Tehran on March 1, 2026. Ayatollah Ali Khamenei, Iran's supreme leader since 1989 and sworn enemy of the West, was killed in the opening salvo of a massive US and Israeli attack, sparking a new wave of retaliatory missile strikes from Tehran on March 1. (Photo by ATTA KENARE \/ AFP)\" aria-labelledby=\"caption-15305027\" width=\"620\" height=\"413\" loading=\"lazy\" class=\"tspA4jj\"\/> Bewohner Teherans verfolgen von den D\u00e4chern ihrer H\u00e4user Rauchwolken nach Explosionen in der iranischen Hauptstadt.  <\/p>\n<p class=\"tspAJgq\"> \u00a9 AFP\/ATTA KENARE <\/p>\n<p><img decoding=\"async\" src=\"https:\/\/www.europesays.com\/de\/wp-content\/uploads\/2026\/03\/angriff-auf-den-iran-teheran.jpeg\" alt=\"01.03.2026, Iran, Teheran: Kleriker und andere Anh\u00e4nger der Regierung trauern in einer Versammlung in Teheran, Iran, nachdem das Staatsfernsehen offiziell den Tod des iranischen Obersten F\u00fchrers Ajatollah Ali Chamenei bekannt gegeben hat. Foto: Vahid Salemi\/AP\/dpa +++ dpa-Bildfunk +++\" aria-labelledby=\"caption-15305035\" width=\"620\" height=\"413\" loading=\"lazy\" class=\"tspA4jj\"\/> Kleriker und andere Anh\u00e4nger der Regierung trauern am 1. M\u00e4rz auf einer Versammlung in Teheran, nachdem das Staatsfernsehen offiziell den Tod des iranischen Obersten F\u00fchrers Ajatollah Ali Chamenei bekannt gegeben hat. <\/p>\n<p class=\"tspAJgq\"> \u00a9 dpa\/Vahid Salemi <\/p>\n<p><img decoding=\"async\" src=\"https:\/\/www.europesays.com\/de\/wp-content\/uploads\/2026\/03\/topshot-israel-iran-us-conflict.jpeg\" alt=\"TOPSHOT - A person takes shelter as sirens sounded in Jerusalem on February 28, 2026, following the announcement that Israel had launched a \u201cpreemptive strike\u201d on Iran. Israeli Prime Minister Benjamin Netanyahu said Iran must not be allowed to gain nuclear arms and urged Israelis to &quot;stand together&quot; after Israel and the United States launched strikes against the Islamic republic on February 28. (Photo by AHMAD GHARABLI \/ AFP)\" aria-labelledby=\"caption-15304938\" width=\"620\" height=\"413\" loading=\"lazy\" class=\"tspA4jj\"\/> Eine Person sucht in Jerusalem Schutz, nachdem in der Stadt am 28. Februar 2026 die Sirenen heulten. <\/p>\n<p class=\"tspAJgq\"> \u00a9 AFP\/AHMAD GHARABLI <\/p>\n<p><img decoding=\"async\" src=\"https:\/\/www.europesays.com\/de\/wp-content\/uploads\/2026\/03\/president-trump-and-cabinet-members-observe-the-start-of-military-action-against-the-iranian-regime..jpeg\" alt=\"President Donald Trump is joined by Secretary of State Marco Rubio and Chief of Staff Susie Wiles to observe the beginning stages of Operation Epic Fury on Saturday, February 28, 2026, at Mar-a-Lago, in Palm Beach, Florida. White House Photo\/ PUBLICATIONxNOTxINxUSA WAX2026022804 THExWHITExHOUSE\" aria-labelledby=\"caption-15304944\" width=\"620\" height=\"413\" loading=\"lazy\" class=\"tspA4jj\"\/> US\u2011Pr\u00e4sident Donald Trump verfolgt gemeinsam mit Au\u00dfenminister Marco Rubio und Stabschefin Susie Wiles in Mar\u2011a\u2011Lago die ersten Phasen des US\u2011amerikanischen und israelischen Angriffs auf den Iran <\/p>\n<p class=\"tspAJgq\"> \u00a9 imago\/UPI Photo\/IMAGO\/The White House <\/p>\n<p><img decoding=\"async\" src=\"https:\/\/www.europesays.com\/de\/wp-content\/uploads\/2026\/03\/1772368998_167_angriff-auf-den-iran-berlin.jpeg\" alt=\"dpatopbilder - 28.02.2026, Berlin: Menschen jubeln auf einer Iran-Demonstration auf dem Pariser Platz vor dem Brandenburger Tor. Foto: Christophe Gateau\/dpa +++ dpa-Bildfunk +++\" aria-labelledby=\"caption-15304943\" width=\"620\" height=\"413\" loading=\"lazy\" class=\"tspA4jj\"\/> Freude in Berlin: Menschen jubeln am 28. Februar 2026 auf einer Iran-Demonstration auf dem Pariser Platz vor dem Brandenburger Tor. <\/p>\n<p class=\"tspAJgq\"> \u00a9 dpa\/Christophe Gateau <\/p>\n<p><img decoding=\"async\" src=\"https:\/\/www.europesays.com\/de\/wp-content\/uploads\/2026\/03\/ukraine-krieg-jahrestag-kriegsbeginn.jpeg\" alt=\"dpatopbilder - 24.02.2026, Ukraine, Bucha: Angeh\u00f6rige von Menschen, die w\u00e4hrend der russischen Besatzung get\u00f6tet wurden, reagieren an der Mauer der Erinnerung w\u00e4hrend einer Zeremonie zum vierten Jahrestag der russischen Invasion in der Ukraine in Bucha, Ukraine. Foto: Sergei Grits\/AP\/dpa +++ dpa-Bildfunk +++\" aria-labelledby=\"caption-15304970\" width=\"620\" height=\"413\" loading=\"lazy\" class=\"tspA4jj\"\/> Am vierten Jahrestag des russischen Angriffskrieges gegen die Ukraine trauern Angeh\u00f6rige von Kriegsopfern an der \u201eMauer der Erinnerung\u201c im ukrainischen Bucha. <\/p>\n<p class=\"tspAJgq\"> \u00a9 dpa\/Sergei Grits <\/p>\n<p><img decoding=\"async\" src=\"https:\/\/www.europesays.com\/de\/wp-content\/uploads\/2026\/03\/german-chancellor-friedrich-merz-attends-a-luncheon-at-the-great-hall-of-the-people-in-beijing.jpeg\" alt=\"German Chancellor Friedrich Merz attends a luncheon at the Great Hall of the People in Beijing, China, February 25, 2026. Michael Kappeler\/Pool via REUTERS&#10;&#10;&#10;     TPX IMAGES OF THE DAY     \" aria-labelledby=\"caption-15304953\" width=\"620\" height=\"459\" loading=\"lazy\" class=\"tspA4jj\"\/> Der deutsche Bundeskanzler Friedrich Merz besucht China und scheint \u00fcberrascht \u00fcber die Men\u00fcauswahl in der Gro\u00dfen Halle des Volkes in Peking. <\/p>\n<p class=\"tspAJgq\"> \u00a9 REUTERS\/Michael Kappeler <\/p>\n<p><img decoding=\"async\" src=\"https:\/\/www.europesays.com\/de\/wp-content\/uploads\/2026\/03\/aftermath-of-violence-following-military-operation-that-killed-jalisco-cartel-boss-nemesio-oseguera-.jpeg\" alt=\"Tourists walk past the burnt wreckage of buses after a series of blockades and attacks by organized crime following a military operation in which cartel boss Nemesio Oseguera, 'El Mencho,' was killed in the state of Jalisco, in Puerto Vallarta, Mexico, February 23, 2026. REUTERS\/Alfonso Lepe     TPX IMAGES OF THE DAY     \" aria-labelledby=\"caption-15304962\" width=\"620\" height=\"413\" loading=\"lazy\" class=\"tspA4jj\"\/> Touristen gehen in Puerto Vallarta an den ausgebrannten \u00dcberresten mehrerer Busse vorbei. Kriminelle Kartelle hatten nach dem Tod des Jalisco\u2011Kartellbosses \u201eEl Mencho\u201c Stra\u00dfen blockiert und Angriffe ver\u00fcbt.  <\/p>\n<p class=\"tspAJgq\"> \u00a9 REUTERS\/Alfonso Lepe <\/p>\n<p><img decoding=\"async\" src=\"https:\/\/www.europesays.com\/de\/wp-content\/uploads\/2026\/03\/trauerstaatsakt-fur-rita-sussmuth.jpeg\" alt=\"dpatopbilder - 24.02.2026, Berlin: Ein Kondolenzbuch liegt beim Trauerstaatsakt f\u00fcr die verstorbene fr\u00fchere Bundesfamilienministerin und langj\u00e4hrige Bundestagspr\u00e4sidentin Rita S\u00fcssmuth (CDU) im Deutschen Bundestag bereit. Rita S\u00fcssmuth ist am 01.02.2026 im Alter von 88 Jahren gestorben. Foto: Bernd von Jutrczenka\/dpa +++ dpa-Bildfunk +++\" aria-labelledby=\"caption-15304961\" width=\"620\" height=\"405\" loading=\"lazy\" class=\"tspA4jj\"\/> Abschied von einer Vordenkerin: Ein Kondolenzbuch liegt beim Trauerstaatsakt f\u00fcr die verstorbene fr\u00fchere Bundesfamilienministerin und langj\u00e4hrige Bundestagspr\u00e4sidentin Rita S\u00fcssmuth (CDU) im Deutschen Bundestag bereit. <\/p>\n<p class=\"tspAJgq\"> \u00a9 dpa\/Bernd von Jutrczenka <\/p>\n<p><img decoding=\"async\" src=\"https:\/\/www.europesays.com\/de\/wp-content\/uploads\/2026\/03\/topshot-iran-us-politics-diplomacy-dailylife.jpeg\" alt=\"TOPSHOT - An Iranian woman walks past a shop selling traditional Persian sweets called samanu in northern Tehran on February 23, 2026. Iran warned the United States on February 23, 2026, that any attack would be met &quot;ferociously&quot; in response to the US president's threat of limited strikes. The United States has built up forces in the Middle East to pile pressure on Iran to make a deal at negotiations due to restart on February 26, with the US president weighing a limited strike if no agreement is reached. (Photo by AFP)\" aria-labelledby=\"caption-15304964\" width=\"620\" height=\"413\" loading=\"lazy\" class=\"tspA4jj\"\/> Ein Bild aus einer gef\u00fchlt anderen Zeit: Am 23. Februar geht eine Iranerin an einem Laden vorbei, der traditionelle persische S\u00fc\u00dfspeisen wie Samanu anbietet. <\/p>\n<p class=\"tspAJgq\"> \u00a9 AFP\/stringer <\/p>\n<p><img decoding=\"async\" src=\"https:\/\/www.europesays.com\/de\/wp-content\/uploads\/2026\/03\/tomaten-in-bangladesch.jpeg\"   alt=\"dpatopbilder - 24.02.2026, Bangladesch, Dhunat: H\u00e4ndler sortieren und wiegen frisch geerntete Tomaten auf dem Pachthupi-Gro\u00dfmarkt in Bogura bevor sie sie zu M\u00e4rkten im ganzen Land transportieren. Foto: Syed Mahabubul Kader\/ZUMA Press Wire\/dpa +++ dpa-Bildfunk +++\" aria-labelledby=\"caption-15304934\" width=\"440\" height=\"330\" loading=\"lazy\" class=\"tspA4jj\"\/> Auf dem Pachthupi\u2011Gro\u00dfmarkt im Distrikt Bogura in Bangladesch sortieren und wiegen H\u00e4ndler frisch geerntete Tomaten, bevor sie f\u00fcr den Weitertransport auf M\u00e4rkte im ganzen Land vorbereitet werden. <\/p>\n<p class=\"tspAJgq\"> \u00a9 dpa\/Syed Mahabubul Kader <\/p>\n<p><img decoding=\"async\" src=\"https:\/\/www.europesays.com\/de\/wp-content\/uploads\/2026\/03\/topshot-palestinian-israel-conflict-religion-islam-ramadan.jpeg\" alt=\"TOPSHOT - Displaced Palestinians gather for their fast-breaking Iftar meal amid the rubble of destroyed buildings at the Jabalia refugee camp in the northern Gaza Strip, during the Muslim holy fasting month of Ramadan, on February 23, 2026. (Photo by Omar AL-QATTAA \/ AFP)\" aria-labelledby=\"caption-15305054\" width=\"620\" height=\"413\" loading=\"lazy\" class=\"tspA4jj\"\/> Pal\u00e4stinenser versammeln sich im zerst\u00f6rten Fl\u00fcchtlingslager Jabalia zum Fastenbrechen w\u00e4hrend des Ramadan \u2013 umgeben von den Tr\u00fcmmern zerst\u00f6rter Geb\u00e4ude im n\u00f6rdlichen Gazastreifen. <\/p>\n<p class=\"tspAJgq\"> \u00a9 AFP\/OMAR AL-QATTAA <\/p>\n<p><img decoding=\"async\" src=\"https:\/\/www.europesays.com\/de\/wp-content\/uploads\/2026\/03\/japan-culture-festival.jpeg\" alt=\"Participants take part in a horseback-style battle in a muddy field during the Warabi Hadaka festival in Yotsukaido, Chiba Prefecture on February 25, 2026. (Photo by Yuichi YAMAZAKI \/ AFP)\" aria-labelledby=\"caption-15304952\" width=\"620\" height=\"413\" loading=\"lazy\" class=\"tspA4jj\"\/> Teilnehmer liefern sich w\u00e4hrend des Warabi\u2011Hadaka\u2011Festivals im japanischen Yotsukaid\u014d auf einem verschlammten Feld eine Reiterkampfszenerie \u2013 traditionell jedoch ohne echte Pferde. <\/p>\n<p class=\"tspAJgq\"> \u00a9 AFP\/YUICHI YAMAZAKI <\/p>\n<p><img decoding=\"async\" src=\"https:\/\/www.europesays.com\/de\/wp-content\/uploads\/2026\/03\/major-nor-easter-brings-blizzard-conditions-to-northeast.jpeg\" alt=\"NEW YORK, NEW YORK - FEBRUARY 23: A view of the Lower East Side and the Financial District during a snowstorm on February 23, 2026 in New York City. A major winter storm has hit the Northeast and Mid-Atlantic regions bringing heavy snowfall and blizzard conditions. More than 19 inches of snow has fallen so far in many areas of New York City over the course of Sunday and Monday.   Ryan Murphy\/Getty Images\/AFP (Photo by RYAN MURPHY \/ GETTY IMAGES NORTH AMERICA \/ Getty Images via AFP)\" aria-labelledby=\"caption-15305040\" width=\"620\" height=\"413\" loading=\"lazy\" class=\"tspA4jj\"\/> Ein Blizzard in New York City verlangsamt das Leben in der Metropole, hier ein Blick auf die Lower East Side und den Financial District. <\/p>\n<p class=\"tspAJgq\"> \u00a9 Getty Images via AFP\/RYAN MURPHY <\/p>\n<p><img decoding=\"async\" src=\"https:\/\/www.europesays.com\/de\/wp-content\/uploads\/2026\/03\/fashion-togo.jpeg\" alt=\"Models wearing a creation by Togolese fashion brand Gift`s garden pose for a photograph backstage before a fashion show during the Togo International Festival of Fashion (FIMO) at the Institut Fran\u00e7ais in Lom\u00e9 on February 26, 2026. (Photo by OLYMPIA DE MAISMONT \/ AFP)\" aria-labelledby=\"caption-15305037\" width=\"620\" height=\"413\" loading=\"lazy\" class=\"tspA4jj\"\/> Models posieren backstage im Institut Fran\u00e7ais vor einer Modenschau beim Togo International Festival of Fashion (FIMO) in Lom\u00e9. Sie tragen Entw\u00fcrfe des togolesischen Modelabels Gift\u2019s Garden.  <\/p>\n<p class=\"tspAJgq\"> \u00a9 AFP\/OLYMPIA DE MAISMONT <\/p>\n<p><img decoding=\"async\" src=\"https:\/\/www.europesays.com\/de\/wp-content\/uploads\/2026\/03\/topshot-australia-tourism.jpeg\" alt=\"TOPSHOT - A hot-air balloon carrying tourists passes by the Melbourne central business district skyline during an early morning flight on February 23, 2026. (Photo by William WEST \/ AFP)\" aria-labelledby=\"caption-15304966\" width=\"620\" height=\"413\" loading=\"lazy\" class=\"tspA4jj\"\/> Ein Hei\u00dfluftballon mit Touristen schwebt bei Sonnenaufgang an der Skyline des zentralen Gesch\u00e4ftsviertels Melbournes vorbei.\u00a0 <\/p>\n<p class=\"tspAJgq\"> \u00a9 AFP\/WILLIAM WEST <\/p>\n","protected":false},"excerpt":{"rendered":"Bewohner Teherans verfolgen von den D\u00e4chern ihrer H\u00e4user Rauchwolken nach Explosionen in der iranischen Hauptstadt. \u00a9 AFP\/ATTA KENARE&hellip;\n","protected":false},"author":2,"featured_media":834802,"comment_status":"","ping_status":"","sticky":false,"template":"","format":"standard","meta":{"footnotes":"","_share_on_mastodon":"0"},"categories":[4012],"tags":[331,332,13,14,15,12,317,17158],"class_list":["post-834801","post","type-post","status-publish","format-standard","has-post-thumbnail","category-ukraine","tag-aktuelle-nachrichten","tag-aktuelle-news","tag-headlines","tag-nachrichten","tag-news","tag-schlagzeilen","tag-ukraine","tag-visual-department"],"share_on_mastodon":{"url":"","error":""},"_links":{"self":[{"href":"https:\/\/www.europesays.com\/de\/wp-json\/wp\/v2\/posts\/834801","targetHints":{"allow":["GET"]}}],"collection":[{"href":"https:\/\/www.europesays.com\/de\/wp-json\/wp\/v2\/posts"}],"about":[{"href":"https:\/\/www.europesays.com\/de\/wp-json\/wp\/v2\/types\/post"}],"author":[{"embeddable":true,"href":"https:\/\/www.europesays.com\/de\/wp-json\/wp\/v2\/users\/2"}],"replies":[{"embeddable":true,"href":"https:\/\/www.europesays.com\/de\/wp-json\/wp\/v2\/comments?post=834801"}],"version-history":[{"count":0,"href":"https:\/\/www.europesays.com\/de\/wp-json\/wp\/v2\/posts\/834801\/revisions"}],"wp:featuredmedia":[{"embeddable":true,"href":"https:\/\/www.europesays.com\/de\/wp-json\/wp\/v2\/media\/834802"}],"wp:attachment":[{"href":"https:\/\/www.europesays.com\/de\/wp-json\/wp\/v2\/media?parent=834801"}],"wp:term":[{"taxonomy":"category","embeddable":true,"href":"https:\/\/www.europesays.com\/de\/wp-json\/wp\/v2\/categories?post=834801"},{"taxonomy":"post_tag","embeddable":true,"href":"https:\/\/www.europesays.com\/de\/wp-json\/wp\/v2\/tags?post=834801"}],"curies":[{"name":"wp","href":"https:\/\/api.w.org\/{rel}","templated":true}]}}