{"id":834832,"date":"2026-03-01T12:59:25","date_gmt":"2026-03-01T12:59:25","guid":{"rendered":"https:\/\/www.europesays.com\/de\/834832\/"},"modified":"2026-03-01T12:59:25","modified_gmt":"2026-03-01T12:59:25","slug":"nahost-konflikt-zwischen-erleichterung-und-sorge-in-niedersachsen","status":"publish","type":"post","link":"https:\/\/www.europesays.com\/de\/834832\/","title":{"rendered":"Nahost-Konflikt: Zwischen Erleichterung und Sorge in Niedersachsen"},"content":{"rendered":"<p>\n                Stand: 01.03.2026 10:55 Uhr<\/p>\n<p class=\"preface\">Die Lage in Nahost spitzt sich zu. Menschen in Niedersachsen sorgen sich um das Leben ihrer Verwandten in den betroffenen Gebieten. Unter Exil-Iranern w\u00e4chst die Hoffnung auf ein Ende des Regimes.<\/p>\n<p class=\"\">Der Vorsitzende der j\u00fcdischen Gemeinden in Niedersachsen, Michael F\u00fcrst, sieht angesichts der milit\u00e4rischen Angriffe derzeit keine besondere Bedrohungslage in Niedersachsen. &#8222;Ich glaube nicht, dass wir in Hannover gro\u00dfe Sorgen haben m\u00fcssen&#8220;, betonte F\u00fcrst am Samstag. Anders sehe es f\u00fcr die Menschen aus, die Verwandte und Bekannte in Israel h\u00e4tten und um deren Leben man f\u00fcrchten m\u00fcsse. F\u00fcrst steht nach eigenen Angaben in regelm\u00e4\u00dfigem Kontakt mit der Polizei. Sollte eine Gefahr bestehen, w\u00fcrden die Beamten handeln und die j\u00fcdischen Gemeinden st\u00e4rker besch\u00fctzen.<\/p>\n<p>    Innenministerium im Austausch mit Sicherheitsbeh\u00f6rden<\/p>\n<p class=\"\">In einer Stellungnahme bezeichnete Innenministerin Daniela Behrens (SPD) die aktuelle Lage im Iran als &#8222;\u00e4u\u00dferst besorgniserregend&#8220;. Der Fokus liege nun auf der Sicherheit j\u00fcdischer und israelischer Einrichtungen und Menschen. Das Innenministerium sei im st\u00e4ndigen Austausch mit den zust\u00e4ndigen Sicherheitsbeh\u00f6rden der L\u00e4nder und des Bundes, so Behrens. Die Polizei in Niedersachsen sei seit dem \u00dcberfall der Hamas im Oktober 2023 hochgradig sensibilisiert. Schutzkonzepte sind eingerichtet, wie auch die Polizei best\u00e4tigte.<\/p>\n<p>        <img decoding=\"async\" src=\"https:\/\/www.europesays.com\/de\/wp-content\/uploads\/2026\/02\/teheran-210.webp.webp\" alt=\"Teheran: Rauch steigt nach einer Explosion \u00fcber der iranischen Hauptstadt auf.\" title=\"Teheran: Rauch steigt nach einer Explosion \u00fcber der iranischen Hauptstadt auf. | Vahid Salemi\/AP\/dpa\" class=\"responsive\" loading=\"lazy\"\/><\/p>\n<p>USA und Israel greifen den Iran an &#8211; dieser reagiert mit Gegenschl\u00e4gen. Die neuesten Entwicklungen dazu bei tagesschau.de.<\/p>\n<p>    Bischof Wilmer zweifelt an milit\u00e4rischer Auseinandersetzung<\/p>\n<p class=\"\">Der Vorsitzende der katholischen Deutschen Bischofskonferenz, Heiner Wilmer, sorgt sich um die Bev\u00f6lkerung der betroffenen L\u00e4nder. Er bezweifle, dass eine milit\u00e4rische Auseinandersetzung Frieden und Freiheit in den Nahen Osten bringe, erkl\u00e4rte der Hildesheimer Bischof am Samstag. &#8222;Ich bete in dieser Stunde f\u00fcr die Menschen in Iran und Israel, die einmal mehr Opfer der Gewalt werden&#8220;, sagte Willmer<\/p>\n<p>    Christliche Iraner hoffen auf ein Ende des Regimes<\/p>\n<p class=\"\">Unter den christlichen Iranern herrsche weitestgehend Erleichterung \u00fcber die Angriffe auf das iranische Regime, wie der evangelische Pastor Jobst Reller von der Iranerseelsorge der hannoverschen Landeskirche mitteilte. Die etwa 1.000 Iraner in den unterschiedlichen evangelischen Gemeinden in Niedersachsen h\u00e4tten gro\u00dfe Hoffnung auf eine freie Gesellschaft im Iran.<\/p>\n<p>    Demos in Hannover und Hamburg<\/p>\n<p class=\"\">Am Samstagmorgen hatten die <a href=\"https:\/\/www.tagesschau.de\/newsticker\/liveblog-israel-usa-angriffe-iran-102.html\" title=\"Nahost-Liveblog: ++ Tankerstau vor der Stra\u00dfe von Hormus ++\" rel=\"nofollow noopener\" target=\"_blank\">USA und Israel den Iran angegriffen<\/a>. Dieser hatte mit Gegenangriffen auf Israel geantwortet. Am Samstagnachmittag fand in Hannover eine Iran-Kundgebung statt, um auf die Situation der Zivilbev\u00f6lkerung im Iran aufmerksam zu machen. Vertreten waren verschiedene Gruppen, wie Amnesty International oder Omas gegen Rechts. In Hamburg wurde auf einer <a href=\"https:\/\/www.ndr.de\/nachrichten\/hamburg\/hamburg-veranstalter-erwarten-20000-teilnehmer-bei-iran-demo,irandemo-104.html\" title=\"Hamburg: Tausende Iran-Demonstranten feiern in der Innenstadt\" rel=\"nofollow noopener\" target=\"_blank\">Demo von Exil-Iranern<\/a> mit tausenden Teilnehmern der Angriff auf das iranische Regime begr\u00fc\u00dft. Man hoffe auf ein Ende des Regimes, hie\u00df es von den Veranstaltern. F\u00fcr Sonntag hat die Initiative &#8222;Hanover for Iran&#8220; eine weitere Demonstration in Hannover angek\u00fcndigt.<\/p>\n<p>        <img decoding=\"async\" src=\"https:\/\/www.europesays.com\/de\/wp-content\/uploads\/2026\/03\/irandemo-108.webp.webp\" alt=\"Zahlreiche Menschen mit iranischen oder US-amerikanischen Flaggen demonstrieren.\" title=\"Zahlreiche Menschen mit iranischen oder US-amerikanischen Flaggen demonstrieren. | Elias Bartl (NDR)\" class=\"responsive\" loading=\"lazy\"\/><\/p>\n<p>Mehr als 5.000 Exil-Iraner und -Iranerinnen haben am Sonnabend in Hamburg protestiert. Nach dem Angriff auf den Iran hoffen sie auf ein Ende des Regimes.<\/p>\n","protected":false},"excerpt":{"rendered":"Stand: 01.03.2026 10:55 Uhr Die Lage in Nahost spitzt sich zu. Menschen in Niedersachsen sorgen sich um das&hellip;\n","protected":false},"author":2,"featured_media":834833,"comment_status":"","ping_status":"","sticky":false,"template":"","format":"standard","meta":{"footnotes":"","_share_on_mastodon":"0"},"categories":[1836],"tags":[2140,94213,3364,3387,29,30,46,345,411,1411,64,186231],"class_list":["post-834832","post","type-post","status-publish","format-standard","has-post-thumbnail","category-hannover","tag-angriff","tag-behrens","tag-de","tag-demo","tag-deutschland","tag-germany","tag-hannover","tag-iran","tag-israel","tag-niedersachsen","tag-usa","tag-wilmer"],"share_on_mastodon":{"url":"https:\/\/pubeurope.com\/@de\/116154044740175197","error":""},"_links":{"self":[{"href":"https:\/\/www.europesays.com\/de\/wp-json\/wp\/v2\/posts\/834832","targetHints":{"allow":["GET"]}}],"collection":[{"href":"https:\/\/www.europesays.com\/de\/wp-json\/wp\/v2\/posts"}],"about":[{"href":"https:\/\/www.europesays.com\/de\/wp-json\/wp\/v2\/types\/post"}],"author":[{"embeddable":true,"href":"https:\/\/www.europesays.com\/de\/wp-json\/wp\/v2\/users\/2"}],"replies":[{"embeddable":true,"href":"https:\/\/www.europesays.com\/de\/wp-json\/wp\/v2\/comments?post=834832"}],"version-history":[{"count":0,"href":"https:\/\/www.europesays.com\/de\/wp-json\/wp\/v2\/posts\/834832\/revisions"}],"wp:featuredmedia":[{"embeddable":true,"href":"https:\/\/www.europesays.com\/de\/wp-json\/wp\/v2\/media\/834833"}],"wp:attachment":[{"href":"https:\/\/www.europesays.com\/de\/wp-json\/wp\/v2\/media?parent=834832"}],"wp:term":[{"taxonomy":"category","embeddable":true,"href":"https:\/\/www.europesays.com\/de\/wp-json\/wp\/v2\/categories?post=834832"},{"taxonomy":"post_tag","embeddable":true,"href":"https:\/\/www.europesays.com\/de\/wp-json\/wp\/v2\/tags?post=834832"}],"curies":[{"name":"wp","href":"https:\/\/api.w.org\/{rel}","templated":true}]}}