{"id":834834,"date":"2026-03-01T13:00:13","date_gmt":"2026-03-01T13:00:13","guid":{"rendered":"https:\/\/www.europesays.com\/de\/834834\/"},"modified":"2026-03-01T13:00:13","modified_gmt":"2026-03-01T13:00:13","slug":"dresdner-grundschueler-fuer-deutschen-kinder-und-jugendpreis-nominiert","status":"publish","type":"post","link":"https:\/\/www.europesays.com\/de\/834834\/","title":{"rendered":"Dresdner Grundsch\u00fcler f\u00fcr Deutschen Kinder- und Jugendpreis nominiert"},"content":{"rendered":"<p>Projekt aus 100 Bewerbungen ausgew\u00e4hlt<\/p>\n<p class=\"text\">\nIn dem Projekt haben die Grundschulkinder demnach eine eigene Radiosendung f\u00fcr Kinder gestaltet, die sich unter anderem damit besch\u00e4ftigt, was Nazis in der Vergangenheit getan haben, was wir als Gesellschaft aus der Geschichte lernen k\u00f6nnen und wo sie als Kinder selbst Demokratie erlebt haben. Die Jury habe dieses Projekt neben f\u00fcnf anderen aus insgesamt 100 Bewerbungen ausgew\u00e4hlt.\n<\/p>\n<p>Idee kam von den Kindern<\/p>\n<p class=\"text\">\nDie Idee f\u00fcr diese Sondersendung ihres Grundschulradios kam von den Kindern selbst, nachdem sie auf dem Schulhof dar\u00fcber diskutiert h\u00e4tten, was Nazis eigentlich sind, erz\u00e4hlt Sarah Gundel vom Hort der Outlaw gGmbH MDR SACHSEN. Sie hat das Projekt organisiert und p\u00e4dagogisch betreut. Redaktionell unterst\u00fctzt wurden die Kinder in der Grundschulradio-AG &#8222;Radio 147&#8220; von Katalin Vale\u0161, die als freie Mitarbeiterin auch beim MDR arbeitet.\n<\/p>\n<p class=\"text\">\nDie Entscheidung zum diesj\u00e4hrigen Deutschen Kinder- und Jugendpreis f\u00e4llt am 22. Juni. Preise mit einer Gesamtsumme von 30.000 Euro werden vergeben. Der Deutsche Kinder- und Jugendpreis wird vom Deutschen Kinderhilfswerk ausgelobt.<\/p>\n","protected":false},"excerpt":{"rendered":"Projekt aus 100 Bewerbungen ausgew\u00e4hlt In dem Projekt haben die Grundschulkinder demnach eine eigene Radiosendung f\u00fcr Kinder gestaltet,&hellip;\n","protected":false},"author":2,"featured_media":834835,"comment_status":"","ping_status":"","sticky":false,"template":"","format":"standard","meta":{"footnotes":"","_share_on_mastodon":"0"},"categories":[1835],"tags":[3364,23532,29,2386,30,1635,1114,81,14,828,859],"class_list":["post-834834","post","type-post","status-publish","format-standard","has-post-thumbnail","category-dresden","tag-de","tag-deutscher","tag-deutschland","tag-dresden","tag-germany","tag-jugend","tag-kinder","tag-mdr","tag-nachrichten","tag-preis","tag-sachsen"],"share_on_mastodon":{"url":"https:\/\/pubeurope.com\/@de\/116154048493001521","error":""},"_links":{"self":[{"href":"https:\/\/www.europesays.com\/de\/wp-json\/wp\/v2\/posts\/834834","targetHints":{"allow":["GET"]}}],"collection":[{"href":"https:\/\/www.europesays.com\/de\/wp-json\/wp\/v2\/posts"}],"about":[{"href":"https:\/\/www.europesays.com\/de\/wp-json\/wp\/v2\/types\/post"}],"author":[{"embeddable":true,"href":"https:\/\/www.europesays.com\/de\/wp-json\/wp\/v2\/users\/2"}],"replies":[{"embeddable":true,"href":"https:\/\/www.europesays.com\/de\/wp-json\/wp\/v2\/comments?post=834834"}],"version-history":[{"count":0,"href":"https:\/\/www.europesays.com\/de\/wp-json\/wp\/v2\/posts\/834834\/revisions"}],"wp:featuredmedia":[{"embeddable":true,"href":"https:\/\/www.europesays.com\/de\/wp-json\/wp\/v2\/media\/834835"}],"wp:attachment":[{"href":"https:\/\/www.europesays.com\/de\/wp-json\/wp\/v2\/media?parent=834834"}],"wp:term":[{"taxonomy":"category","embeddable":true,"href":"https:\/\/www.europesays.com\/de\/wp-json\/wp\/v2\/categories?post=834834"},{"taxonomy":"post_tag","embeddable":true,"href":"https:\/\/www.europesays.com\/de\/wp-json\/wp\/v2\/tags?post=834834"}],"curies":[{"name":"wp","href":"https:\/\/api.w.org\/{rel}","templated":true}]}}