{"id":835010,"date":"2026-03-01T14:37:13","date_gmt":"2026-03-01T14:37:13","guid":{"rendered":"https:\/\/www.europesays.com\/de\/835010\/"},"modified":"2026-03-01T14:37:13","modified_gmt":"2026-03-01T14:37:13","slug":"unfall-in-stuttgart-wangen-von-stadtbahn-erfasst-fussgaenger-in-lebensgefahr","status":"publish","type":"post","link":"https:\/\/www.europesays.com\/de\/835010\/","title":{"rendered":"Unfall in Stuttgart-Wangen: Von Stadtbahn erfasst \u2013 Fu\u00dfg\u00e4nger in Lebensgefahr"},"content":{"rendered":"<p>\t\t\t\t\t\t\t\t\t\t\t\t\t\t\t\t\t\t\t\t\t\t\t\t\t\t\t\t      \t\t            \t\t             \t\t\t\t   \t\t\t\t\t   <img decoding=\"async\" id=\"article-image\" fetchpriority=\"high\" alt=\"Unfall in Stuttgart-Wangen: Von Stadtbahn erfasst \u2013 Fu\u00dfg\u00e4nger in Lebensgefahr\" title=\"Unfall in Stuttgart-Wangen: Von Stadtbahn erfasst \u2013 Fu\u00dfg\u00e4nger in Lebensgefahr\" src=\"https:\/\/www.europesays.com\/de\/wp-content\/uploads\/2026\/03\/media.media.2daf68ee-f0b0-4595-bcca-929e4f02eb7a.16x9_700.jpg\" data-linkto=\"https:\/\/www.stuttgarter-nachrichten.de\/javascript:void(0);\"\/>\t\t\t\t\t\t\t\t\t\t\t\t\t\t\t\t\t\t\t\t\t\t\t\tRettungsdienst, Feuerwehr und Polizei an der Unfallstelle im Einsatz.\u00a0Foto: SDMG\t\t\t<\/p>\n<p>In Stuttgart-Wangen ist am Sonntag ein Fu\u00dfg\u00e4nger von einer Stadtbahn erfasst und lebensgef\u00e4hrlich verletzt worden. Offenbar war er trotz blinkender Warnanlage \u00fcber die Gleise gelaufen.<\/p>\n<p>Am Sonntagmittag ist in <a href=\"https:\/\/www.stuttgarter-nachrichten.de\/thema\/Stuttgart-Wangen\" title=\"Stuttgart-Wangen\" class=\"art_thema\" rel=\"nofollow noopener\" target=\"_blank\">Stuttgart-Wangen<\/a> ein Fu\u00dfg\u00e4nger von einer <a href=\"https:\/\/www.stuttgarter-nachrichten.de\/thema\/Stadtbahn\" title=\"Stadtbahn\" class=\"art_thema\" rel=\"nofollow noopener\" target=\"_blank\">Stadtbahn<\/a> erfasst worden. Wie ein Sprecher der <a href=\"https:\/\/www.stuttgarter-nachrichten.de\/thema\/Polizei\" title=\"Polizei\" class=\"art_thema\" rel=\"nofollow noopener\" target=\"_blank\">Polizei<\/a> auf Nachfrage sagt, wurde der Mann bei dem <a href=\"https:\/\/www.stuttgarter-nachrichten.de\/thema\/Unfall\" title=\"Unfall\" class=\"art_thema\" rel=\"nofollow noopener\" target=\"_blank\">Unfall<\/a> kurzzeitig unter der Bahn eingeklemmt. Rettungskr\u00e4fte konnten ihn bergen, er wurde mit lebensbedrohlichen Verletzungen in eine Klinik gebracht. <\/p>\n<p>Den Angaben zufolge wollte der Mann gegen 13.30 Uhr einen Fu\u00dfg\u00e4nger\u00fcberweg auf der Wasenstra\u00dfe, in der N\u00e4he der Donzdorfer Stra\u00dfe, nutzen, um die Gleise zu \u00fcberqueren. Wie mehrere Zeugen der Polizei gegen\u00fcber sagten, soll er dabei die blinkende Warnanlage missachtet haben, die die Stadtbahn ank\u00fcndigte. Er wurde auf den Gleisen von der Bahn erfasst und schwer verletzt. <\/p>\n<p>Fu\u00dfg\u00e4nger nach Unfall mit Stadtbahn in <a href=\"https:\/\/www.stuttgarter-nachrichten.de\/thema\/Lebensgefahr\" title=\"Lebensgefahr\" class=\"art_thema\" rel=\"nofollow noopener\" target=\"_blank\">Lebensgefahr<\/a> <\/p>\n<p>Feuerwehr und Rettungsdienst r\u00fcckten mit mehreren Kr\u00e4ften aus. Am fr\u00fchen Nachmittag war zun\u00e4chst noch unklar, welche Auswirkungen der Unfall auf den Stadtbahnverkehr haben w\u00fcrde, weil m\u00f6glicherweise ein Gutachter zur Unfallstelle kommen m\u00fcsse. Um 14.30 Uhr stand die Bahn noch an der Unfallstelle. Auf der Linie U9 kam es entsprechend zu starken Einschr\u00e4nkungen und Ausf\u00e4llen. <\/p>\n<p>Wie viele Stadtbahnen im Stuttgarter Netz aktuell versp\u00e4tet sind oder ausfallen, zeigt unsere Tabelle. Wir werten daf\u00fcr Echtzeitdaten aus, die Tabelle aktualisiert sich automatisch alle zehn Minuten. Klicken Sie auf eine der Linien, um Details zu erfahren. <\/p>\n","protected":false},"excerpt":{"rendered":"Rettungsdienst, Feuerwehr und Polizei an der Unfallstelle im Einsatz.\u00a0Foto: SDMG In Stuttgart-Wangen ist am Sonntag ein Fu\u00dfg\u00e4nger von&hellip;\n","protected":false},"author":2,"featured_media":835011,"comment_status":"","ping_status":"","sticky":false,"template":"","format":"standard","meta":{"footnotes":"","_share_on_mastodon":"0"},"categories":[1830],"tags":[1634,3364,29,186468,30,6597,5517,121,8248,11238,1441,42338,84750,1284,9426],"class_list":["post-835010","post","type-post","status-publish","format-standard","has-post-thumbnail","category-stuttgart","tag-baden-wuerttemberg","tag-de","tag-deutschland","tag-donzdorfer-strasse","tag-germany","tag-infografik","tag-lebensgefahr","tag-polizei","tag-polizeibericht-stuttgart","tag-stadtbahn","tag-stuttgart","tag-stuttgart-wangen","tag-u9","tag-unfall","tag-zusammenstoss"],"share_on_mastodon":{"url":"https:\/\/pubeurope.com\/@de\/116154430138447310","error":""},"_links":{"self":[{"href":"https:\/\/www.europesays.com\/de\/wp-json\/wp\/v2\/posts\/835010","targetHints":{"allow":["GET"]}}],"collection":[{"href":"https:\/\/www.europesays.com\/de\/wp-json\/wp\/v2\/posts"}],"about":[{"href":"https:\/\/www.europesays.com\/de\/wp-json\/wp\/v2\/types\/post"}],"author":[{"embeddable":true,"href":"https:\/\/www.europesays.com\/de\/wp-json\/wp\/v2\/users\/2"}],"replies":[{"embeddable":true,"href":"https:\/\/www.europesays.com\/de\/wp-json\/wp\/v2\/comments?post=835010"}],"version-history":[{"count":0,"href":"https:\/\/www.europesays.com\/de\/wp-json\/wp\/v2\/posts\/835010\/revisions"}],"wp:featuredmedia":[{"embeddable":true,"href":"https:\/\/www.europesays.com\/de\/wp-json\/wp\/v2\/media\/835011"}],"wp:attachment":[{"href":"https:\/\/www.europesays.com\/de\/wp-json\/wp\/v2\/media?parent=835010"}],"wp:term":[{"taxonomy":"category","embeddable":true,"href":"https:\/\/www.europesays.com\/de\/wp-json\/wp\/v2\/categories?post=835010"},{"taxonomy":"post_tag","embeddable":true,"href":"https:\/\/www.europesays.com\/de\/wp-json\/wp\/v2\/tags?post=835010"}],"curies":[{"name":"wp","href":"https:\/\/api.w.org\/{rel}","templated":true}]}}