{"id":835080,"date":"2026-03-01T15:14:17","date_gmt":"2026-03-01T15:14:17","guid":{"rendered":"https:\/\/www.europesays.com\/de\/835080\/"},"modified":"2026-03-01T15:14:17","modified_gmt":"2026-03-01T15:14:17","slug":"das-war-der-erste-osterbasar-fuer-kunsthandwerker-im-landkreis-augsburg","status":"publish","type":"post","link":"https:\/\/www.europesays.com\/de\/835080\/","title":{"rendered":"Das war der erste Osterbasar f\u00fcr Kunsthandwerker im Landkreis Augsburg"},"content":{"rendered":"<p class=\"mb-6 text-xs md:text-m lg:text-l font-serif group-[.font-sans]:font-sans \">\n    Ja, ist denn schon Ostern? Nein, eigentlich nicht. Doch der Stadtberger Ostermarkt rund um den B\u00fcrgersaal hat gute Erfahrungen damit gemacht, einer der ersten im Reigen von Basaren und Hobbyk\u00fcnstlerm\u00e4rkten zu sein. Deshalb boten bereits am gerade vergangenen Wochenende rund 30 Kunsthandwerker ihre Waren vor und im B\u00fcrgersaal an. Zu finden gab es vor allem Dekoartikel. Eine von ihnen war Birgit Meitinger, die Osterkerzen angeboten hat (im Bild). Am Sonntag kan ein Familienflohmarkt auf dem Gel\u00e4nde der Parkschule gegen\u00fcber hinzu. An den beiden Nachmittagen gab es zudem Musik mit der HeArt Men Band bei einem Open-Air-Konzert. (AZ)\n  <\/p>\n<ul data-module-id=\"DragDropModule\" class=\"flex flex-wrap justify-start group-[.no-bookmarks]:hidden\">\n<li class=\"mb-3 mr-3\">\n    Ostern<\/p>\n<p>      Icon Haken im Kreis gesetzt<\/p>\n<p>      Icon Plus im Kreis<\/p>\n<\/li>\n<li class=\"mb-3 mr-3\">\n    Stadtbergen<\/p>\n<p>      Icon Haken im Kreis gesetzt<\/p>\n<p>      Icon Plus im Kreis<\/p>\n<\/li>\n<li class=\"mb-3 mr-3\">\n    Schmuck<\/p>\n<p>      Icon Haken im Kreis gesetzt<\/p>\n<p>      Icon Plus im Kreis<\/p>\n<\/li>\n<\/ul>\n","protected":false},"excerpt":{"rendered":"Ja, ist denn schon Ostern? Nein, eigentlich nicht. Doch der Stadtberger Ostermarkt rund um den B\u00fcrgersaal hat gute&hellip;\n","protected":false},"author":2,"featured_media":835081,"comment_status":"","ping_status":"","sticky":false,"template":"","format":"standard","meta":{"footnotes":"","_share_on_mastodon":"0"},"categories":[1846],"tags":[680,772,186472,138062,3364,29,548,663,3934,169550,30,13,14,15,8019,2454,12,2399,137674],"class_list":["post-835080","post","type-post","status-publish","format-standard","has-post-thumbnail","category-augsburg","tag-augsburg","tag-bayern","tag-birgit-meitinger","tag-buergersaal","tag-de","tag-deutschland","tag-eu","tag-europa","tag-europe","tag-familienflohmarkt","tag-germany","tag-headlines","tag-nachrichten","tag-news","tag-ostermarkt","tag-ostern","tag-schlagzeilen","tag-schmuck","tag-stadtbergen"],"share_on_mastodon":{"url":"https:\/\/pubeurope.com\/@de\/116154575478848808","error":""},"_links":{"self":[{"href":"https:\/\/www.europesays.com\/de\/wp-json\/wp\/v2\/posts\/835080","targetHints":{"allow":["GET"]}}],"collection":[{"href":"https:\/\/www.europesays.com\/de\/wp-json\/wp\/v2\/posts"}],"about":[{"href":"https:\/\/www.europesays.com\/de\/wp-json\/wp\/v2\/types\/post"}],"author":[{"embeddable":true,"href":"https:\/\/www.europesays.com\/de\/wp-json\/wp\/v2\/users\/2"}],"replies":[{"embeddable":true,"href":"https:\/\/www.europesays.com\/de\/wp-json\/wp\/v2\/comments?post=835080"}],"version-history":[{"count":0,"href":"https:\/\/www.europesays.com\/de\/wp-json\/wp\/v2\/posts\/835080\/revisions"}],"wp:featuredmedia":[{"embeddable":true,"href":"https:\/\/www.europesays.com\/de\/wp-json\/wp\/v2\/media\/835081"}],"wp:attachment":[{"href":"https:\/\/www.europesays.com\/de\/wp-json\/wp\/v2\/media?parent=835080"}],"wp:term":[{"taxonomy":"category","embeddable":true,"href":"https:\/\/www.europesays.com\/de\/wp-json\/wp\/v2\/categories?post=835080"},{"taxonomy":"post_tag","embeddable":true,"href":"https:\/\/www.europesays.com\/de\/wp-json\/wp\/v2\/tags?post=835080"}],"curies":[{"name":"wp","href":"https:\/\/api.w.org\/{rel}","templated":true}]}}