{"id":835167,"date":"2026-03-01T16:01:12","date_gmt":"2026-03-01T16:01:12","guid":{"rendered":"https:\/\/www.europesays.com\/de\/835167\/"},"modified":"2026-03-01T16:01:12","modified_gmt":"2026-03-01T16:01:12","slug":"illegales-autorennen-auf-a66-vier-menschen-verletzt","status":"publish","type":"post","link":"https:\/\/www.europesays.com\/de\/835167\/","title":{"rendered":"Illegales Autorennen auf A66 \u2013 Vier Menschen verletzt"},"content":{"rendered":"<p>Bei Frankfurt <\/p>\n<p>Waghalsiges Autorennen auf A66: Vier Menschen verletzt<\/p>\n<p>01.03.2026 &#8211; 14:15 UhrLesedauer: 1 Min.<\/p>\n<p><a href=\"#focus-0\" class=\"transition-colors duration-200 block text-current relative\" data-sctrack=\"FocusGalleryImage.Reference\"><img fetchpriority=\"high\" data-testid=\"Opener.Image\" style=\"--lqipURL:url('https:\/\/images.t-online.de\/2022\/03\/91770160v2\/0x0:640x360\/fit-in\/150x0\/filters:blur(25)\/raser-auf-der-autobahn.jpg')\"   loading=\"eager\" src=\"https:\/\/www.europesays.com\/de\/wp-content\/uploads\/2026\/03\/raser-auf-der-autobahn.jpg\" alt=\"Autoraser\" title=\"Autoraser\" width=\"640\" height=\"360\" class=\"bg-[url:var(--lqipURL)] bg-cover bg-center flex h-full w-full max-w-full\" decoding=\"async\"\/><img style=\"--width:32;--height:32\" loading=\"lazy\" src=\"https:\/\/frankfurt.t-online.de\/s\/paper\/_next\/static\/media\/zoom-in.f7dae02f.svg\" alt=\"Vergr\u00f6\u00dfern des Bildes\" title=\"Vergr\u00f6\u00dfern des Bildes\" class=\"block h-[calc(var(--height)_\/_16_*_1rem)] w-[calc(var(--width)_\/_16_*_1rem)] max-w-none absolute bottom-8 right-8 rounded-4 bg-snow p-8\" decoding=\"async\"\/><\/a><\/p>\n<p>Raser auf der Autobahn (Symbolbild): Durch gemeingef\u00e4hrliche Man\u00f6ver sind auf einer Autobahn bei Frankfurt vier Menschen verletzt worden. (Quelle: Frank Rumpenhorst\/dpa\/Symbolbild\/dpa)<\/p>\n<p class=\"font-bold text-18 leading-17 user-text-lg:text-22 user-text-xl:text-24\">Zwei Raser liefern sich offenbar ein illegales Rennen mit gef\u00e4hrlichen Man\u00f6vern. Schlie\u00dflich kommt es zu einem Unfall mit einem Unbeteiligten. Jetzt fahndet die Polizei.<\/p>\n<p class=\"text-18 leading-17 user-text-lg:text-22 user-text-xl:text-24\">Bei einem Unfall auf der A66 bei Frankfurt sind am Samstag vier Menschen leicht verletzt worden. Die Polizei ermittelt wegen eines mutma\u00dflichen illegalen Autorennens und fahndet nach einem Beteiligten.<\/p>\n<p class=\"text-18 leading-17 user-text-lg:text-22 user-text-xl:text-24\">Nach aktuellen Erkenntnissen der Polizei sollen ein 33-j\u00e4hriger Audi-Fahrer und der Fahrer eines schwarzen BMWs gegen 12.25 Uhr ein Rennen gefahren sein. Der Vorfall ereignete sich zwischen Zeilsheim und der Anschlussstelle Kelkheim. Beide sollen sich mehrfach rechts \u00fcberholt und die Geschwindigkeitsbeschr\u00e4nkungen deutlich \u00fcberschritten haben. Andere Verkehrsteilnehmer sollen per Lichthupe zum Spurwechsel gedr\u00e4ngt worden sein.<\/p>\n<p class=\"text-18 leading-17 user-text-lg:text-22 user-text-xl:text-24\">Der Audi-Fahrer sei kurz vor der Anschlussstelle Kelkheim einem unbeteiligten BMW-Fahrer aufgefahren. Beide Fahrzeuge seien ins Schleudern geraten und gegen Betongleitw\u00e4nde geprallt. Ein drittes Auto wurde durch Tr\u00fcmmerteile besch\u00e4digt. In beiden verungl\u00fcckten Fahrzeugen sa\u00dfen auch Beifahrerinnen, die verletzt wurden. Alle vier Insassen erlitten leichte Verletzungen.<\/p>\n<p class=\"text-18 leading-17 user-text-lg:text-22 user-text-xl:text-24\">Der zweite mutma\u00dfliche Raser habe sich unerlaubt vom Unfallort entfernt. Nach ihm wird gefahndet. Er soll einen schwarzen BMW M5 Coup\u00e9 gefahren haben. Das Kennzeichen beginnt nach aktuellem Ermittlungsstand mit MTK-N.<\/p>\n<p class=\"text-18 leading-17 user-text-lg:text-22 user-text-xl:text-24\">Hinweise nimmt die Polizei unter 069\/755-46400 entgegen.<\/p>\n","protected":false},"excerpt":{"rendered":"Bei Frankfurt Waghalsiges Autorennen auf A66: Vier Menschen verletzt 01.03.2026 &#8211; 14:15 UhrLesedauer: 1 Min. Raser auf der&hellip;\n","protected":false},"author":2,"featured_media":835168,"comment_status":"","ping_status":"","sticky":false,"template":"","format":"standard","meta":{"footnotes":"","_share_on_mastodon":"0"},"categories":[1829],"tags":[722,17161,513,4188,29,514,2050,2051,30,2052,13022,121,1284],"class_list":["post-835167","post","type-post","status-publish","format-standard","has-post-thumbnail","category-frankfurt-am-main","tag-722","tag-17161","tag-auto","tag-autorennen","tag-deutschland","tag-fahrzeug","tag-frankfurt","tag-frankfurt-am-main","tag-germany","tag-hessen","tag-kelkheim","tag-polizei","tag-unfall"],"share_on_mastodon":{"url":"https:\/\/pubeurope.com\/@de\/116154760394803369","error":""},"_links":{"self":[{"href":"https:\/\/www.europesays.com\/de\/wp-json\/wp\/v2\/posts\/835167","targetHints":{"allow":["GET"]}}],"collection":[{"href":"https:\/\/www.europesays.com\/de\/wp-json\/wp\/v2\/posts"}],"about":[{"href":"https:\/\/www.europesays.com\/de\/wp-json\/wp\/v2\/types\/post"}],"author":[{"embeddable":true,"href":"https:\/\/www.europesays.com\/de\/wp-json\/wp\/v2\/users\/2"}],"replies":[{"embeddable":true,"href":"https:\/\/www.europesays.com\/de\/wp-json\/wp\/v2\/comments?post=835167"}],"version-history":[{"count":0,"href":"https:\/\/www.europesays.com\/de\/wp-json\/wp\/v2\/posts\/835167\/revisions"}],"wp:featuredmedia":[{"embeddable":true,"href":"https:\/\/www.europesays.com\/de\/wp-json\/wp\/v2\/media\/835168"}],"wp:attachment":[{"href":"https:\/\/www.europesays.com\/de\/wp-json\/wp\/v2\/media?parent=835167"}],"wp:term":[{"taxonomy":"category","embeddable":true,"href":"https:\/\/www.europesays.com\/de\/wp-json\/wp\/v2\/categories?post=835167"},{"taxonomy":"post_tag","embeddable":true,"href":"https:\/\/www.europesays.com\/de\/wp-json\/wp\/v2\/tags?post=835167"}],"curies":[{"name":"wp","href":"https:\/\/api.w.org\/{rel}","templated":true}]}}