{"id":835213,"date":"2026-03-01T16:26:20","date_gmt":"2026-03-01T16:26:20","guid":{"rendered":"https:\/\/www.europesays.com\/de\/835213\/"},"modified":"2026-03-01T16:26:20","modified_gmt":"2026-03-01T16:26:20","slug":"antisemitismusbeauftragter-felix-klein-warnt-vor-bedrohung-fuer-juden-in-deutschland","status":"publish","type":"post","link":"https:\/\/www.europesays.com\/de\/835213\/","title":{"rendered":"Antisemitismusbeauftragter: Felix Klein warnt vor Bedrohung f\u00fcr Juden in Deutschland"},"content":{"rendered":"<p class=\"paragraph article__item\">Die Eskalation im Irankonflikt f\u00fchrt nach Einsch\u00e4tzung des Antisemitismusbeauftragten der <a class=\"rtr-entity\" href=\"https:\/\/www.zeit.de\/thema\/bundesregierung\" rel=\"nofollow noopener\" target=\"_blank\">Bundesregierung<\/a>, Felix Klein, zu einer erh\u00f6hten Bedrohungslage f\u00fcr J\u00fcdinnen und Juden in Deutschland. &#8222;Insbesondere nach der <a href=\"https:\/\/www.zeit.de\/politik\/ausland\/2026-03\/iran-usa-israel-angriff-toetungen-gxe\" target=\"_blank\" rel=\"nofollow noopener\">T\u00f6tung des iranischen Revolutionsf\u00fchrers Ali Chamenei<\/a> ist damit zu rechnen, dass der Iran seine Netzwerke hierzulande f\u00fcr Terroranschl\u00e4ge gegen j\u00fcdische und israelische Einrichtungen nutzen wird&#8220;, sagte Klein den Zeitungen der Funke Mediengruppe.<\/p>\n<p class=\"paragraph article__item\">Den Mechanismus zwischen erh\u00f6hten Spannungen im Nahen Osten und verst\u00e4rkten Angriffen auf j\u00fcdisches Leben in Europa habe man in der Vergangenheit immer wieder gesehen, sagte Klein. &#8222;Ich begr\u00fc\u00dfe es sehr, dass unsere Sicherheitskr\u00e4fte Vorkehrungen getroffen haben, um einen verst\u00e4rkten Schutz j\u00fcdischer und israelischer Einrichtungen zu erm\u00f6glichen.&#8220;\n<\/p>\n<p>        Warnung vor Vergeltung durch iranische Schl\u00e4ferzellen        <\/p>\n<p class=\"paragraph article__item\">Auch der Vorsitzende des Bundestagsgremiums zur Kontrolle der Geheimdienste, Marc Henrichmann, mahnte zur Wachsamkeit. &#8222;Vergeltungsma\u00dfnahmen, auch durch iranische Schl\u00e4ferzellen in Europa&#8220;, seien nicht auszuschlie\u00dfen, sagte der CDU-Politiker der S\u00fcddeutschen Zeitung. Das iranische Regime habe in der Vergangenheit wiederholt gezeigt, dass es seinen Terror auch au\u00dferhalb der eigenen Grenzen austrage. F\u00fcr Panik gebe es wegen der bestehenden Schutzma\u00dfnahmen aber keinen Grund.\n<\/p>\n<p class=\"paragraph article__item\">Das Bundesinnenministerium hatte am Samstag mitgeteilt, die Gef\u00e4hrdungslage werde beobachtet und Schutzma\u00dfnahmen bei Bedarf angepasst. Grunds\u00e4tzlich falle der Schutz j\u00fcdischer Einrichtungen allerdings in die Zust\u00e4ndigkeit der L\u00e4nder, sagte ein Sprecher.\n<\/p>\n<p>        Irans Pr\u00e4sident spricht von &#8222;Kriegserkl\u00e4rung an Muslime&#8220;        <\/p>\n<p class=\"paragraph article__item\">Der <a class=\"rtr-entity\" href=\"https:\/\/www.zeit.de\/thema\/iran\" rel=\"nofollow noopener\" target=\"_blank\">Iran<\/a> hat auf die israelisch-amerikanischen Angriffe bereits mit zahlreichen Attacken auf Israel, US-Milit\u00e4rbasen sowie arabische Staaten in der Golfregion reagiert. Irans Pr\u00e4sident Massud Peseschkian sprach mit Blick auf die T\u00f6tung <a href=\"https:\/\/www.zeit.de\/politik\/ausland\/2026-03\/iran-praesident-kriegserklaerung-muslime\" target=\"_blank\" rel=\"nofollow noopener\">Chameneis von einer &#8222;Kriegserkl\u00e4rung an die Muslime&#8220;<\/a> weltweit und k\u00fcndigte Rache an. Insbesondere die Schiiten in aller Welt w\u00fcrden Chameneis T\u00f6tung als Angriff auch auf sich werten, sagte Peseschkian. Dies lasse sich auch als Aufruf zu Anschl\u00e4gen lesen, sagte er weiter.\n<\/p>\n<p>                            \u00a9\u00a0Lea Dohle<\/p>\n<p>\n                                        Newsletter<br \/>\n                                        Was jetzt? \u2013 Der t\u00e4gliche Morgen\u00fcberblick<\/p>\n<p class=\"newsletter-signup__text\">Starten Sie mit unserem kurzen Nachrichten-Newsletter in den Tag. Erhalten Sie zudem freitags das digitale Magazin ZEIT am Wochenende.<\/p>\n<p class=\"newsletter-signup__datapolicy\" hidden=\"\">\n            Mit Ihrer Registrierung nehmen Sie die <a href=\"https:\/\/datenschutz.zeit.de\/zon#Newsletter\" target=\"_blank\" rel=\"nofollow noopener\">Datenschutzerkl\u00e4rung<\/a> zur Kenntnis.\n        <\/p>\n<p>    Vielen Dank! Wir haben Ihnen eine E-Mail geschickt.<\/p>\n<p>Pr\u00fcfen Sie Ihr Postfach und best\u00e4tigen Sie das Newsletter-Abonnement.<\/p>\n<p class=\"paragraph article__item\">In einigen muslimisch gepr\u00e4gten L\u00e4ndern gab es bereits Aufst\u00e4nde vor US-Vertretungen. Bei einem Angriff auf das US-Konsulat im pakistanischen Karatschi wurden <a href=\"https:\/\/www.zeit.de\/politik\/ausland\/2026-03\/proteste-pakistan-irak-us-konsulat-karachi-bagdad\" target=\"_blank\" rel=\"nofollow noopener\">mindestens neun Menschen get\u00f6tet<\/a>.\n<\/p>\n<p class=\"paragraph article__item\">Chamenei war am Samstag bei den israelisch-amerikanischen Angriffen im Iran get\u00f6tet worden. Er herrschte rund 37 Jahre lang im Iran. Peseschkian und zwei weitere Regimevertreter sollen w\u00e4hrend einer \u00dcbergangsphase die <a href=\"https:\/\/www.zeit.de\/politik\/ausland\/2026-03\/iran-ali-chamenei-tod-uebergangsrat-reza-pahlavi-gxe\" target=\"_blank\" rel=\"nofollow noopener\">F\u00fchrung des Landes \u00fcbernehmen<\/a>.\n<\/p>\n<p class=\"paragraph article__item\"><a href=\"https:\/\/www.zeit.de\/politik\/ausland\/2026-01\/israel-iran-angriff-usa-liveblog\" target=\"_blank\" rel=\"nofollow noopener\">Verfolgen Sie die aktuellen Entwicklungen im Irankonflikt auch in unserem Liveblog.<\/a><\/p>\n","protected":false},"excerpt":{"rendered":"Die Eskalation im Irankonflikt f\u00fchrt nach Einsch\u00e4tzung des Antisemitismusbeauftragten der Bundesregierung, Felix Klein, zu einer erh\u00f6hten Bedrohungslage f\u00fcr&hellip;\n","protected":false},"author":2,"featured_media":835214,"comment_status":"","ping_status":"","sticky":false,"template":"","format":"standard","meta":{"footnotes":"","_share_on_mastodon":"0"},"categories":[2],"tags":[64355,712,10346,1173,29,30,13,345,2119,14,15,16,12,10,8,9,11],"class_list":["post-835213","post","type-post","status-publish","format-standard","has-post-thumbnail","category-deutschland","tag-ali-chamenei","tag-antisemitismus","tag-antisemitismusbeauftragter","tag-bundesregierung","tag-deutschland","tag-germany","tag-headlines","tag-iran","tag-judentum","tag-nachrichten","tag-news","tag-politik","tag-schlagzeilen","tag-top-news","tag-top-meldungen","tag-topmeldungen","tag-topnews"],"share_on_mastodon":{"url":"https:\/\/pubeurope.com\/@de\/116154858687265402","error":""},"_links":{"self":[{"href":"https:\/\/www.europesays.com\/de\/wp-json\/wp\/v2\/posts\/835213","targetHints":{"allow":["GET"]}}],"collection":[{"href":"https:\/\/www.europesays.com\/de\/wp-json\/wp\/v2\/posts"}],"about":[{"href":"https:\/\/www.europesays.com\/de\/wp-json\/wp\/v2\/types\/post"}],"author":[{"embeddable":true,"href":"https:\/\/www.europesays.com\/de\/wp-json\/wp\/v2\/users\/2"}],"replies":[{"embeddable":true,"href":"https:\/\/www.europesays.com\/de\/wp-json\/wp\/v2\/comments?post=835213"}],"version-history":[{"count":0,"href":"https:\/\/www.europesays.com\/de\/wp-json\/wp\/v2\/posts\/835213\/revisions"}],"wp:featuredmedia":[{"embeddable":true,"href":"https:\/\/www.europesays.com\/de\/wp-json\/wp\/v2\/media\/835214"}],"wp:attachment":[{"href":"https:\/\/www.europesays.com\/de\/wp-json\/wp\/v2\/media?parent=835213"}],"wp:term":[{"taxonomy":"category","embeddable":true,"href":"https:\/\/www.europesays.com\/de\/wp-json\/wp\/v2\/categories?post=835213"},{"taxonomy":"post_tag","embeddable":true,"href":"https:\/\/www.europesays.com\/de\/wp-json\/wp\/v2\/tags?post=835213"}],"curies":[{"name":"wp","href":"https:\/\/api.w.org\/{rel}","templated":true}]}}