{"id":835451,"date":"2026-03-01T18:36:13","date_gmt":"2026-03-01T18:36:13","guid":{"rendered":"https:\/\/www.europesays.com\/de\/835451\/"},"modified":"2026-03-01T18:36:13","modified_gmt":"2026-03-01T18:36:13","slug":"katastrophale-niederlage-gegen-asc-09-dortmund-%c2%96-uebles-ergebnis-fuer-tsg-sprockhoevel","status":"publish","type":"post","link":"https:\/\/www.europesays.com\/de\/835451\/","title":{"rendered":"Katastrophale Niederlage gegen ASC 09 Dortmund \u0096 \u00fcbles Ergebnis f\u00fcr TSG Sprockh\u00f6vel"},"content":{"rendered":"<p>                                Spielinfos:<br \/>\nDatum &amp; Uhrzeit: 01.03.2026 15.00 Uhr<br \/>Austragungsort: Dortmund<br \/>Wettbewerb: Oberliga Westfalen<br \/>Spieltag: 24<\/p>\n<p>Spielbericht: ASC 09 Dortmund gegen TSG Sprockh\u00f6vel 8:0 (2:0)<\/p>\n<p id=\"absatz2\" class=\"em_text\">Dortmund. Ein hervorragendes Heimspiel legen die Dortmunder am Sonntag gegen die gegnerische Mannschaft aus Sprockh\u00f6vel hin: Acht B\u00e4lle kann das Team von Hamza El Hamdi, Rafik Halim der TSG Sprockh\u00f6vel ins Netz dr\u00fccken.<\/p>\n<p id=\"absatz3\" class=\"em_text\">Die Dortmunder Hausherren lassen nichts anbrennen. Dank Maximilian Podehl liegt das Team bereits in Minute neun vorne. Das zweite Tor folgt in Spielminute 30: Diesmal setzt Rafael Camprobin Corchero die Kugel ins Netz. Der Siegeszug der Dortmunder bricht nicht ab. Einen Ball nach dem anderen versenkt das Team von Trainer Hamza El Hamdi; Rafik Halim im gegnerischen Tor. Maximilian Podehl trifft in Minute 55, Elias Boadi Opoku in Minute 61, Dan Tshibaka Tshimanga zweimal in Minute 71 und 79 und Rafael Camprobin Corchero in Minute 80. Es steht 7:0 f\u00fcr den ASC 09 Dortmund.<\/p>\n<p id=\"absatz4\" class=\"em_text\">Den Dortmundern gelingt es ganz knapp vor Ende der Partie, noch einmal einzunetzen und den Abstand auszubauen. Dan Tshibaka Tshimanga kann zwei Minuten vor Schlusspfiff erneut abschlie\u00dfen. Der ASC 09 Dortmund kann als zufriedener Sieger vom Platz gehen.<\/p>\n<p>Die Aufstellungen: ASC 09 Dortmund &#8211; TSG Sprockh\u00f6vel<br \/>\nASC 09 Dortmund: Maximilian Podehl (13), Elias Boadi Opoku (11), Mats Wilkesmann (4), Jan Stuhldreier (7), Rafael Camprobin Corchero (24), Florian Rausch (23), Lars Warschewski (10), Jannik Urban (8), Keanu Diskau (12), Jan-Patrick Friedrich (5), Joel Nickel (1)<br \/>TSG Sprockh\u00f6vel: Azmir Alisic (21), Eron Morina (14), Aleksandar Dimitrov (18), Zakaria Anhari (25), Oussama Anhari (11), Jonah Husseck (28), Agon Arifi (7), Ishak Dogan (15), Cihat Topatan (2), Max Michels (6), Ibrahim Bulut (8)<br \/>Schiedsrichter: Niklas Simpson<\/p>\n<p id=\"absatz5\" class=\"em_text\">Assistent: Maik Echelmeyer<\/p>\n<p id=\"absatz6\" class=\"em_text\">Assistent: Mahsum Iciger<\/p>\n<p id=\"absatz7\" class=\"em_text\" style=\"font-size: .8em;\">Die Inhalte dieses Berichts wurden automatisch auf der Basis von DFB-Daten zusammengestellt.<\/p>\n","protected":false},"excerpt":{"rendered":"Spielinfos: Datum &amp; Uhrzeit: 01.03.2026 15.00 UhrAustragungsort: DortmundWettbewerb: Oberliga WestfalenSpieltag: 24 Spielbericht: ASC 09 Dortmund gegen TSG Sprockh\u00f6vel&hellip;\n","protected":false},"author":2,"featured_media":835452,"comment_status":"","ping_status":"","sticky":false,"template":"","format":"standard","meta":{"footnotes":"","_share_on_mastodon":"0"},"categories":[1833],"tags":[98762,24794,7763,3364,29,217,31951,5282,30,186531,31950,734,7774,1613,1209,12006,17712,7773,301,7765,7764,8404],"class_list":["post-835451","post","type-post","status-publish","format-standard","has-post-thumbnail","category-dortmund","tag-sprockhvel","tag-asc-09-dortmund","tag-austragungsort","tag-de","tag-deutschland","tag-dortmund","tag-elias-boadi","tag-fuball","tag-germany","tag-hamza-el-hamdi","tag-maximilian-podehl","tag-meta_artikelklasse_nachricht","tag-meta_themen_sport","tag-meta_userneeds_informieremich","tag-nordrhein-westfalen","tag-oberliga","tag-serie_ligaid_210198","tag-serie_ligaid_all","tag-spielbericht","tag-spielinfo","tag-uhrzeit","tag-westfalen"],"share_on_mastodon":{"url":"https:\/\/pubeurope.com\/@de\/116155369929283661","error":""},"_links":{"self":[{"href":"https:\/\/www.europesays.com\/de\/wp-json\/wp\/v2\/posts\/835451","targetHints":{"allow":["GET"]}}],"collection":[{"href":"https:\/\/www.europesays.com\/de\/wp-json\/wp\/v2\/posts"}],"about":[{"href":"https:\/\/www.europesays.com\/de\/wp-json\/wp\/v2\/types\/post"}],"author":[{"embeddable":true,"href":"https:\/\/www.europesays.com\/de\/wp-json\/wp\/v2\/users\/2"}],"replies":[{"embeddable":true,"href":"https:\/\/www.europesays.com\/de\/wp-json\/wp\/v2\/comments?post=835451"}],"version-history":[{"count":0,"href":"https:\/\/www.europesays.com\/de\/wp-json\/wp\/v2\/posts\/835451\/revisions"}],"wp:featuredmedia":[{"embeddable":true,"href":"https:\/\/www.europesays.com\/de\/wp-json\/wp\/v2\/media\/835452"}],"wp:attachment":[{"href":"https:\/\/www.europesays.com\/de\/wp-json\/wp\/v2\/media?parent=835451"}],"wp:term":[{"taxonomy":"category","embeddable":true,"href":"https:\/\/www.europesays.com\/de\/wp-json\/wp\/v2\/categories?post=835451"},{"taxonomy":"post_tag","embeddable":true,"href":"https:\/\/www.europesays.com\/de\/wp-json\/wp\/v2\/tags?post=835451"}],"curies":[{"name":"wp","href":"https:\/\/api.w.org\/{rel}","templated":true}]}}