{"id":835633,"date":"2026-03-01T20:13:20","date_gmt":"2026-03-01T20:13:20","guid":{"rendered":"https:\/\/www.europesays.com\/de\/835633\/"},"modified":"2026-03-01T20:13:20","modified_gmt":"2026-03-01T20:13:20","slug":"wenn-die-iraner-befreit-sind-werden-wir-die-besten-freunde-israels-in-der-region","status":"publish","type":"post","link":"https:\/\/www.europesays.com\/de\/835633\/","title":{"rendered":"\u201eWenn die Iraner befreit sind, werden wir die besten Freunde Israels in der Region\u201c"},"content":{"rendered":"<p class=\"tspCCnp tspCCnq\">Nach dem israelisch-amerikanischen Angriff auf den Iran am Samstag haben am Sonntag nach Angaben der Polizei rund 1800 Menschen am Pariser Platz in Berlin demonstriert. Die Anmelder der Demo mit dem Titel \u201eFreiheit f\u00fcr Iran unter F\u00fchrung von Prinz Reza Pahlavi\u201c hatten 5000 Teilnehmende erwartet. Pahlavi ist der \u00e4lteste Sohn des 1979 gest\u00fcrzten letzten Schahs von Persien. Sein autorit\u00e4r regierender Vater hatte ihn einst zum Kronprinzen ernannt. Pahlavi lebt seit Jahrzehnten im Exil in den USA. In den sozialen Medien hat er sich ein Millionenpublikum aufgebaut und gilt inzwischen als eine der einflussreichsten Oppositionsstimmen im Ausland.<\/p>\n<p class=\"tspCCnp\">Die Stimmung am Brandenburger Tor war ausgelassen, immer wieder waren \u201eSchah\u201c-Rufe und Jubelschreie zu h\u00f6ren. Zu sehen waren zahlreiche Iran-Flaggen, vereinzelt auch Israel-Flaggen. <\/p>\n<p>Tagesspiegel Checkpoint: Berlins beliebtester Newsletter<\/p>\n<p><img decoding=\"async\" src=\"https:\/\/www.europesays.com\/de\/wp-content\/uploads\/2025\/04\/cp-icon.png\" alt=\"\" class=\"tspC2ho\"\/><\/p>\n<p class=\"tspC2p7\"> Der schnellste Berlin-\u00dcberblick von Montag bis Samstag. <\/p>\n<p class=\"tspCCnp\">Zu der Demonstration kam beispielsweise Asoudeh Paresh, um ihre Solidarit\u00e4t mit den Iranerinnen und Iranern zu zeigen. Die Zahn\u00e4rztin bezeichnete den Milit\u00e4rschlag als einen \u201eBefreiungsschlag f\u00fcr das iranische Volk\u201c. Das Land habe die internationale Intervention gebraucht. Die 52-J\u00e4hrige wurde im Iran geboren. \u201eIch habe damals die Revolution mitbekommen\u201c, sagte Paresh, die mit knapp zw\u00f6lf Jahren nach Deutschland kam.<\/p>\n<p><img decoding=\"async\" src=\"https:\/\/www.europesays.com\/de\/wp-content\/uploads\/2026\/03\/asoudeh-paresh-52-zahnarztin.jpeg\"   alt=\"Asoudeh Paresh, 52, Zahn\u00e4rztinKen M\u00fcnster\" aria-labelledby=\"caption-15305918\" width=\"440\" height=\"330\" loading=\"lazy\" class=\"tspA4jj\"\/> Die 52-j\u00e4hrige Asoudeh Paresh nannte den Angriff einen \u201eBefreiungsschlag\u201c. <\/p>\n<p class=\"tspAJgq\"> \u00a9 Ken M\u00fcnster <\/p>\n<p class=\"tspCCnp\">\u201eIch bin kein gro\u00dfer Freund von der israelischen Regierung. Ich bin kein gro\u00dfer Freund von Trumps Regierung. Ich wei\u00df nur: Das war die einzige M\u00f6glichkeit, den Menschen im Iran eine Hoffnung von Freiheit zu schenken\u201c, sagte Paresh. <\/p>\n<p><img decoding=\"async\" src=\"https:\/\/www.europesays.com\/de\/wp-content\/uploads\/2026\/03\/-.jpeg\"   alt=\"A man with a US flag attends a demonstration in front of the Brandenburger Gate in Berlin, on March 1, 2026. The United States and Israel launched strikes against Iran on February 28, sparking fears of regional war with explosions reported across the Middle East as the Islamic republic retaliated with barrages of missiles. (Photo by Tobias SCHWARZ \/ AFP)\" aria-labelledby=\"caption-15306014\" width=\"440\" height=\"330\" loading=\"lazy\" class=\"tspA4jj\"\/> Ein Mann schwenkte auf der Demo vor dem Brandenburger Tor eine US-Flagge. <\/p>\n<p class=\"tspAJgq\"> \u00a9 AFP\/TOBIAS SCHWARZ <\/p>\n<p class=\"tspCCnp\">Dutzende Menschen kamen im Kreis zusammen und tanzten, die Menge skandierte auf Farsi: \u201eChamenei wurde beerdigt!\u201c Immer wieder riefen die Menschen: \u201eSchah! Schah!\u201c<\/p>\n<p><img decoding=\"async\" src=\"https:\/\/www.europesays.com\/de\/wp-content\/uploads\/2026\/03\/1772396000_950_img-8544.jpeg\"   alt=\"\" aria-labelledby=\"caption-15305970\" width=\"440\" height=\"330\" loading=\"lazy\" class=\"tspA4jj\"\/> Jubelschreie und Freudent\u00e4nze auf der Iran-Demo am Pariser Platz. <\/p>\n<p class=\"tspAJgq\"> \u00a9 Ken M\u00fcnster <\/p>\n<p class=\"tspCCnp\">Auf Transparenten standen Slogans wie \u201eFuck Khamenei\u201c, \u201eReza Pahlavi \u2013 Our Voice\u201c und \u201eNo Deal With The Mullahs, No More Ayatollah\u201c. Die Stimmung war gel\u00f6st, Trommelschl\u00e4ge und Vuvuzela-Tr\u00f6ten waren zu h\u00f6ren, zwischendurch immer wieder: \u201eIran!\u201c<\/p>\n<p>Fl\u00fcge in den Nahen Osten gestrichen<\/p>\n<p class=\"tspCCnp\">Alle Abfl\u00fcge und alle Ank\u00fcnfte aus dem Nahen Osten am <strong>Flughafen Berlin-Brandenburg (BER)<\/strong> sind am Sonntag gestrichen worden. Der Luftraum ist geschlossen.<\/p>\n<p class=\"tspCCnp\">Es handelt sich um zwei Ank\u00fcnfte und zwei Abfl\u00fcge aus Doha, jeweils drei Abfl\u00fcge und Ank\u00fcnfte aus Tel Aviv und zwei Ank\u00fcnfte und drei Abfl\u00fcge nach Dubai. Nach Einsch\u00e4tzung eines Flughafensprechers ist es wahrscheinlich, dass weitere Fl\u00fcge gestrichen werden, sollte der <strong>Luftraum geschlossen<\/strong> bleiben. <\/p>\n<p class=\"tspCCnp\">Inzwischen betrifft das auch das Ziel Dschidda. Die Fluggesellschaften h\u00e4tten alle Verbindungen <strong>bis mindestens Montagvormittag<\/strong> abgesagt, so der BER-Sprecher. Betroffene Passagiere sollten sich \u00fcber die Webseiten ihrer Fluglinien informieren. (mit dpa)<\/p>\n<p> \u201eIch bin im Iran sehr oft verhaftet worden\u201c <\/p>\n<p class=\"tspCCnp\">Als die Nachricht vom Tode des iranischen Staatsoberhaupts Ali Chamenei kam, \u201esind wir geplatzt vor Freude\u201c, erz\u00e4hlte Demo-Teilnehmer Arash Taheri. \u201eWir haben gefeiert, getanzt.\u201c Zugleich blicke er mit Sorge auf die Zukunft des Irans: \u201eMein Gef\u00fchl sagt mir: Wir m\u00fcssen vorsichtig sein. Wenn es eine Machtl\u00fccke gibt, dann kommen vielleicht b\u00f6swillige Gestalten. Da m\u00fcssen wir Einheit bewahren.\u201c<\/p>\n<p class=\"tspCCnp\">Der 67-j\u00e4hrige Demoteilnehmer Reza S. sagte: \u201eWenn einer wie Chamenei \u00fcber 50.000 Leute auf dem Gewissen hat, dann muss man sich \u00fcber seinen Tod freuen. \u00dcber den Pr\u00e4ventivschlag Israels und die Angriffe der USA zeigte sich Reza S. erleichtert. \u201eWenn die Iraner erst mal befreit sind, werden wir die besten Freunde Israels in der Region sein\u201c, erkl\u00e4rte er.<\/p>\n<p class=\"tspCCnp\">Berlins Regierender B\u00fcrgermeister \u00e4u\u00dferte sich am Sonntag auf der Plattform X zu dem Milit\u00e4rschlag. \u201eKeine Mauer, kein Terrorregime halten dem Freiheitswillen eines Volkes ewig stand\u201c, schrieb Kai Wegner (CDU). \u201eDer Angriff auf die Mullah-Diktatur ist eine historische Chance f\u00fcr einen Neuanfang.\u201c Berlin stehe an der Seite der mutigen Menschen im Iran.<\/p>\n<p class=\"tspAEf2\">Empfohlener redaktioneller Inhalt<\/p>\n<p> An dieser Stelle finden Sie einen von unseren Redakteuren ausgew\u00e4hlten, externen Inhalt, der den Artikel f\u00fcr Sie mit zus\u00e4tzlichen Informationen anreichert. Sie k\u00f6nnen sich hier den externen Inhalt mit einem Klick anzeigen lassen oder wieder ausblenden. <\/p>\n<p> Externen Inhalt anzeigen <\/p>\n<p class=\"tspAEf8\"> Ich bin damit einverstanden, dass mir der externe Inhalt angezeigt wird. Damit k\u00f6nnen personenbezogene Daten an Drittplattformen \u00fcbermittelt werden.  Mehr Informationen dazu erhalten Sie in den Datenschutz-Einstellungen. Diese finden Sie ganz unten auf unserer Seite im Footer, sodass Sie Ihre Einstellungen jederzeit verwalten oder widerrufen k\u00f6nnen. <\/p>\n<p> Am Samstag hatten 1600 Menschen demonstriert <\/p>\n<p class=\"tspCCnp\"><a href=\"https:\/\/www.tagesspiegel.de\/berlin\/demonstration-in-berlin-nach-angriffen-im-iran-wir-danken-trump-wir-danken-bibi-netanjahu-15303916.html?icid=in-text-link_15304846\" class=\"link link--internal\" data-gtm-class=\"article-text-link\" data-gtm-val=\"internal\" rel=\"nofollow noopener\" target=\"_blank\">Bereits am Samstag hatten Hunderte Menschen f\u00fcr die \u201eFreiheit im Iran\u201c demonstriert<\/a>. Bei dem Demozug, der vom Potsdamer Platz zum Brandenburger Tor verlief, waren allerdings weitaus weniger Menschen gekommen als die 3000 angemeldeten Personen. Die Polizei sch\u00e4tzte die Teilnehmerzahl gegen Ende der Demo am Brandenburger Tor auf 1600 Menschen. <\/p>\n<p><img decoding=\"async\" src=\"https:\/\/www.europesays.com\/de\/wp-content\/uploads\/2026\/03\/1772396000_694_-.jpeg\"   alt=\"A woman with her face painted in the colours of the Iranian flag attends a demonstration in front of the Brandenburger Gate in Berlin, on March 1, 2026. The United States and Israel launched strikes against Iran on February 28, sparking fears of regional war with explosions reported across the Middle East as the Islamic republic retaliated with barrages of missiles. (Photo by Tobias SCHWARZ \/ AFP)\" aria-labelledby=\"caption-15306015\" width=\"440\" height=\"330\" loading=\"lazy\" class=\"tspA4jj\"\/> Eine Frau hat ihr Gesicht in den Farben der iranischen Flagge bemalt.\u00a0 <\/p>\n<p class=\"tspAJgq\"> \u00a9 AFP\/TOBIAS SCHWARZ <\/p>\n<p class=\"tspCCnp\">Die Teilnehmenden der Demonstration am Samstag <a href=\"https:\/\/www.tagesspiegel.de\/berlin\/demonstration-in-berlin-nach-angriffen-im-iran-wir-danken-trump-wir-danken-bibi-netanjahu-15303916.html?icid=in-text-link_15304846\" class=\"link link--internal\" data-gtm-class=\"article-text-link\" data-gtm-val=\"internal\" rel=\"nofollow noopener\" target=\"_blank\">begr\u00fc\u00dften den Milit\u00e4rschlag<\/a> auf das iranische Regime. Eine Frau sprach dem Tagesspiegel gegen\u00fcber etwa von einer \u201eletzten Hoffnung\u201c, dass \u201edie Amerikaner unser Land jetzt befreien\u201c. Andere \u00e4u\u00dferten sich \u00e4hnlich. Trotz der Freudenstimmung unter allen Teilnehmenden, gab es aber auch Demonstrierende, die nicht mit dem Tagesspiegel sprechen wollten. Zu gro\u00df war die Angst vor Repressalien im Iran.<\/p>\n<p class=\"tspCCnp\">Am Samstagabend wurde bekannt, dass Irans oberster F\u00fchrer Ajatollah Ali\u00a0Chamenei tot ist. In der Nacht gab es nach Angaben von RBB Inforadio in Berlin spontane Zusammenk\u00fcnfte. Menschen jubelten unter anderem vor der iranischen Botschaft und dem Breitscheidplatz. Die Versammlungen verliefen friedlich.<\/p>\n<p class=\"tspCCnp\">Israel hat am Samstag nach eigenen Angaben einen <a href=\"https:\/\/www.tagesspiegel.de\/internationales\/militarschlage-von-israel-und-den-usa-was-wir-uber-den-grossangriff-auf-den-iran-wissen--und-was-nicht-15303156.html?icid=in-text-link_15304846\" class=\"link link--internal\" data-gtm-class=\"article-text-link\" data-gtm-val=\"internal\" rel=\"nofollow noopener\" target=\"_blank\">Pr\u00e4ventivschlag gegen den Iran gestartet<\/a>, um Bedrohungen f\u00fcr Israel zu beseitigen. Die USA begannen parallel umfangreiche Luft- und Seeangriffe, die mehrere Tage dauern k\u00f6nnten. In Teheran wurden am Samstag Explosionen und dichte Rauchs\u00e4ulen gemeldet, auch in der N\u00e4he zentraler Regierungs- und F\u00fchrungseinrichtungen.<\/p>\n<p>Mehr zum Thema:<a href=\"https:\/\/www.tagesspiegel.de\/berlin\/das-sagen-iraner-in-berlin-uber-den-angriff-reza-pahlavi-ist-die-einzige-opposition-15304184.html?icid=topic-list_15304846___\" data-gtm-class=\"article-mzt-link\" data-hydrate-fingerprint=\"09740a54944caac75fd2c0c63fd5c5df\" data-hydrate-props=\"{&amp;escapedquot;element&amp;escapedquot;:{&amp;escapedquot;type&amp;escapedquot;:&amp;escapedquot;relatedContent&amp;escapedquot;,&amp;escapedquot;fieldMap&amp;escapedquot;:{},&amp;escapedquot;relation&amp;escapedquot;:{&amp;escapedquot;fields&amp;escapedquot;:{&amp;escapedquot;isPaid&amp;escapedquot;:true},&amp;escapedquot;href&amp;escapedquot;:&amp;escapedquot;\/berlin\/das-sagen-iraner-in-berlin-uber-den-angriff-reza-pahlavi-ist-die-einzige-opposition-15304184.html&amp;escapedquot;,&amp;escapedquot;teaserTitle&amp;escapedquot;:{&amp;escapedquot;kicker&amp;escapedquot;:&amp;escapedquot;Das sagen Iraner in Berlin \u00fcber den Angriff&amp;escapedquot;,&amp;escapedquot;headline&amp;escapedquot;:&amp;escapedquot;\u201eReza Pahlavi ist die einzige Opposition\u201c&amp;escapedquot;},&amp;escapedquot;id&amp;escapedquot;:&amp;escapedquot;15304184&amp;escapedquot;,&amp;escapedquot;type&amp;escapedquot;:&amp;escapedquot;story&amp;escapedquot;},&amp;escapedquot;isPartOfList&amp;escapedquot;:true,&amp;escapedquot;topicListType&amp;escapedquot;:&amp;escapedquot;topic-list&amp;escapedquot;},&amp;escapedquot;showArrow&amp;escapedquot;:true}\" data-hydrate-slots=\"{&#039;default&#039;:[]}\" class=\"tspCVpa tspCWph\" rel=\"nofollow noopener\" target=\"_blank\">Das sagen Iraner in Berlin \u00fcber den Angriff \u201eReza Pahlavi ist die einzige Opposition\u201c <\/a><a href=\"https:\/\/www.tagesspiegel.de\/berlin\/demonstration-in-berlin-nach-angriffen-im-iran-wir-danken-trump-wir-danken-bibi-netanjahu-15303916.html?icid=topic-list_15304846___\" data-gtm-class=\"article-mzt-link\" data-hydrate-fingerprint=\"09740a54944caac75fd2c0c63fd5c5df\" data-hydrate-props=\"{&amp;escapedquot;element&amp;escapedquot;:{&amp;escapedquot;type&amp;escapedquot;:&amp;escapedquot;relatedContent&amp;escapedquot;,&amp;escapedquot;fieldMap&amp;escapedquot;:{},&amp;escapedquot;relation&amp;escapedquot;:{&amp;escapedquot;fields&amp;escapedquot;:{&amp;escapedquot;isPaid&amp;escapedquot;:null},&amp;escapedquot;href&amp;escapedquot;:&amp;escapedquot;\/berlin\/demonstration-in-berlin-nach-angriffen-im-iran-wir-danken-trump-wir-danken-bibi-netanjahu-15303916.html&amp;escapedquot;,&amp;escapedquot;teaserTitle&amp;escapedquot;:{&amp;escapedquot;kicker&amp;escapedquot;:&amp;escapedquot;Demonstration in Berlin nach Angriffen im Iran&amp;escapedquot;,&amp;escapedquot;headline&amp;escapedquot;:&amp;escapedquot;\u201eWir danken Trump, wir danken Bibi Netanjahu\u201c&amp;escapedquot;},&amp;escapedquot;id&amp;escapedquot;:&amp;escapedquot;15303916&amp;escapedquot;,&amp;escapedquot;type&amp;escapedquot;:&amp;escapedquot;story&amp;escapedquot;},&amp;escapedquot;isPartOfList&amp;escapedquot;:true,&amp;escapedquot;topicListType&amp;escapedquot;:&amp;escapedquot;topic-list&amp;escapedquot;},&amp;escapedquot;showArrow&amp;escapedquot;:true}\" data-hydrate-slots=\"{&#039;default&#039;:[]}\" class=\"tspCVpa tspCWph\" rel=\"nofollow noopener\" target=\"_blank\">Demonstration in Berlin nach Angriffen im Iran \u201eWir danken Trump, wir danken Bibi Netanjahu\u201c <\/a><a href=\"https:\/\/www.tagesspiegel.de\/berlin\/israel-und-usa-greifen-iran-an-berliner-polizei-bereitet-sich-auf-mehr-teilnehmer-bei-demo-vor--auswirkungen-auf-flughafen-ber-15303524.html?icid=topic-list_15304846___\" data-gtm-class=\"article-mzt-link\" data-hydrate-fingerprint=\"09740a54944caac75fd2c0c63fd5c5df\" data-hydrate-props=\"{&amp;escapedquot;element&amp;escapedquot;:{&amp;escapedquot;type&amp;escapedquot;:&amp;escapedquot;relatedContent&amp;escapedquot;,&amp;escapedquot;fieldMap&amp;escapedquot;:{},&amp;escapedquot;relation&amp;escapedquot;:{&amp;escapedquot;fields&amp;escapedquot;:{&amp;escapedquot;isPaid&amp;escapedquot;:null},&amp;escapedquot;href&amp;escapedquot;:&amp;escapedquot;\/berlin\/israel-und-usa-greifen-iran-an-berliner-polizei-bereitet-sich-auf-mehr-teilnehmer-bei-demo-vor--auswirkungen-auf-flughafen-ber-15303524.html&amp;escapedquot;,&amp;escapedquot;teaserTitle&amp;escapedquot;:{&amp;escapedquot;kicker&amp;escapedquot;:&amp;escapedquot;Israel und USA greifen Iran an&amp;escapedquot;,&amp;escapedquot;headline&amp;escapedquot;:&amp;escapedquot;Berliner Polizei bereitet sich auf mehr Teilnehmer bei Demo vor\u00a0\u2013 Auswirkungen auf Flughafen BER&amp;escapedquot;},&amp;escapedquot;id&amp;escapedquot;:&amp;escapedquot;15303524&amp;escapedquot;,&amp;escapedquot;type&amp;escapedquot;:&amp;escapedquot;story&amp;escapedquot;},&amp;escapedquot;isPartOfList&amp;escapedquot;:true,&amp;escapedquot;topicListType&amp;escapedquot;:&amp;escapedquot;topic-list&amp;escapedquot;},&amp;escapedquot;showArrow&amp;escapedquot;:true}\" data-hydrate-slots=\"{&#039;default&#039;:[]}\" class=\"tspCVpa tspCWph\" rel=\"nofollow noopener\" target=\"_blank\">Israel und USA greifen Iran an Berliner Polizei bereitet sich auf mehr Teilnehmer bei Demo vor\u00a0\u2013 Auswirkungen auf Flughafen BER <\/a><\/p>\n<p class=\"tspCCnp\">Direkt nach Beginn\u00a0der israelisch-amerikanischen Angriffe auf den Iran\u00a0drohte dessen Milit\u00e4r bereits mit Gegenschl\u00e4gen. In vielen Teilen\u00a0Israels und des\u00a0Westjordanlands gab es immer wieder\u00a0Luftalarm wegen anfliegender Raketen und Geschosse. Sirenen heulten in Tel Aviv, in Jerusalem und in der Negev-W\u00fcste, wie die Nachrichtenseite Ynet berichtete. (mit dpa)<\/p>\n","protected":false},"excerpt":{"rendered":"Nach dem israelisch-amerikanischen Angriff auf den Iran am Samstag haben am Sonntag nach Angaben der Polizei rund 1800&hellip;\n","protected":false},"author":2,"featured_media":835634,"comment_status":"","ping_status":"","sticky":false,"template":"","format":"standard","meta":{"footnotes":"","_share_on_mastodon":"0"},"categories":[1825],"tags":[1941,1939,64355,296,1937,710,29,106,30,345,411,2384,525,1940,1938,121,64],"class_list":["post-835633","post","type-post","status-publish","format-standard","has-post-thumbnail","category-berlin","tag-aktuelle-nachrichten-aus-berlin","tag-aktuelle-news-aus-berlin","tag-ali-chamenei","tag-berlin","tag-berlin-news","tag-demonstrationen","tag-deutschland","tag-donald-trump","tag-germany","tag-iran","tag-israel","tag-kai-wegner","tag-mitte","tag-nachrichten-aus-berlin","tag-news-aus-berlin","tag-polizei","tag-usa"],"share_on_mastodon":{"url":"https:\/\/pubeurope.com\/@de\/116155751540166401","error":""},"_links":{"self":[{"href":"https:\/\/www.europesays.com\/de\/wp-json\/wp\/v2\/posts\/835633","targetHints":{"allow":["GET"]}}],"collection":[{"href":"https:\/\/www.europesays.com\/de\/wp-json\/wp\/v2\/posts"}],"about":[{"href":"https:\/\/www.europesays.com\/de\/wp-json\/wp\/v2\/types\/post"}],"author":[{"embeddable":true,"href":"https:\/\/www.europesays.com\/de\/wp-json\/wp\/v2\/users\/2"}],"replies":[{"embeddable":true,"href":"https:\/\/www.europesays.com\/de\/wp-json\/wp\/v2\/comments?post=835633"}],"version-history":[{"count":0,"href":"https:\/\/www.europesays.com\/de\/wp-json\/wp\/v2\/posts\/835633\/revisions"}],"wp:featuredmedia":[{"embeddable":true,"href":"https:\/\/www.europesays.com\/de\/wp-json\/wp\/v2\/media\/835634"}],"wp:attachment":[{"href":"https:\/\/www.europesays.com\/de\/wp-json\/wp\/v2\/media?parent=835633"}],"wp:term":[{"taxonomy":"category","embeddable":true,"href":"https:\/\/www.europesays.com\/de\/wp-json\/wp\/v2\/categories?post=835633"},{"taxonomy":"post_tag","embeddable":true,"href":"https:\/\/www.europesays.com\/de\/wp-json\/wp\/v2\/tags?post=835633"}],"curies":[{"name":"wp","href":"https:\/\/api.w.org\/{rel}","templated":true}]}}