{"id":835641,"date":"2026-03-01T20:17:14","date_gmt":"2026-03-01T20:17:14","guid":{"rendered":"https:\/\/www.europesays.com\/de\/835641\/"},"modified":"2026-03-01T20:17:14","modified_gmt":"2026-03-01T20:17:14","slug":"berlin-nahost-30-000-reisende-deutscher-veranstalter-betroffen","status":"publish","type":"post","link":"https:\/\/www.europesays.com\/de\/835641\/","title":{"rendered":"Berlin | Nahost: 30.000 Reisende deutscher Veranstalter betroffen"},"content":{"rendered":"<p>Berlin (dpa) &#8211; Rund 30.000 Reisende deutscher Veranstalter sind nach Angaben des Deutschen Reiseverbands (DRV) aktuell von den Luftraumsperrungen im Nahen Osten betroffen. Sie halten sich demnach entweder in der Region auf oder haben Fl\u00fcge \u00fcber dortige Drehkreuze gebucht.<\/p>\n<p>Die Sicherheitslage sei \u00ab\u00e4u\u00dferst volatil\u00bb, erl\u00e4uterte der Reiseverband. Wie lange die Einschr\u00e4nkungen andauern, sei unklar. G\u00e4ste, die nicht wie geplant abreisen k\u00f6nnen oder auf Weiterfl\u00fcge warten, w\u00fcrden von ihren Veranstaltern betreut und bei Bedarf \u00absicher untergebracht\u00bb.<\/p>\n<p>Das Ausw\u00e4rtige Amt hatte am 28. Februar eine Reisewarnung unter anderem f\u00fcr Israel und die Pal\u00e4stinensischen Gebiete, Libanon, Jordanien, Syrien, Irak, Iran sowie mehrere Golfstaaten ausgesprochen.\u00a0<\/p>\n<p>DRV: Sicherheit der Flugg\u00e4ste hat \u00aboberste Priorit\u00e4t\u00bb<\/p>\n<p>\u00abDurch die Lage vor Ort und die Flugraum-\/Flughafen-Sperrungen sagen Reiseveranstalter die Reisen in die Region\/L\u00e4nder, f\u00fcr die eine Reisewarnung besteht, f\u00fcr die n\u00e4chsten Tage ab\u00bb, erkl\u00e4rte der DRV. Die Sicherheit der G\u00e4ste habe \u00aboberste Priorit\u00e4t\u00bb. Kundinnen und Kunden, die ihre Reise noch nicht angetreten haben, k\u00f6nnen kostenfrei umbuchen oder stornieren.<\/p>\n<p>Reisende vor Ort werden dringend gebeten, den Anweisungen der \u00f6rtlichen Beh\u00f6rden zu folgen, in ihren gebuchten Hotels zu bleiben und nicht eigenst\u00e4ndig zu Flugh\u00e4fen oder in Nachbarl\u00e4nder zu reisen. Sobald die Luftr\u00e4ume wieder ge\u00f6ffnet sind, wollen die Veranstalter \u00fcber R\u00fcckreisem\u00f6glichkeiten informieren.<\/p>\n","protected":false},"excerpt":{"rendered":"Berlin (dpa) &#8211; Rund 30.000 Reisende deutscher Veranstalter sind nach Angaben des Deutschen Reiseverbands (DRV) aktuell von den&hellip;\n","protected":false},"author":2,"featured_media":835642,"comment_status":"","ping_status":"","sticky":false,"template":"","format":"standard","meta":{"footnotes":"","_share_on_mastodon":"0"},"categories":[1825],"tags":[296,29,30,345,411,8221,4046,6760,4562,1163,64],"class_list":["post-835641","post","type-post","status-publish","format-standard","has-post-thumbnail","category-berlin","tag-berlin","tag-deutschland","tag-germany","tag-iran","tag-israel","tag-konflikte","tag-krieg","tag-luftverkehr","tag-reise","tag-tourismus","tag-usa"],"share_on_mastodon":{"url":"https:\/\/pubeurope.com\/@de\/116155767113891608","error":""},"_links":{"self":[{"href":"https:\/\/www.europesays.com\/de\/wp-json\/wp\/v2\/posts\/835641","targetHints":{"allow":["GET"]}}],"collection":[{"href":"https:\/\/www.europesays.com\/de\/wp-json\/wp\/v2\/posts"}],"about":[{"href":"https:\/\/www.europesays.com\/de\/wp-json\/wp\/v2\/types\/post"}],"author":[{"embeddable":true,"href":"https:\/\/www.europesays.com\/de\/wp-json\/wp\/v2\/users\/2"}],"replies":[{"embeddable":true,"href":"https:\/\/www.europesays.com\/de\/wp-json\/wp\/v2\/comments?post=835641"}],"version-history":[{"count":0,"href":"https:\/\/www.europesays.com\/de\/wp-json\/wp\/v2\/posts\/835641\/revisions"}],"wp:featuredmedia":[{"embeddable":true,"href":"https:\/\/www.europesays.com\/de\/wp-json\/wp\/v2\/media\/835642"}],"wp:attachment":[{"href":"https:\/\/www.europesays.com\/de\/wp-json\/wp\/v2\/media?parent=835641"}],"wp:term":[{"taxonomy":"category","embeddable":true,"href":"https:\/\/www.europesays.com\/de\/wp-json\/wp\/v2\/categories?post=835641"},{"taxonomy":"post_tag","embeddable":true,"href":"https:\/\/www.europesays.com\/de\/wp-json\/wp\/v2\/tags?post=835641"}],"curies":[{"name":"wp","href":"https:\/\/api.w.org\/{rel}","templated":true}]}}