{"id":836019,"date":"2026-03-01T23:56:13","date_gmt":"2026-03-01T23:56:13","guid":{"rendered":"https:\/\/www.europesays.com\/de\/836019\/"},"modified":"2026-03-01T23:56:13","modified_gmt":"2026-03-01T23:56:13","slug":"unbekannter-stiehlt-auto-und-wird-bei-ladendiebstahl-erwischt","status":"publish","type":"post","link":"https:\/\/www.europesays.com\/de\/836019\/","title":{"rendered":"Unbekannter stiehlt Auto und wird bei Ladendiebstahl erwischt"},"content":{"rendered":"<p class=\"mb-6 text-xs md:text-m lg:text-l font-serif group-[.font-sans]:font-sans \">\n    Ein zun\u00e4chst unbekannter T\u00e4ter hat am Freitagabend, 27. Februar 2026, in N\u00fcrnberg-S\u00fcndersb\u00fchl das Fahrzeug eines Essenslieferanten gestohlen. Am folgenden Tag tauchte der Schl\u00fcssel des Wagens bei einem mutma\u00dflichen Ladendieb in einem Supermarkt in Schweinau auf. Gegen den 38 Jahre alten Tatverd\u00e4chtigen stellte die Staatsanwaltschaft Haftantrag.\n  <\/p>\n<p class=\"mb-6 text-xs md:text-m lg:text-l font-serif group-[.font-sans]:font-sans \">\n    Ein 27-j\u00e4hriger Essenslieferant wollte kurz vor 20 Uhr eine Bestellung ausliefern. In diesem Zusammenhang fragte er einen ihm bis dahin unbekannten Mann nach einer Hausnummer. Anstatt ihm weiterzuhelfen, ging dieser zu dem Fahrzeug des Lieferanten und fuhr mit dem Wagen davon.\n  <\/p>\n<p class=\"mb-6 text-xs md:text-m lg:text-l font-serif group-[.font-sans]:font-sans \">\n    Mehrere Streifen der Polizeiinspektion N\u00fcrnberg-West leiteten umgehend eine Fahndung ein. Der gestohlene Seat Leon konnte jedoch zun\u00e4chst nicht aufgefunden werden, berichtete die Polizei.\n  <\/p>\n<p>            Ladendiebstahl bleibt nicht unbemerkt \u2013 sp\u00e4ter taucht der Wagenschl\u00fcssel auf<\/p>\n<p class=\"mb-6 text-xs md:text-m lg:text-l font-serif group-[.font-sans]:font-sans \">\n    Am Samstagmittag geriet ein 38-j\u00e4hriger Mann in einem Supermarkt in der Schweinauer Stra\u00dfe ins Visier eines Ladendetektivs. Dieser beobachtete, wie der Mann mehrere Bekleidungsartikel an sich nahm und das Gesch\u00e4ft verlie\u00df, ohne zu bezahlen. Der Detektiv hielt ihn auf und verst\u00e4ndigte die Polizei.\n  <\/p>\n<p class=\"mb-6 text-xs md:text-m lg:text-l font-serif group-[.font-sans]:font-sans \">\n    Bei den anschlie\u00dfenden Ma\u00dfnahmen im Detektivb\u00fcro fanden die Beamten den Fahrzeugschl\u00fcssel des gesuchten Seat Leon bei dem 38-J\u00e4hrigen. Der Mann hatte das Fahrzeug auf dem Parkplatz des Supermarktes abgestellt. Die Polizei leitete gegen den Mann Ermittlungsverfahren wegen des Verdachts diverser Diebst\u00e4hle ein. Die Staatsanwaltschaft N\u00fcrnberg-F\u00fcrth stellte Haftantrag.\n  <\/p>\n<p class=\"mb-6 text-xs md:text-m lg:text-l font-serif group-[.font-sans]:font-sans \">\n    <a href=\"https:\/\/www.augsburger-allgemeine.de\/donauwoerth\/diebstahl-rain-ladendieb-verschwindet-mit-spirituosen-aus-markt-113602115\" target=\"_self\" class=\"underline \" rel=\"nofollow noopener\">In einem Getr\u00e4nkemarkt in Rain war es vor wenigen Tagen auch zu einem Diebstahl gekommen.<\/a> Der mutma\u00dfliche T\u00e4ter wurde zun\u00e4chst nicht von der Polizei gefunden.\n  <\/p>\n<ul data-module-id=\"DragDropModule\" class=\"flex flex-wrap justify-start group-[.no-bookmarks]:hidden\">\n<li class=\"mb-3 mr-3\">\n    Franziska Hubl<\/p>\n<p>      Icon Haken im Kreis gesetzt<\/p>\n<p>      Icon Plus im Kreis<\/p>\n<\/li>\n<li class=\"mb-3 mr-3\">\n    Fahrzeug<\/p>\n<p>      Icon Haken im Kreis gesetzt<\/p>\n<p>      Icon Plus im Kreis<\/p>\n<\/li>\n<li class=\"mb-3 mr-3\">\n    Auto<\/p>\n<p>      Icon Haken im Kreis gesetzt<\/p>\n<p>      Icon Plus im Kreis<\/p>\n<\/li>\n<\/ul>\n","protected":false},"excerpt":{"rendered":"Ein zun\u00e4chst unbekannter T\u00e4ter hat am Freitagabend, 27. Februar 2026, in N\u00fcrnberg-S\u00fcndersb\u00fchl das Fahrzeug eines Essenslieferanten gestohlen. Am&hellip;\n","protected":false},"author":2,"featured_media":836020,"comment_status":"","ping_status":"","sticky":false,"template":"","format":"standard","meta":{"footnotes":"","_share_on_mastodon":"0"},"categories":[1837],"tags":[513,772,3364,29,514,114567,30,24952,3783,121,21460,1997],"class_list":["post-836019","post","type-post","status-publish","format-standard","has-post-thumbnail","category-nuernberg","tag-auto","tag-bayern","tag-de","tag-deutschland","tag-fahrzeug","tag-fahrzeugschluessel","tag-germany","tag-ladendiebstahl","tag-nuernberg","tag-polizei","tag-seat","tag-staatsanwaltschaft"],"share_on_mastodon":{"url":"https:\/\/pubeurope.com\/@de\/116156628036315992","error":""},"_links":{"self":[{"href":"https:\/\/www.europesays.com\/de\/wp-json\/wp\/v2\/posts\/836019","targetHints":{"allow":["GET"]}}],"collection":[{"href":"https:\/\/www.europesays.com\/de\/wp-json\/wp\/v2\/posts"}],"about":[{"href":"https:\/\/www.europesays.com\/de\/wp-json\/wp\/v2\/types\/post"}],"author":[{"embeddable":true,"href":"https:\/\/www.europesays.com\/de\/wp-json\/wp\/v2\/users\/2"}],"replies":[{"embeddable":true,"href":"https:\/\/www.europesays.com\/de\/wp-json\/wp\/v2\/comments?post=836019"}],"version-history":[{"count":0,"href":"https:\/\/www.europesays.com\/de\/wp-json\/wp\/v2\/posts\/836019\/revisions"}],"wp:featuredmedia":[{"embeddable":true,"href":"https:\/\/www.europesays.com\/de\/wp-json\/wp\/v2\/media\/836020"}],"wp:attachment":[{"href":"https:\/\/www.europesays.com\/de\/wp-json\/wp\/v2\/media?parent=836019"}],"wp:term":[{"taxonomy":"category","embeddable":true,"href":"https:\/\/www.europesays.com\/de\/wp-json\/wp\/v2\/categories?post=836019"},{"taxonomy":"post_tag","embeddable":true,"href":"https:\/\/www.europesays.com\/de\/wp-json\/wp\/v2\/tags?post=836019"}],"curies":[{"name":"wp","href":"https:\/\/api.w.org\/{rel}","templated":true}]}}