{"id":836074,"date":"2026-03-02T00:28:16","date_gmt":"2026-03-02T00:28:16","guid":{"rendered":"https:\/\/www.europesays.com\/de\/836074\/"},"modified":"2026-03-02T00:28:16","modified_gmt":"2026-03-02T00:28:16","slug":"vollsperrungen-auf-der-a100-und-a113-wegen-arbeiten","status":"publish","type":"post","link":"https:\/\/www.europesays.com\/de\/836074\/","title":{"rendered":"Vollsperrungen auf der A100 und A113 wegen Arbeiten"},"content":{"rendered":"<p>Tunnelarbeiten in Berlin <\/p>\n<p>Zwei Stadtautobahnen werden nachts gesperrt<\/p>\n<p>02.03.2026 &#8211; 01:00 UhrLesedauer: 1 Min.<\/p>\n<p><a href=\"#focus-0\" class=\"transition-colors duration-200 block text-current relative\" data-sctrack=\"FocusGalleryImage.Reference\"><img fetchpriority=\"high\" data-testid=\"Opener.Image\" style=\"--lqipURL:url('https:\/\/images.t-online.de\/2025\/10\/ohl0es3Npyh5\/0x185:3543x1993\/fit-in\/150x0\/filters:blur(25)\/kein-verkehr-auf-der-a100-in-richtung-norden-archivbild-die-sperrungen-gelten-bis-montagmorgen-um-5-uhr.jpg')\"   loading=\"eager\" src=\"https:\/\/www.europesays.com\/de\/wp-content\/uploads\/2026\/03\/kein-verkehr-auf-der-a100-in-richtung-norden-archivbild-die-sperrungen-gelten-bis-montagmorgen-um-5-.jpeg\" alt=\"Kein Verkehr auf der A100 in Richtung Norden (Archivbild): Die Sperrungen gelten bis Montagmorgen um 5 Uhr.\" title=\"Kein Verkehr auf der A100 in Richtung Norden (Archivbild): Die Sperrungen gelten bis Montagmorgen um 5 Uhr.\" width=\"3543\" height=\"1993\" class=\"bg-[url:var(--lqipURL)] bg-cover bg-center flex h-full w-full max-w-full\" decoding=\"async\"\/><img style=\"--width:32;--height:32\" loading=\"lazy\" src=\"https:\/\/berlin.t-online.de\/s\/paper\/_next\/static\/media\/zoom-in.f7dae02f.svg\" alt=\"Vergr\u00f6\u00dfern des Bildes\" title=\"Vergr\u00f6\u00dfern des Bildes\" class=\"block h-[calc(var(--height)_\/_16_*_1rem)] w-[calc(var(--width)_\/_16_*_1rem)] max-w-none absolute bottom-8 right-8 rounded-4 bg-snow p-8\" decoding=\"async\"\/><\/a><\/p>\n<p>Kein Verkehr auf der A100 (Archivbild): Die Vollsperrungen bremsen den Verkehr auf den Autobahnen aus. (Quelle: IMAGO\/Sabine Brose)<\/p>\n<p class=\"font-bold text-18 leading-17 user-text-lg:text-22 user-text-xl:text-24\">Die Autobahn GmbH sperrt Anfang M\u00e4rz mehrere Abschnitte zweier Stadtautobahnen. Das m\u00fcssen Autofahrer beachten.<\/p>\n<p class=\"text-18 leading-17 user-text-lg:text-22 user-text-xl:text-24\">Die Autobahn GmbH sperrt Anfang M\u00e4rz nachts Teile der A100 und A113 in Berlin. Die Verkehrsinformationszentrale Berlin (VIZ) teilte mit, dass die Sperrungen f\u00fcr Wartungsarbeiten im Tunnel Ortsteil Britz und im Autobahndreieck Neuk\u00f6lln n\u00f6tig seien.<\/p>\n<p class=\"text-18 leading-17 user-text-lg:text-22 user-text-xl:text-24\">In den N\u00e4chten vom 2. auf den 3. M\u00e4rz und vom 3. auf den 4. M\u00e4rz bleiben beide Fahrtrichtungen zwischen der Anschlussstelle Gradestra\u00dfe und der Anschlussstelle Grenzallee beziehungsweise Sp\u00e4thstra\u00dfe (A113) von 21 bis 5 Uhr gesperrt. Die Sperrung Richtung Treptow beginnt bereits an der Anschlussstelle Oberlandstra\u00dfe. Die Einfahrt Grenzallee Richtung Sch\u00f6nefeld bleibt ebenfalls geschlossen.<\/p>\n<p class=\"text-18 leading-17 user-text-lg:text-22 user-text-xl:text-24\">In der Nacht vom 4. auf den 5. M\u00e4rz betrifft die Vollsperrung nur die Fahrtrichtung S\u00fcd zwischen den Anschlussstellen Oberlandstra\u00dfe und Grenzallee beziehungsweise Sp\u00e4thstra\u00dfe. Auch hier kann die Einfahrt Grenzallee Richtung Sch\u00f6nefeld nicht genutzt werden.<\/p>\n<p class=\"text-18 leading-17 user-text-lg:text-22 user-text-xl:text-24\">Vom 5. auf den 6. M\u00e4rz sperrt die Autobahn GmbH die Fahrtrichtung Nord zwischen den Anschlussstellen Grenzallee bzw. Sp\u00e4thstra\u00dfe und Gradestra\u00dfe von 21 bis 5 Uhr.<\/p>\n<p class=\"text-18 leading-17 user-text-lg:text-22 user-text-xl:text-24\">Die Arbeiten finden im Rahmen der Tunnelrevisionen statt. Die Absperrungen beginnen teilweise bereits um 20 Uhr. Alle Ein- und Ausfahrten im betroffenen Bereich sind w\u00e4hrend der Sperrungen nicht nutzbar. Laut VIZ werden Umleitungsstrecken ausgeschildert.<\/p>\n","protected":false},"excerpt":{"rendered":"Tunnelarbeiten in Berlin Zwei Stadtautobahnen werden nachts gesperrt 02.03.2026 &#8211; 01:00 UhrLesedauer: 1 Min. Kein Verkehr auf der&hellip;\n","protected":false},"author":2,"featured_media":836075,"comment_status":"","ping_status":"","sticky":false,"template":"","format":"standard","meta":{"footnotes":"","_share_on_mastodon":"0"},"categories":[1825],"tags":[722,17161,599,296,16999,29,2451,30,186657,526,2868,2224,5468,186656,601,53482,3043],"class_list":["post-836074","post","type-post","status-publish","format-standard","has-post-thumbnail","category-berlin","tag-722","tag-17161","tag-a100","tag-berlin","tag-britz","tag-deutschland","tag-die-autobahn-gmbh-des-bundes","tag-germany","tag-grenzallee","tag-neukoelln","tag-schoenefeld","tag-sperrung","tag-stadtautobahn","tag-tunnelarbeit","tag-verkehr","tag-verkehrsinformationszentrale","tag-vollsperrung"],"share_on_mastodon":{"url":"https:\/\/pubeurope.com\/@de\/116156754039637168","error":""},"_links":{"self":[{"href":"https:\/\/www.europesays.com\/de\/wp-json\/wp\/v2\/posts\/836074","targetHints":{"allow":["GET"]}}],"collection":[{"href":"https:\/\/www.europesays.com\/de\/wp-json\/wp\/v2\/posts"}],"about":[{"href":"https:\/\/www.europesays.com\/de\/wp-json\/wp\/v2\/types\/post"}],"author":[{"embeddable":true,"href":"https:\/\/www.europesays.com\/de\/wp-json\/wp\/v2\/users\/2"}],"replies":[{"embeddable":true,"href":"https:\/\/www.europesays.com\/de\/wp-json\/wp\/v2\/comments?post=836074"}],"version-history":[{"count":0,"href":"https:\/\/www.europesays.com\/de\/wp-json\/wp\/v2\/posts\/836074\/revisions"}],"wp:featuredmedia":[{"embeddable":true,"href":"https:\/\/www.europesays.com\/de\/wp-json\/wp\/v2\/media\/836075"}],"wp:attachment":[{"href":"https:\/\/www.europesays.com\/de\/wp-json\/wp\/v2\/media?parent=836074"}],"wp:term":[{"taxonomy":"category","embeddable":true,"href":"https:\/\/www.europesays.com\/de\/wp-json\/wp\/v2\/categories?post=836074"},{"taxonomy":"post_tag","embeddable":true,"href":"https:\/\/www.europesays.com\/de\/wp-json\/wp\/v2\/tags?post=836074"}],"curies":[{"name":"wp","href":"https:\/\/api.w.org\/{rel}","templated":true}]}}