{"id":836190,"date":"2026-03-02T01:36:16","date_gmt":"2026-03-02T01:36:16","guid":{"rendered":"https:\/\/www.europesays.com\/de\/836190\/"},"modified":"2026-03-02T01:36:16","modified_gmt":"2026-03-02T01:36:16","slug":"motorrad-stuerzt-in-tunnel-beifahrer-schwer-verletzt-2","status":"publish","type":"post","link":"https:\/\/www.europesays.com\/de\/836190\/","title":{"rendered":"Motorrad st\u00fcrzt in Tunnel \u2013 Beifahrer schwer verletzt"},"content":{"rendered":"<p>Bundesstra\u00dfe 14 <\/p>\n<p>Motorrad st\u00fcrzt in Tunnel \u2013 Beifahrer schwer verletzt<\/p>\n<p>Aktualisiert am 02.03.2026 &#8211; 00:02 UhrLesedauer: 1 Min.<\/p>\n<p><a href=\"#focus-0\" class=\"transition-colors duration-200 block text-current relative\" data-sctrack=\"FocusGalleryImage.Reference\"><img fetchpriority=\"high\" data-testid=\"Opener.Image\" style=\"--lqipURL:url('https:\/\/images.t-online.de\/2026\/03\/YK8ld40g-sVa\/0x107:2048x1152\/fit-in\/150x0\/filters:blur(25)\/der-beifahrer-wurde-schwer-verletzt-symbolbild.jpg')\"   loading=\"eager\" src=\"https:\/\/www.europesays.com\/de\/wp-content\/uploads\/2026\/03\/der-beifahrer-wurde-schwer-verletzt-symbolbild.jpg\" alt=\"Polizei\" title=\"Polizei\" width=\"2048\" height=\"1152\" class=\"bg-[url:var(--lqipURL)] bg-cover bg-center flex h-full w-full max-w-full\" decoding=\"async\"\/><img style=\"--width:32;--height:32\" loading=\"lazy\" src=\"https:\/\/www.t-online.de\/s\/paper\/_next\/static\/media\/zoom-in.f7dae02f.svg\" alt=\"Vergr\u00f6\u00dfern des Bildes\" title=\"Vergr\u00f6\u00dfern des Bildes\" class=\"block h-[calc(var(--height)_\/_16_*_1rem)] w-[calc(var(--width)_\/_16_*_1rem)] max-w-none absolute bottom-8 right-8 rounded-4 bg-snow p-8\" decoding=\"async\"\/><\/a><\/p>\n<p>Der Beifahrer wurde schwer verletzt. (Symbolbild) (Quelle: Marijan Murat\/dpa\/dpa-bilder)<\/p>\n<p class=\"font-bold text-18 leading-17 user-text-lg:text-22 user-text-xl:text-24\">Motorradunfall in einem Tunnel in Stuttgart: W\u00e4hrend der Fahrer leicht verletzt davonkommt, wird sein Beifahrer schwer verletzt ins Krankenhaus gebracht.<\/p>\n<p class=\"text-18 leading-17 user-text-lg:text-22 user-text-xl:text-24\">Ein 22 Jahre alter Beifahrer ist nach einem Motorradunfall auf der B14 in Stuttgart schwer verletzt ins Krankenhaus gebracht worden. Der 29 Jahre alte Fahrer erlitt leichte Verletzungen, wie die Polizei mitteilte. Die beiden waren den Angaben zufolge auf der Bundesstra\u00dfe 14 im G\u00e4ubahntunnel in Richtung Innenstadt unterwegs, als sie nach links von der Fahrbahn abkamen und st\u00fcrzten. Die Unfallursache war zun\u00e4chst unklar. Die Polizei sch\u00e4tzte den Schaden auf rund 5.000 Euro.<\/p>\n","protected":false},"excerpt":{"rendered":"Bundesstra\u00dfe 14 Motorrad st\u00fcrzt in Tunnel \u2013 Beifahrer schwer verletzt Aktualisiert am 02.03.2026 &#8211; 00:02 UhrLesedauer: 1 Min.&hellip;\n","protected":false},"author":2,"featured_media":836191,"comment_status":"","ping_status":"","sticky":false,"template":"","format":"standard","meta":{"footnotes":"","_share_on_mastodon":"0"},"categories":[1830],"tags":[1634,7836,3364,29,30,9959,6994,121,1441,4733],"class_list":["post-836190","post","type-post","status-publish","format-standard","has-post-thumbnail","category-stuttgart","tag-baden-wuerttemberg","tag-bundesstrasse","tag-de","tag-deutschland","tag-germany","tag-motorrad","tag-motorradunfall","tag-polizei","tag-stuttgart","tag-tunnel"],"share_on_mastodon":{"url":"https:\/\/pubeurope.com\/@de\/116157021311995446","error":""},"_links":{"self":[{"href":"https:\/\/www.europesays.com\/de\/wp-json\/wp\/v2\/posts\/836190","targetHints":{"allow":["GET"]}}],"collection":[{"href":"https:\/\/www.europesays.com\/de\/wp-json\/wp\/v2\/posts"}],"about":[{"href":"https:\/\/www.europesays.com\/de\/wp-json\/wp\/v2\/types\/post"}],"author":[{"embeddable":true,"href":"https:\/\/www.europesays.com\/de\/wp-json\/wp\/v2\/users\/2"}],"replies":[{"embeddable":true,"href":"https:\/\/www.europesays.com\/de\/wp-json\/wp\/v2\/comments?post=836190"}],"version-history":[{"count":0,"href":"https:\/\/www.europesays.com\/de\/wp-json\/wp\/v2\/posts\/836190\/revisions"}],"wp:featuredmedia":[{"embeddable":true,"href":"https:\/\/www.europesays.com\/de\/wp-json\/wp\/v2\/media\/836191"}],"wp:attachment":[{"href":"https:\/\/www.europesays.com\/de\/wp-json\/wp\/v2\/media?parent=836190"}],"wp:term":[{"taxonomy":"category","embeddable":true,"href":"https:\/\/www.europesays.com\/de\/wp-json\/wp\/v2\/categories?post=836190"},{"taxonomy":"post_tag","embeddable":true,"href":"https:\/\/www.europesays.com\/de\/wp-json\/wp\/v2\/tags?post=836190"}],"curies":[{"name":"wp","href":"https:\/\/api.w.org\/{rel}","templated":true}]}}