{"id":83621,"date":"2025-05-04T11:51:15","date_gmt":"2025-05-04T11:51:15","guid":{"rendered":"https:\/\/www.europesays.com\/de\/83621\/"},"modified":"2025-05-04T11:51:15","modified_gmt":"2025-05-04T11:51:15","slug":"huettenberger-schreibt-buch-ueber-anti-kriegs-foto","status":"publish","type":"post","link":"https:\/\/www.europesays.com\/de\/83621\/","title":{"rendered":"H\u00fcttenberger schreibt Buch \u00fcber Anti-Kriegs-Foto"},"content":{"rendered":"<p class=\"paragraph --regular --color\" data-v-a4a747d8=\"\" data-v-0c32301e=\"\">Bereits 2013 hatte Breuer sich in Form eines Artikels, der in der Frankfurter Rundschau erschien, mit dem Foto befasst. \u201eEs ist in nahezu jedem Geschichtsbuch zu finden\u201c, sagt Breuer. Auch in vielen Dokumentationen zum Zweiten Weltkrieg werde es gezeigt.  Das Portr\u00e4t des jungen Mannes, mit 16 Jahren fast noch ein Kind, der einen viel zu gro\u00dfen Soldatenmantel tr\u00e4gt, wurde \u201ezum Sinnbild des Schreckens und der Sinnlosigkeit des Krieges\u201c, schreibt Breuer 2013. <\/p>\n","protected":false},"excerpt":{"rendered":"Bereits 2013 hatte Breuer sich in Form eines Artikels, der in der Frankfurter Rundschau erschien, mit dem Foto&hellip;\n","protected":false},"author":2,"featured_media":83622,"comment_status":"","ping_status":"","sticky":false,"template":"","format":"standard","meta":{"footnotes":""},"categories":[1774],"tags":[1784,1785,29,214,30,215],"class_list":{"0":"post-83621","1":"post","2":"type-post","3":"status-publish","4":"format-standard","5":"has-post-thumbnail","7":"category-buecher","8":"tag-books","9":"tag-buecher","10":"tag-deutschland","11":"tag-entertainment","12":"tag-germany","13":"tag-unterhaltung"},"share_on_mastodon":{"url":"https:\/\/pubeurope.com\/@de\/114449421998659508","error":""},"_links":{"self":[{"href":"https:\/\/www.europesays.com\/de\/wp-json\/wp\/v2\/posts\/83621","targetHints":{"allow":["GET"]}}],"collection":[{"href":"https:\/\/www.europesays.com\/de\/wp-json\/wp\/v2\/posts"}],"about":[{"href":"https:\/\/www.europesays.com\/de\/wp-json\/wp\/v2\/types\/post"}],"author":[{"embeddable":true,"href":"https:\/\/www.europesays.com\/de\/wp-json\/wp\/v2\/users\/2"}],"replies":[{"embeddable":true,"href":"https:\/\/www.europesays.com\/de\/wp-json\/wp\/v2\/comments?post=83621"}],"version-history":[{"count":0,"href":"https:\/\/www.europesays.com\/de\/wp-json\/wp\/v2\/posts\/83621\/revisions"}],"wp:featuredmedia":[{"embeddable":true,"href":"https:\/\/www.europesays.com\/de\/wp-json\/wp\/v2\/media\/83622"}],"wp:attachment":[{"href":"https:\/\/www.europesays.com\/de\/wp-json\/wp\/v2\/media?parent=83621"}],"wp:term":[{"taxonomy":"category","embeddable":true,"href":"https:\/\/www.europesays.com\/de\/wp-json\/wp\/v2\/categories?post=83621"},{"taxonomy":"post_tag","embeddable":true,"href":"https:\/\/www.europesays.com\/de\/wp-json\/wp\/v2\/tags?post=83621"}],"curies":[{"name":"wp","href":"https:\/\/api.w.org\/{rel}","templated":true}]}}