{"id":836566,"date":"2026-03-02T05:31:12","date_gmt":"2026-03-02T05:31:12","guid":{"rendered":"https:\/\/www.europesays.com\/de\/836566\/"},"modified":"2026-03-02T05:31:12","modified_gmt":"2026-03-02T05:31:12","slug":"japan-bei-horizon-europe-bedeutung-fuer-deutsche-heis","status":"publish","type":"post","link":"https:\/\/www.europesays.com\/de\/836566\/","title":{"rendered":"Japan bei Horizon Europe \u2013 Bedeutung f\u00fcr deutsche HEIs"},"content":{"rendered":"<p>                                            <strong class=\"o-dateline\">News: Neue F\u00f6rderm\u00f6glichkeiten f\u00fcr Kooperationen mit Japan<\/strong><\/p>\n<p>                            <img loading=\"lazy\" width=\"954\" height=\"537\" src=\"https:\/\/www.europesays.com\/de\/wp-content\/uploads\/2026\/03\/260218_iStock-1089920446_Website-954x537.jpg\" class=\"attachment-article-big size-article-big\" alt=\"\" decoding=\"async\"  \/>                                                                                        \u00a9 DWIH Tokyo\/iStock\/Oleksii Liskonih<\/p>\n<p>Seit 2026 ist <strong>Japan ein assoziiertes Drittland f\u00fcr das Horizon Europe Projekt<\/strong>. Damit stehen deutschen Hochschulen erweiterte M\u00f6glichkeiten zur Zusammenarbeit mit japanischen Forschungseinrichtungen, Hochschulen und weiteren Organisationen im Rahmen von Horizon-Europe-Projekten offen.<\/p>\n<p>Japanische Forschende k\u00f6nnen nun in allen <strong>Projekten des Pillar II<\/strong> (Global Challenges &amp; European Industrial Competitiveness)* ebenfalls Mittel zur Finanzierung \u00fcber das Horizon-Projekt beantragen. Dies erleichtert die Einbindung japanischer Forschungspartner in Konsortien und st\u00e4rkt die internationale Ausrichtung sowie wissenschaftliche Exzellenz von Projektantr\u00e4gen.<\/p>\n<p>F\u00fcr deutsche Hochschulen er\u00f6ffnet die Assoziierung Japans insbesondere:<\/p>\n<ul>\n<li>den Ausbau strategischer Forschungskooperationen mit Japan als einem der weltweit f\u00fchrenden Wissenschafts- und Innovationsstandorte<\/li>\n<li>den Zugang zu komplement\u00e4rer Expertise, Infrastruktur und Forschungsperspektiven<\/li>\n<li>die St\u00e4rkung der internationalen Wettbewerbsf\u00e4higkeit von Horizon-Europe-Antr\u00e4gen<\/li>\n<\/ul>\n<p><strong>So gehen Sie vor:<\/strong><br \/>Voraussetzung ist ein gemeinsames Forschungsprojekt mit mindestens einer direkt an Horizon Europe beteiligten Einrichtung (z. B. aus Deutschland). Die passende Ausschreibung f\u00fcr Ihr Vorhaben finden Sie auf dem EU-Portal<strong> \u201eFunding &amp; Tenders\u201c (europa.eu \u2013 siehe Link unten)<\/strong>. Die Antragstellung erfolgt wie bei anderen Horizon-Europe-Projekten: Sie reichen den Antrag gemeinsam mit Ihren japanischen Partnern ein. Seit der Assoziierung Japans zu Horizon Europe k\u00f6nnen diese regul\u00e4r am Projekt teilnehmen und in den Antrag eingebunden werden.<\/p>\n<p>Bereits jetzt sind viele Calls offen zur Bewerbung! Klicken Sie hier um zu sehen, welche Calls offen sind:<br \/><a href=\"https:\/\/ec.europa.eu\/info\/funding-tenders\/opportunities\/portal\/screen\/opportunities\/calls-for-proposals?order=DESC&amp;pageNumber=1&amp;pageSize=50&amp;sortBy=startDate&amp;isExactMatch=true&amp;status=31094502\" target=\"_blank\" rel=\"noopener nofollow\">https:\/\/ec.europa.eu\/info\/funding-tenders\/opportunities\/portal\/screen\/opportunities\/calls-for-proposals?order=DESC&amp;pageNumber=1&amp;pageSize=50&amp;sortBy=startDate&amp;isExactMatch=true&amp;status=31094502<\/a><\/p>\n<p>*Bitte beachten Sie, dass die Gesamtfinanzierung vom Budget des jeweiligen Clusters abh\u00e4ngt.<\/p>\n<p>*Es gibt vereinzelte Themengebiete, in denen eine Zusammenarbeit mit Drittl\u00e4ndern nicht m\u00f6glich ist. Bitte lesen Sie dazu die Bedingungen zur Eignung.<\/p>\n<p>        Abonnieren Sie unseren Newsletter und folgen Sie uns auf Social Media    <\/p>\n<p>\n            Zu unseren Kan\u00e4len    <\/p>\n<p>Aktualisiert am:                                    19. Februar 2026<\/p>\n","protected":false},"excerpt":{"rendered":"News: Neue F\u00f6rderm\u00f6glichkeiten f\u00fcr Kooperationen mit Japan \u00a9 DWIH Tokyo\/iStock\/Oleksii Liskonih Seit 2026 ist Japan ein assoziiertes Drittland&hellip;\n","protected":false},"author":2,"featured_media":836567,"comment_status":"","ping_status":"","sticky":false,"template":"","format":"standard","meta":{"footnotes":"","_share_on_mastodon":"0"},"categories":[3933],"tags":[331,332,1582,548,663,158,3934,3935,13,14,15,12],"class_list":["post-836566","post","type-post","status-publish","format-standard","has-post-thumbnail","category-eu","tag-aktuelle-nachrichten","tag-aktuelle-news","tag-allgemein","tag-eu","tag-europa","tag-europaeische-union","tag-europe","tag-european-union","tag-headlines","tag-nachrichten","tag-news","tag-schlagzeilen"],"share_on_mastodon":{"url":"https:\/\/pubeurope.com\/@de\/116157945351667852","error":""},"_links":{"self":[{"href":"https:\/\/www.europesays.com\/de\/wp-json\/wp\/v2\/posts\/836566","targetHints":{"allow":["GET"]}}],"collection":[{"href":"https:\/\/www.europesays.com\/de\/wp-json\/wp\/v2\/posts"}],"about":[{"href":"https:\/\/www.europesays.com\/de\/wp-json\/wp\/v2\/types\/post"}],"author":[{"embeddable":true,"href":"https:\/\/www.europesays.com\/de\/wp-json\/wp\/v2\/users\/2"}],"replies":[{"embeddable":true,"href":"https:\/\/www.europesays.com\/de\/wp-json\/wp\/v2\/comments?post=836566"}],"version-history":[{"count":0,"href":"https:\/\/www.europesays.com\/de\/wp-json\/wp\/v2\/posts\/836566\/revisions"}],"wp:featuredmedia":[{"embeddable":true,"href":"https:\/\/www.europesays.com\/de\/wp-json\/wp\/v2\/media\/836567"}],"wp:attachment":[{"href":"https:\/\/www.europesays.com\/de\/wp-json\/wp\/v2\/media?parent=836566"}],"wp:term":[{"taxonomy":"category","embeddable":true,"href":"https:\/\/www.europesays.com\/de\/wp-json\/wp\/v2\/categories?post=836566"},{"taxonomy":"post_tag","embeddable":true,"href":"https:\/\/www.europesays.com\/de\/wp-json\/wp\/v2\/tags?post=836566"}],"curies":[{"name":"wp","href":"https:\/\/api.w.org\/{rel}","templated":true}]}}