{"id":836654,"date":"2026-03-02T06:21:10","date_gmt":"2026-03-02T06:21:10","guid":{"rendered":"https:\/\/www.europesays.com\/de\/836654\/"},"modified":"2026-03-02T06:21:10","modified_gmt":"2026-03-02T06:21:10","slug":"tatort-aus-ludwigshafen-sashimi-spezial","status":"publish","type":"post","link":"https:\/\/www.europesays.com\/de\/836654\/","title":{"rendered":"Tatort aus Ludwigshafen: \u201eSashimi Spezial\u201e"},"content":{"rendered":"<p class=\"mb-6 text-xs md:text-m lg:text-l font-serif group-[.font-sans]:font-sans \">\n    Die Krimireihe \u201eTatort\u201c z\u00e4hlt zu den bekanntesten und traditionsreichsten Fernsehformaten im deutschen Fernsehen. Seit 1970 wird sie im Auftrag der ARD produziert und ist fester Bestandteil des Sonntagabendprogramms. Charakteristisch f\u00fcr die Reihe ist ihr regionales Konzept: Verschiedene Rundfunkanstalten verantworten eigene Ermittlerteams und Handlungsorte, sodass die Episoden in unterschiedlichen St\u00e4dten im deutschsprachigen Raum spielen. Jede Folge erz\u00e4hlt einen abgeschlossenen fiktiven Kriminalfall und greift dabei h\u00e4ufig auch gesellschaftliche und aktuelle Themen auf. Auch am Sonntag, dem 1. M\u00e4rz 2026, wurde die Reihe fortgesetzt. Dann stand ein weiterer \u201eTatort\u201c aus Ludwigshafen auf dem Programm, bei dem das dortige Ermittlerteam einen neuen Fall \u00fcbernahm.\n  <\/p>\n<p class=\"mb-6 text-xs md:text-m lg:text-l font-serif group-[.font-sans]:font-sans \">\n    Worum ging es im Tatort am Sonntag? Wie war die Besetzung von \u201eSashimi Spezial\u201c? Und gibt es eine Wiederholung im TV und Stream? Antworten auf diese Fragen und weitere Infos zur Ausgabe vom 1.3.26 finden Sie hier.\n  <\/p>\n<p>            Tatort am 1.3.26: Handlung von \u201eSashimi Spezial\u201c<\/p>\n<p class=\"mb-6 text-xs md:text-m lg:text-l font-serif group-[.font-sans]:font-sans \">\n    Ein Fahrradkurier kommt ums Leben, nachdem er von einem Lieferwagen \u00fcberfahren worden ist \u2013 zun\u00e4chst scheint alles auf einen tragischen Verkehrsunfall im angespannten Stra\u00dfenverkehr hinzudeuten. Doch die Ludwigshafener Ermittlerinnen Lena Odenthal und Johanna Stern zweifeln an dieser Version. Kurz zuvor hatte der Kurier versucht, eine Selbstanzeige zu machen, verlie\u00df das Geb\u00e4ude jedoch ohne Erfolg. Als sich zudem Hinweise auf eine Fahrerflucht ergeben und wichtige Gegenst\u00e4nde des Opfers verschwinden, w\u00e4chst der Verdacht, dass hinter dem Vorfall mehr steckt.\n  <\/p>\n<p class=\"mb-6 text-xs md:text-m lg:text-l font-serif group-[.font-sans]:font-sans \">\n    Die Ermittlungen f\u00fchren zu dem Kurierdienst, bei dem der Tote besch\u00e4ftigt war. W\u00e4hrend die Kolleginnen und Kollegen dort von einem Unfall ausgehen, vermuten Odenthal und Stern ein m\u00f6gliches Motiv im Umfeld der Firma. Um mehr \u00fcber interne Abl\u00e4ufe und m\u00f6gliche Zusammenh\u00e4nge zu erfahren, schleust sich Johanna Stern kurzfristig als Kurierfahrerin ein \u2013 sehr zum Unmut ihrer Kollegin, die den riskanten Einsatz dennoch unterst\u00fctzen. W\u00e4hrend parallel die gesch\u00e4ftlichen Verbindungen des Unternehmens \u00fcberpr\u00fcft werden, gewinnt Stern Einblicke in den harten Arbeitsalltag der Fahrerinnen und Fahrer und st\u00f6\u00dft dabei auf neue Hinweise.\n  <\/p>\n<p>            Tatort Kritik: Lohnte es sich gestern, bei \u201eSashimi Spezial\u201c einzuschalten?<\/p>\n<p class=\"mb-6 text-xs md:text-m lg:text-l font-serif group-[.font-sans]:font-sans \">\n    Laut der <a href=\"https:\/\/www.augsburger-allgemeine.de\/panorama\/tatort-kolumne-bunte-radler-truppe-mit-dunklem-geheimnis-113280102\" target=\"_self\" class=\"underline \" rel=\"nofollow noopener\">Kolumne von Ronald Hinzpeter<\/a> r\u00fcckte der Ludwigshafener \u201eTatort \u2013 Sashimi Spezial\u201c dieses Mal vor allem Kommissarin Johanna Stern in den Mittelpunkt, die nach dem Tod eines Kurierfahrers auf eigene Faust verdeckt ermittelt. Die Folge greife ein zeitgem\u00e4\u00dfes Thema auf, indem sie moderne Drogengesch\u00e4fte \u00fcber Lieferdienste in den Fokus stellt und den Kriminalfall in ein dynamisches Gro\u00dfstadtmilieu verlegt. Positiv hebt Hinzpeter hervor, dass Lisa Bitter deutlich mehr Raum erh\u00e4lt, ihre Figur weiterzuentwickeln, w\u00e4hrend auch die Nebenrollen st\u00e4rker eingebunden werden. Insgesamt beschreibt die Kolumne die Episode als soliden Ludwigshafen-Krimi mit Tempo und Spannung, der glaubw\u00fcrdiger wirke als die vorherige Folge und sich daher f\u00fcr \u201eTatort\u201c-Fans durchaus lohne.\n  <\/p>\n<p>            Besetzung beim Tatort am Sonntag: Schauspieler in \u201eSashimi Spezial\u201c<\/p>\n<p class=\"mb-6 text-xs md:text-m lg:text-l font-serif group-[.font-sans]:font-sans \">\n    Folgend finden Sie eine \u00dcbersicht der Rollen und Schauspieler der Tatort-Folge &#8222;Sashimi Spezial&#8220;:\n  <\/p>\n<ul rel=\"\" class=\"[&amp;&gt;li]:relative list-none  [&amp;&gt;li]:pl-[1.2em] [&amp;&gt;li]:marker:text-[0] [&amp;&gt;li]:relative [&amp;&gt;li]:before:absolute [&amp;&gt;li]:before:w-3 [&amp;&gt;li]:before:h-3 [&amp;&gt;li]:before:bg-brand [&amp;&gt;li]:before:left-0 [&amp;&gt;li]:before:top-[8px] [&amp;&gt;li]:before:rounded-full  my-5\">\n<li class=\" mb-3 text-xs md:text-m lg:text-l\">Ulrike Folkerts als Lena Odenthal<\/li>\n<li class=\" mb-3 text-xs md:text-m lg:text-l\">Lisa Bitter als Johanna Stern<\/li>\n<li class=\" mb-3 text-xs md:text-m lg:text-l\">Camill Jammal als Theo<\/li>\n<li class=\" mb-3 text-xs md:text-m lg:text-l\">Rabea L\u00fcthi als Lissi<\/li>\n<li class=\" mb-3 text-xs md:text-m lg:text-l\">Ali Reza Ahmadi als Kette<\/li>\n<li class=\" mb-3 text-xs md:text-m lg:text-l\">Leonard Kunz als Eddi<\/li>\n<li class=\" mb-3 text-xs md:text-m lg:text-l\">Davina Chanel Fox als Mara Hermann<\/li>\n<li class=\" mb-3 text-xs md:text-m lg:text-l\">Johannes Scheidweiler als Nico Langkamp<\/li>\n<li class=\" mb-3 text-xs md:text-m lg:text-l\">Bernd H\u00f6lscher als Polizeidirektor Breising<\/li>\n<li class=\" mb-3 text-xs md:text-m lg:text-l\">Kailas Mahadevan als Dr. \u00d6zcan<\/li>\n<\/ul>\n<p>            Tatort: Vorschau, Stream und ganze Folgen in der ARD-Mediathek<\/p>\n<p class=\"mb-6 text-xs md:text-m lg:text-l font-serif group-[.font-sans]:font-sans \">\n    Die aktuelle \u201eTatort\u201c-Folge aus Ludwigshafen wurde am 1. M\u00e4rz 2026 um 20.15 Uhr im Ersten ausgestrahlt und war parallel dazu im Live-Stream der ARD verf\u00fcgbar. Neben der TV-\u00dcbertragung konnte \u201eSashimi Spezial\u201c auch online verfolgt werden. In der <a href=\"https:\/\/www.ardmediathek.de\/\" rel=\"nofollow noopener\" target=\"_blank\" class=\"underline \">ARD-Mediathek<\/a> stehen zudem aktuelle sowie bereits ausgestrahlte Episoden der Krimireihe bereit.\n  <\/p>\n<p>            Sendetermine: Das sind die kommenden Tatort-Folgen<\/p>\n<p class=\"mb-6 text-xs md:text-m lg:text-l font-serif group-[.font-sans]:font-sans \">\n    Zum Schluss haben wir eine \u00dcbersicht der kommenden neuen Tatort-Folgen f\u00fcr Sie zusammengestellt:\n  <\/p>\n<ul rel=\"\" class=\"[&amp;&gt;li]:relative list-none  [&amp;&gt;li]:pl-[1.2em] [&amp;&gt;li]:marker:text-[0] [&amp;&gt;li]:relative [&amp;&gt;li]:before:absolute [&amp;&gt;li]:before:w-3 [&amp;&gt;li]:before:h-3 [&amp;&gt;li]:before:bg-brand [&amp;&gt;li]:before:left-0 [&amp;&gt;li]:before:top-[8px] [&amp;&gt;li]:before:rounded-full  my-5\">\n<li class=\" mb-3 text-xs md:text-m lg:text-l\">Sonntag, 22. M\u00e4rz 2026: \u201eFackel\u201c<\/li>\n<li class=\" mb-3 text-xs md:text-m lg:text-l\">Sonntag, 5. April 2026: \u201eUnverg\u00e4nglich (1)\u201c<\/li>\n<li class=\" mb-3 text-xs md:text-m lg:text-l\">Montag, 6. April 2026: \u201eUnverg\u00e4nglich (2)\u201c<\/li>\n<\/ul>\n<ul data-module-id=\"DragDropModule\" class=\"flex flex-wrap justify-start group-[.no-bookmarks]:hidden\">\n<li class=\"mb-3 mr-3\">\n    Sarina Franke<\/p>\n<p>      Icon Haken im Kreis gesetzt<\/p>\n<p>      Icon Plus im Kreis<\/p>\n<\/li>\n<li class=\"mb-3 mr-3\">\n    Tatort<\/p>\n<p>      Icon Haken im Kreis gesetzt<\/p>\n<p>      Icon Plus im Kreis<\/p>\n<\/li>\n<li class=\"mb-3 mr-3\">\n    Ludwigshafen<\/p>\n<p>      Icon Haken im Kreis gesetzt<\/p>\n<p>      Icon Plus im Kreis<\/p>\n<\/li>\n<\/ul>\n","protected":false},"excerpt":{"rendered":"Die Krimireihe \u201eTatort\u201c z\u00e4hlt zu den bekanntesten und traditionsreichsten Fernsehformaten im deutschen Fernsehen. Seit 1970 wird sie im&hellip;\n","protected":false},"author":2,"featured_media":836655,"comment_status":"","ping_status":"","sticky":false,"template":"","format":"standard","meta":{"footnotes":"","_share_on_mastodon":"0"},"categories":[155],"tags":[223,29,214,30,185698,59514,51626,185699,25476,66325,142031,218,684,215],"class_list":["post-836654","post","type-post","status-publish","format-standard","has-post-thumbnail","category-unterhaltung","tag-ard","tag-deutschland","tag-entertainment","tag-germany","tag-johanna-stern","tag-krimireihe","tag-kurierdienst","tag-lisa-bitter","tag-ludwigshafen","tag-odenthal","tag-ronald-hinzpeter","tag-tatort","tag-tv","tag-unterhaltung"],"share_on_mastodon":{"url":"https:\/\/pubeurope.com\/@de\/116158142002473791","error":""},"_links":{"self":[{"href":"https:\/\/www.europesays.com\/de\/wp-json\/wp\/v2\/posts\/836654","targetHints":{"allow":["GET"]}}],"collection":[{"href":"https:\/\/www.europesays.com\/de\/wp-json\/wp\/v2\/posts"}],"about":[{"href":"https:\/\/www.europesays.com\/de\/wp-json\/wp\/v2\/types\/post"}],"author":[{"embeddable":true,"href":"https:\/\/www.europesays.com\/de\/wp-json\/wp\/v2\/users\/2"}],"replies":[{"embeddable":true,"href":"https:\/\/www.europesays.com\/de\/wp-json\/wp\/v2\/comments?post=836654"}],"version-history":[{"count":0,"href":"https:\/\/www.europesays.com\/de\/wp-json\/wp\/v2\/posts\/836654\/revisions"}],"wp:featuredmedia":[{"embeddable":true,"href":"https:\/\/www.europesays.com\/de\/wp-json\/wp\/v2\/media\/836655"}],"wp:attachment":[{"href":"https:\/\/www.europesays.com\/de\/wp-json\/wp\/v2\/media?parent=836654"}],"wp:term":[{"taxonomy":"category","embeddable":true,"href":"https:\/\/www.europesays.com\/de\/wp-json\/wp\/v2\/categories?post=836654"},{"taxonomy":"post_tag","embeddable":true,"href":"https:\/\/www.europesays.com\/de\/wp-json\/wp\/v2\/tags?post=836654"}],"curies":[{"name":"wp","href":"https:\/\/api.w.org\/{rel}","templated":true}]}}