{"id":836747,"date":"2026-03-02T07:17:14","date_gmt":"2026-03-02T07:17:14","guid":{"rendered":"https:\/\/www.europesays.com\/de\/836747\/"},"modified":"2026-03-02T07:17:14","modified_gmt":"2026-03-02T07:17:14","slug":"hier-finden-in-dieser-woche-tempokontrollen-statt-2","status":"publish","type":"post","link":"https:\/\/www.europesays.com\/de\/836747\/","title":{"rendered":"Hier finden in dieser Woche Tempokontrollen statt"},"content":{"rendered":"<p>Blitzer in D\u00fcsseldorf <\/p>\n<p>Hier finden ab Montag Tempokontrollen statt<\/p>\n<p>02.03.2026 &#8211; 07:38 UhrLesedauer: 1 Min.<\/p>\n<p><a href=\"#focus-0\" class=\"transition-colors duration-200 block text-current relative\" data-sctrack=\"FocusGalleryImage.Reference\"><img fetchpriority=\"high\" data-testid=\"Opener.Image\" style=\"--lqipURL:url('https:\/\/images.t-online.de\/2026\/02\/qLk9hN2YO1Ko\/154x693:1662x935\/fit-in\/150x0\/filters:blur(25)\/image.jpg')\"   loading=\"eager\" src=\"https:\/\/www.europesays.com\/de\/wp-content\/uploads\/2026\/03\/1772435834_56_image.jpg\" alt=\"imago images 116878558\" title=\"imago images 116878558\" width=\"1662\" height=\"935\" class=\"bg-[url:var(--lqipURL)] bg-cover bg-center flex h-full w-full max-w-full\" decoding=\"async\"\/><img style=\"--width:32;--height:32\" loading=\"lazy\" src=\"https:\/\/duesseldorf.t-online.de\/s\/paper\/_next\/static\/media\/zoom-in.f7dae02f.svg\" alt=\"Vergr\u00f6\u00dfern des Bildes\" title=\"Vergr\u00f6\u00dfern des Bildes\" class=\"block h-[calc(var(--height)_\/_16_*_1rem)] w-[calc(var(--width)_\/_16_*_1rem)] max-w-none absolute bottom-8 right-8 rounded-4 bg-snow p-8\" decoding=\"async\"\/><\/a><\/p>\n<p>Ein mobiler Blitzer in D\u00fcsseldorf (Symbolbild): Die Stadt D\u00fcsseldorf k\u00fcndigt regelm\u00e4\u00dfig an, wo Verkehrskontrollen stattfinden. (Quelle: mistegst mediaservice via www.imago-images.de)<\/p>\n<p class=\"font-bold text-18 leading-17 user-text-lg:text-22 user-text-xl:text-24\">Das Ordnungsamt k\u00fcndigt f\u00fcr die kommende Woche zahlreiche Tempokontrollen in D\u00fcsseldorf an. Die \u00dcbersicht.<\/p>\n<p class=\"text-18 leading-17 user-text-lg:text-22 user-text-xl:text-24\">Auch in der kommenden Woche (ab 2. M\u00e4rz) wird wieder aktiv in D\u00fcsseldorf geblitzt. Autofahrer sollten darauf achten, die vorgeschriebenen Tempolimits einzuhalten, um b\u00f6se \u00dcberraschungen zu vermeiden.<\/p>\n<p class=\"text-18 leading-17 user-text-lg:text-22 user-text-xl:text-24\">Das Ordnungsamt k\u00fcndigt an, an verschiedenen Stellen im Stadtgebiet Kontrollen durchzuf\u00fchren. W\u00e4hrend einige Messstellen \u00f6ffentlich gemacht werden, kann es auch zu unangek\u00fcndigten Tempokontrollen kommen.<\/p>\n<p class=\"text-18 leading-17 user-text-lg:text-22 user-text-xl:text-24\">Hier gibt es in dieser Woche Geschwindigkeitskontrollen:<\/p>\n","protected":false},"excerpt":{"rendered":"Blitzer in D\u00fcsseldorf Hier finden ab Montag Tempokontrollen statt 02.03.2026 &#8211; 07:38 UhrLesedauer: 1 Min. Ein mobiler Blitzer&hellip;\n","protected":false},"author":2,"featured_media":836748,"comment_status":"","ping_status":"","sticky":false,"template":"","format":"standard","meta":{"footnotes":"","_share_on_mastodon":"0"},"categories":[1831],"tags":[6027,7071,36329,3364,29,3405,30,3565,3467,1209,176,8179,8183],"class_list":["post-836747","post","type-post","status-publish","format-standard","has-post-thumbnail","category-duesseldorf","tag-ordnungsamt","tag-blitzeranlage","tag-blitzerfalle","tag-de","tag-deutschland","tag-duesseldorf","tag-germany","tag-geschwindigkeitskontrolle","tag-landeshauptstadt","tag-nordrhein-westfalen","tag-nrw","tag-tempokontrolle","tag-verkehrskontrolle"],"share_on_mastodon":{"url":"https:\/\/pubeurope.com\/@de\/116158362287713889","error":""},"_links":{"self":[{"href":"https:\/\/www.europesays.com\/de\/wp-json\/wp\/v2\/posts\/836747","targetHints":{"allow":["GET"]}}],"collection":[{"href":"https:\/\/www.europesays.com\/de\/wp-json\/wp\/v2\/posts"}],"about":[{"href":"https:\/\/www.europesays.com\/de\/wp-json\/wp\/v2\/types\/post"}],"author":[{"embeddable":true,"href":"https:\/\/www.europesays.com\/de\/wp-json\/wp\/v2\/users\/2"}],"replies":[{"embeddable":true,"href":"https:\/\/www.europesays.com\/de\/wp-json\/wp\/v2\/comments?post=836747"}],"version-history":[{"count":0,"href":"https:\/\/www.europesays.com\/de\/wp-json\/wp\/v2\/posts\/836747\/revisions"}],"wp:featuredmedia":[{"embeddable":true,"href":"https:\/\/www.europesays.com\/de\/wp-json\/wp\/v2\/media\/836748"}],"wp:attachment":[{"href":"https:\/\/www.europesays.com\/de\/wp-json\/wp\/v2\/media?parent=836747"}],"wp:term":[{"taxonomy":"category","embeddable":true,"href":"https:\/\/www.europesays.com\/de\/wp-json\/wp\/v2\/categories?post=836747"},{"taxonomy":"post_tag","embeddable":true,"href":"https:\/\/www.europesays.com\/de\/wp-json\/wp\/v2\/tags?post=836747"}],"curies":[{"name":"wp","href":"https:\/\/api.w.org\/{rel}","templated":true}]}}